{"id":1506,"date":"2014-11-05T00:40:47","date_gmt":"2014-11-05T06:40:47","guid":{"rendered":"http:\/\/proyectum.wordpress.com\/?p=1506"},"modified":"2014-11-05T00:40:47","modified_gmt":"2014-11-05T06:40:47","slug":"mas-que-un-espacio-de-trabajo-un-lugar-inspirador","status":"publish","type":"post","link":"https:\/\/proyectum.com\/sistema\/blog\/mas-que-un-espacio-de-trabajo-un-lugar-inspirador\/","title":{"rendered":"M\u00e1s que un espacio de trabajo, un lugar inspirador"},"content":{"rendered":"<p>Un <strong>espacio de trabajo<\/strong> de hace veinte a\u00f1os ha cambiado radicalmente a lo que conocemos hoy en d\u00eda. Han sido precisamente los \u00faltimos cinco a\u00f1os los que le han dado una transformaci\u00f3n vertiginosa a nuestros espacios, muy de la mano de la <a href=\"http:\/\/proyectum.wordpress.com\/2013\/02\/02\/la-relacion-tecnologia-comunicacion\/\" title=\"La relaci\u00f3n tecnolog\u00eda-comunicaci\u00f3n\" target=\"_blank\" rel=\"noopener noreferrer\">evoluci\u00f3n tecnol\u00f3gica<\/a>.<\/p>\n<p>Antes de la llegada de las <strong>computadoras<\/strong>, el uso de <strong>Internet<\/strong> y el <strong>correo electr\u00f3nico<\/strong>, los <strong>espacios de trabajo<\/strong> se ve\u00edan acompa\u00f1ados de <strong>m\u00e1quinas de escribir<\/strong>, <strong>m\u00e1quinas de fax<\/strong> y <strong>archiveros<\/strong> llenos de una cantidad infinita de papeles. El <strong>impacto de la tecnolog\u00eda en los negocios<\/strong>, como en muchos aspectos de la vida, ha sido radical y evolutivo.<\/p>\n<p><a href=\"https:\/\/proyectum.files.wordpress.com\/2014\/11\/proyectum-180.jpg\"><img loading=\"lazy\" decoding=\"async\" src=\"https:\/\/proyectum.files.wordpress.com\/2014\/11\/proyectum-180.jpg\" alt=\"Espacios de trabajo creativos\" width=\"500\" height=\"334\" class=\"aligncenter size-full wp-image-1513\" \/><\/a><\/p>\n<p>Atr\u00e1s han quedado los pasillos de las oficinas con cub\u00edculos de paredes elevadas donde cada individuo ten\u00eda su privacidad. Los negocios actuales exigen una forma de trabajo <strong>m\u00e1s colaborativa<\/strong> y menos individualista. El reto de las empresas es lograr que sus colaboradores trabajen en equipo, desarrollen su creatividad y que sean propositivos, por lo que los <strong>espacios de trabajo<\/strong> adquieren un significado importante.<\/p>\n<p>Nuestro <strong>espacio de trabajo<\/strong> es un lugar donde muchos, nos la pasamos m\u00e1s de 8 horas al d\u00eda, muy probablemente viendo siempre lo mismo a nuestro alrededor. \u00bf<strong>C\u00f3mo puede surgir la creatividad en un lugar as\u00ed<\/strong>? <\/p>\n<p>Grandes compa\u00f1\u00edas alrededor del mundo han comenzado desde hace m\u00e1s de una d\u00e9cada a redise\u00f1ar los lugares de trabajo, optando por <strong>espacios abiertos<\/strong>, muchas veces, estos lugares no est\u00e1n asignados por lo que se tiene la opci\u00f3n de no estar siempre en el mismo lugar. Es com\u00fan ver en empresas de tecnolog\u00eda en Estados Unidos o Canada, tapetes en el suelo donde las personas se sientan a trabajar, o aprovechan la cafeter\u00eda para llevar su computadora junto a un recipiente lleno de frutas, tambi\u00e9n hay <strong>espacios al aire libre<\/strong> donde en una banca y una sombrilla en el jard\u00edn pueden ser una excelente opci\u00f3n para desarrollar la creatividad.<\/p>\n<p>En <strong>Am\u00e9rica Latina<\/strong> algunas de estas iniciativas apenas han comenzado a llegar. Y es que es de gran importancia tomar en cuenta la forma en que la tecnolog\u00eda nos est\u00e1 haciendo trabajar. Existen muchas tareas donde no es necesario tener a los colaboradores sentados frente a su computadora en un espacio f\u00edsico de la empresa, a lo mucho, sentarse a una reuni\u00f3n para mostrar avances frente a todos los interesados una vez por semana, es suficiente.<\/p>\n<p>No tener a todos los empleados trabajando en la oficina puede ayudar a <strong>reducir costos<\/strong> y <strong>aumentar espacios<\/strong>. Ahora lo importante es lograr que estos espacios, para aquellas personas que sea necesario tenerlas trabajando en la oficina, sean lugares inspiradores, para lo cual no es necesaria una inversi\u00f3n de locura. Unos colores m\u00e1s frescos en las paredes de la oficina, unos tapetes para sentarse a nivel del piso y un muro en el que se puedan escribir nuevas ideas o incluso bromas puede ayudar.<\/p>\n<p>No queremos decir que todo sea f\u00e1cil, es muy probable que las <strong>diferencias generacionales<\/strong> entre nuestros colaboradores pueda resultar un factor que se debe atender. Mientras los j\u00f3venes disfrutar\u00e1n de estos espacios que ofrecen de entrada m\u00e1s autonom\u00eda, las generaciones m\u00e1s adultas es posible que ya est\u00e9n acostumbradas a la rutina y a las costumbres.<\/p>\n<p>Seguir trabajando como se hac\u00eda hace 20 o 30 a\u00f1os <strong>no es inspirador para nadie<\/strong>, las empresas deben lograr que sus <strong>espacios de trabajo<\/strong> sean puntos de reuni\u00f3n donde <strong>surjan las nuevas ideas<\/strong> y la interacci\u00f3n de sus empleados. <\/p>\n<p>Cada vez <strong>el trabajo ser\u00e1 mucho <a href=\"http:\/\/proyectum.wordpress.com\/2014\/04\/15\/5-recomendaciones-para-trabajar-fuera-de-la-oficina\/\" title=\"5 recomendaciones para trabajar fuera de la oficina\" target=\"_blank\" rel=\"noopener noreferrer\">m\u00e1s virtual<\/a><\/strong> pero dif\u00edcilmente los espacios f\u00edsicos desaparecer\u00e1n.<\/p>\n<p>Sobre el autor: <a href=\"http:\/\/about.me\/omargarcia\" TARGET=\"_blank\" rel=\"noopener noreferrer\">Omar Garc\u00eda<\/a><\/p>\n","protected":false},"excerpt":{"rendered":"<p>Un espacio de trabajo de hace veinte a\u00f1os ha cambiado radicalmente a lo que conocemos hoy en d\u00eda. Han sido precisamente los \u00faltimos cinco a\u00f1os los que le han dado una transformaci\u00f3n vertiginosa a nuestros espacios, muy de la mano de la evoluci\u00f3n tecnol\u00f3gica. Antes de la llegada de las computadoras, el uso de Internet [&hellip;]<\/p>\n","protected":false},"author":46,"featured_media":8258,"comment_status":"open","ping_status":"open","sticky":false,"template":"","format":"standard","meta":{"_acf_changed":false,"content-type":"","footnotes":""},"categories":[82,61],"tags":[469],"class_list":["post-1506","post","type-post","status-publish","format-standard","has-post-thumbnail","hentry","category-innovacion","category-recursos-humanos","tag-trabajar-a-distancia"],"acf":[],"featured_image_src":{"landsacpe":false,"list":false,"medium":false,"full":false},"yoast_head":"<!-- This site is optimized with the Yoast SEO plugin v27.4 - https:\/\/yoast.com\/product\/yoast-seo-wordpress\/ -->\n<title>M\u00e1s que un espacio de trabajo, un lugar inspirador - Proyectum<\/title>\n<meta name=\"description\" content=\"Un espacio de trabajo de hace veinte a\u00f1os ha cambiado radicalmente a lo que conocemos hoy en d\u00eda. Han sido precisamente los \u00faltimos cinco a\u00f1os los que le\" \/>\n<meta name=\"robots\" content=\"index, follow, max-snippet:-1, max-image-preview:large, max-video-preview:-1\" \/>\n<link rel=\"canonical\" href=\"https:\/\/proyectum.com\/sistema\/blog\/mas-que-un-espacio-de-trabajo-un-lugar-inspirador\/\" \/>\n<meta property=\"og:locale\" content=\"es_ES\" \/>\n<meta property=\"og:type\" content=\"article\" \/>\n<meta property=\"og:title\" content=\"M\u00e1s que un espacio de trabajo, un lugar inspirador - Proyectum\" \/>\n<meta property=\"og:description\" content=\"Un espacio de trabajo de hace veinte a\u00f1os ha cambiado radicalmente a lo que conocemos hoy en d\u00eda. Han sido precisamente los \u00faltimos cinco a\u00f1os los que le\" \/>\n<meta property=\"og:url\" content=\"https:\/\/proyectum.com\/sistema\/blog\/mas-que-un-espacio-de-trabajo-un-lugar-inspirador\/\" \/>\n<meta property=\"og:site_name\" content=\"Proyectum\" \/>\n<meta property=\"article:publisher\" content=\"https:\/\/www.facebook.com\/proyectum\/\" \/>\n<meta property=\"article:published_time\" content=\"2014-11-05T06:40:47+00:00\" \/>\n<meta name=\"author\" content=\"Omar Garc\u00eda\" \/>\n<meta name=\"twitter:card\" content=\"summary_large_image\" \/>\n<meta name=\"twitter:creator\" content=\"@omarzgarcia\" \/>\n<meta name=\"twitter:label1\" content=\"Escrito por\" \/>\n\t<meta name=\"twitter:data1\" content=\"Omar Garc\u00eda\" \/>\n\t<meta name=\"twitter:label2\" content=\"Tiempo de lectura\" \/>\n\t<meta name=\"twitter:data2\" content=\"3 minutos\" \/>\n<script type=\"application\/ld+json\" class=\"yoast-schema-graph\">{\"@context\":\"https:\\\/\\\/schema.org\",\"@graph\":[{\"@type\":\"Article\",\"@id\":\"https:\\\/\\\/proyectum.com\\\/sistema\\\/blog\\\/mas-que-un-espacio-de-trabajo-un-lugar-inspirador\\\/#article\",\"isPartOf\":{\"@id\":\"https:\\\/\\\/proyectum.com\\\/sistema\\\/blog\\\/mas-que-un-espacio-de-trabajo-un-lugar-inspirador\\\/\"},\"author\":{\"name\":\"Omar Garc\u00eda\",\"@id\":\"https:\\\/\\\/proyectum.com\\\/sistema\\\/#\\\/schema\\\/person\\\/2c2f3285c31a3a005b11add8832ae8f7\"},\"headline\":\"M\u00e1s que un espacio de trabajo, un lugar inspirador\",\"datePublished\":\"2014-11-05T06:40:47+00:00\",\"mainEntityOfPage\":{\"@id\":\"https:\\\/\\\/proyectum.com\\\/sistema\\\/blog\\\/mas-que-un-espacio-de-trabajo-un-lugar-inspirador\\\/\"},\"wordCount\":642,\"commentCount\":0,\"publisher\":{\"@id\":\"https:\\\/\\\/proyectum.com\\\/sistema\\\/#organization\"},\"image\":{\"@id\":\"https:\\\/\\\/proyectum.com\\\/sistema\\\/blog\\\/mas-que-un-espacio-de-trabajo-un-lugar-inspirador\\\/#primaryimage\"},\"thumbnailUrl\":\"\",\"keywords\":[\"trabajar a distancia\"],\"articleSection\":[\"Innovaci\u00f3n\",\"Recursos Humanos\"],\"inLanguage\":\"es\",\"potentialAction\":[{\"@type\":\"CommentAction\",\"name\":\"Comment\",\"target\":[\"https:\\\/\\\/proyectum.com\\\/sistema\\\/blog\\\/mas-que-un-espacio-de-trabajo-un-lugar-inspirador\\\/#respond\"]}]},{\"@type\":\"WebPage\",\"@id\":\"https:\\\/\\\/proyectum.com\\\/sistema\\\/blog\\\/mas-que-un-espacio-de-trabajo-un-lugar-inspirador\\\/\",\"url\":\"https:\\\/\\\/proyectum.com\\\/sistema\\\/blog\\\/mas-que-un-espacio-de-trabajo-un-lugar-inspirador\\\/\",\"name\":\"M\u00e1s que un espacio de trabajo, un lugar inspirador - Proyectum\",\"isPartOf\":{\"@id\":\"https:\\\/\\\/proyectum.com\\\/sistema\\\/#website\"},\"primaryImageOfPage\":{\"@id\":\"https:\\\/\\\/proyectum.com\\\/sistema\\\/blog\\\/mas-que-un-espacio-de-trabajo-un-lugar-inspirador\\\/#primaryimage\"},\"image\":{\"@id\":\"https:\\\/\\\/proyectum.com\\\/sistema\\\/blog\\\/mas-que-un-espacio-de-trabajo-un-lugar-inspirador\\\/#primaryimage\"},\"thumbnailUrl\":\"\",\"datePublished\":\"2014-11-05T06:40:47+00:00\",\"description\":\"Un espacio de trabajo de hace veinte a\u00f1os ha cambiado radicalmente a lo que conocemos hoy en d\u00eda. Han sido precisamente los \u00faltimos cinco a\u00f1os los que le\",\"breadcrumb\":{\"@id\":\"https:\\\/\\\/proyectum.com\\\/sistema\\\/blog\\\/mas-que-un-espacio-de-trabajo-un-lugar-inspirador\\\/#breadcrumb\"},\"inLanguage\":\"es\",\"potentialAction\":[{\"@type\":\"ReadAction\",\"target\":[\"https:\\\/\\\/proyectum.com\\\/sistema\\\/blog\\\/mas-que-un-espacio-de-trabajo-un-lugar-inspirador\\\/\"]}]},{\"@type\":\"ImageObject\",\"inLanguage\":\"es\",\"@id\":\"https:\\\/\\\/proyectum.com\\\/sistema\\\/blog\\\/mas-que-un-espacio-de-trabajo-un-lugar-inspirador\\\/#primaryimage\",\"url\":\"\",\"contentUrl\":\"\"},{\"@type\":\"BreadcrumbList\",\"@id\":\"https:\\\/\\\/proyectum.com\\\/sistema\\\/blog\\\/mas-que-un-espacio-de-trabajo-un-lugar-inspirador\\\/#breadcrumb\",\"itemListElement\":[{\"@type\":\"ListItem\",\"position\":1,\"name\":\"Home\",\"item\":\"https:\\\/\\\/proyectum.com\\\/sistema\\\/\"},{\"@type\":\"ListItem\",\"position\":2,\"name\":\"M\u00e1s que un espacio de trabajo, un lugar inspirador\"}]},{\"@type\":\"WebSite\",\"@id\":\"https:\\\/\\\/proyectum.com\\\/sistema\\\/#website\",\"url\":\"https:\\\/\\\/proyectum.com\\\/sistema\\\/\",\"name\":\"Proyectum\",\"description\":\"Direcci\u00f3n de Proyectos y M\u00e9todos \u00c1giles\",\"publisher\":{\"@id\":\"https:\\\/\\\/proyectum.com\\\/sistema\\\/#organization\"},\"potentialAction\":[{\"@type\":\"SearchAction\",\"target\":{\"@type\":\"EntryPoint\",\"urlTemplate\":\"https:\\\/\\\/proyectum.com\\\/sistema\\\/?s={search_term_string}\"},\"query-input\":{\"@type\":\"PropertyValueSpecification\",\"valueRequired\":true,\"valueName\":\"search_term_string\"}}],\"inLanguage\":\"es\"},{\"@type\":\"Organization\",\"@id\":\"https:\\\/\\\/proyectum.com\\\/sistema\\\/#organization\",\"name\":\"Proyectum\",\"url\":\"https:\\\/\\\/proyectum.com\\\/sistema\\\/\",\"logo\":{\"@type\":\"ImageObject\",\"inLanguage\":\"es\",\"@id\":\"https:\\\/\\\/proyectum.com\\\/sistema\\\/#\\\/schema\\\/logo\\\/image\\\/\",\"url\":\"https:\\\/\\\/www.proyectum.com\\\/sistema\\\/wp-content\\\/uploads\\\/2020\\\/04\\\/proyectum-logo-snippet.png\",\"contentUrl\":\"https:\\\/\\\/www.proyectum.com\\\/sistema\\\/wp-content\\\/uploads\\\/2020\\\/04\\\/proyectum-logo-snippet.png\",\"width\":600,\"height\":315,\"caption\":\"Proyectum\"},\"image\":{\"@id\":\"https:\\\/\\\/proyectum.com\\\/sistema\\\/#\\\/schema\\\/logo\\\/image\\\/\"},\"sameAs\":[\"https:\\\/\\\/www.facebook.com\\\/proyectum\\\/\",\"https:\\\/\\\/www.linkedin.com\\\/company\\\/sistemaproyectum\\\/\",\"https:\\\/\\\/www.youtube.com\\\/channel\\\/UCljouWimyhK_cNcC2jniUgw\"]},{\"@type\":\"Person\",\"@id\":\"https:\\\/\\\/proyectum.com\\\/sistema\\\/#\\\/schema\\\/person\\\/2c2f3285c31a3a005b11add8832ae8f7\",\"name\":\"Omar Garc\u00eda\",\"image\":{\"@type\":\"ImageObject\",\"inLanguage\":\"es\",\"@id\":\"https:\\\/\\\/secure.gravatar.com\\\/avatar\\\/6287ae96abd3e19dcc272b2c1ff8c5c0a0fcf3149e67894ce1b778f4232770a9?s=96&d=mm&r=g\",\"url\":\"https:\\\/\\\/secure.gravatar.com\\\/avatar\\\/6287ae96abd3e19dcc272b2c1ff8c5c0a0fcf3149e67894ce1b778f4232770a9?s=96&d=mm&r=g\",\"contentUrl\":\"https:\\\/\\\/secure.gravatar.com\\\/avatar\\\/6287ae96abd3e19dcc272b2c1ff8c5c0a0fcf3149e67894ce1b778f4232770a9?s=96&d=mm&r=g\",\"caption\":\"Omar Garc\u00eda\"},\"description\":\"Creador de contenidos en Proyectum. Para seguir la conversaci\u00f3n puedes escribirme en: @omarzgarcia\",\"sameAs\":[\"https:\\\/\\\/x.com\\\/@omarzgarcia\"],\"url\":\"https:\\\/\\\/proyectum.com\\\/sistema\\\/author\\\/omarzgarcia\\\/\"}]}<\/script>\n<!-- \/ Yoast SEO plugin. -->","yoast_head_json":{"title":"M\u00e1s que un espacio de trabajo, un lugar inspirador - Proyectum","description":"Un espacio de trabajo de hace veinte a\u00f1os ha cambiado radicalmente a lo que conocemos hoy en d\u00eda. Han sido precisamente los \u00faltimos cinco a\u00f1os los que le","robots":{"index":"index","follow":"follow","max-snippet":"max-snippet:-1","max-image-preview":"max-image-preview:large","max-video-preview":"max-video-preview:-1"},"canonical":"https:\/\/proyectum.com\/sistema\/blog\/mas-que-un-espacio-de-trabajo-un-lugar-inspirador\/","og_locale":"es_ES","og_type":"article","og_title":"M\u00e1s que un espacio de trabajo, un lugar inspirador - Proyectum","og_description":"Un espacio de trabajo de hace veinte a\u00f1os ha cambiado radicalmente a lo que conocemos hoy en d\u00eda. Han sido precisamente los \u00faltimos cinco a\u00f1os los que le","og_url":"https:\/\/proyectum.com\/sistema\/blog\/mas-que-un-espacio-de-trabajo-un-lugar-inspirador\/","og_site_name":"Proyectum","article_publisher":"https:\/\/www.facebook.com\/proyectum\/","article_published_time":"2014-11-05T06:40:47+00:00","author":"Omar Garc\u00eda","twitter_card":"summary_large_image","twitter_creator":"@omarzgarcia","twitter_misc":{"Escrito por":"Omar Garc\u00eda","Tiempo de lectura":"3 minutos"},"schema":{"@context":"https:\/\/schema.org","@graph":[{"@type":"Article","@id":"https:\/\/proyectum.com\/sistema\/blog\/mas-que-un-espacio-de-trabajo-un-lugar-inspirador\/#article","isPartOf":{"@id":"https:\/\/proyectum.com\/sistema\/blog\/mas-que-un-espacio-de-trabajo-un-lugar-inspirador\/"},"author":{"name":"Omar Garc\u00eda","@id":"https:\/\/proyectum.com\/sistema\/#\/schema\/person\/2c2f3285c31a3a005b11add8832ae8f7"},"headline":"M\u00e1s que un espacio de trabajo, un lugar inspirador","datePublished":"2014-11-05T06:40:47+00:00","mainEntityOfPage":{"@id":"https:\/\/proyectum.com\/sistema\/blog\/mas-que-un-espacio-de-trabajo-un-lugar-inspirador\/"},"wordCount":642,"commentCount":0,"publisher":{"@id":"https:\/\/proyectum.com\/sistema\/#organization"},"image":{"@id":"https:\/\/proyectum.com\/sistema\/blog\/mas-que-un-espacio-de-trabajo-un-lugar-inspirador\/#primaryimage"},"thumbnailUrl":"","keywords":["trabajar a distancia"],"articleSection":["Innovaci\u00f3n","Recursos Humanos"],"inLanguage":"es","potentialAction":[{"@type":"CommentAction","name":"Comment","target":["https:\/\/proyectum.com\/sistema\/blog\/mas-que-un-espacio-de-trabajo-un-lugar-inspirador\/#respond"]}]},{"@type":"WebPage","@id":"https:\/\/proyectum.com\/sistema\/blog\/mas-que-un-espacio-de-trabajo-un-lugar-inspirador\/","url":"https:\/\/proyectum.com\/sistema\/blog\/mas-que-un-espacio-de-trabajo-un-lugar-inspirador\/","name":"M\u00e1s que un espacio de trabajo, un lugar inspirador - Proyectum","isPartOf":{"@id":"https:\/\/proyectum.com\/sistema\/#website"},"primaryImageOfPage":{"@id":"https:\/\/proyectum.com\/sistema\/blog\/mas-que-un-espacio-de-trabajo-un-lugar-inspirador\/#primaryimage"},"image":{"@id":"https:\/\/proyectum.com\/sistema\/blog\/mas-que-un-espacio-de-trabajo-un-lugar-inspirador\/#primaryimage"},"thumbnailUrl":"","datePublished":"2014-11-05T06:40:47+00:00","description":"Un espacio de trabajo de hace veinte a\u00f1os ha cambiado radicalmente a lo que conocemos hoy en d\u00eda. Han sido precisamente los \u00faltimos cinco a\u00f1os los que le","breadcrumb":{"@id":"https:\/\/proyectum.com\/sistema\/blog\/mas-que-un-espacio-de-trabajo-un-lugar-inspirador\/#breadcrumb"},"inLanguage":"es","potentialAction":[{"@type":"ReadAction","target":["https:\/\/proyectum.com\/sistema\/blog\/mas-que-un-espacio-de-trabajo-un-lugar-inspirador\/"]}]},{"@type":"ImageObject","inLanguage":"es","@id":"https:\/\/proyectum.com\/sistema\/blog\/mas-que-un-espacio-de-trabajo-un-lugar-inspirador\/#primaryimage","url":"","contentUrl":""},{"@type":"BreadcrumbList","@id":"https:\/\/proyectum.com\/sistema\/blog\/mas-que-un-espacio-de-trabajo-un-lugar-inspirador\/#breadcrumb","itemListElement":[{"@type":"ListItem","position":1,"name":"Home","item":"https:\/\/proyectum.com\/sistema\/"},{"@type":"ListItem","position":2,"name":"M\u00e1s que un espacio de trabajo, un lugar inspirador"}]},{"@type":"WebSite","@id":"https:\/\/proyectum.com\/sistema\/#website","url":"https:\/\/proyectum.com\/sistema\/","name":"Proyectum","description":"Direcci\u00f3n de Proyectos y M\u00e9todos \u00c1giles","publisher":{"@id":"https:\/\/proyectum.com\/sistema\/#organization"},"potentialAction":[{"@type":"SearchAction","target":{"@type":"EntryPoint","urlTemplate":"https:\/\/proyectum.com\/sistema\/?s={search_term_string}"},"query-input":{"@type":"PropertyValueSpecification","valueRequired":true,"valueName":"search_term_string"}}],"inLanguage":"es"},{"@type":"Organization","@id":"https:\/\/proyectum.com\/sistema\/#organization","name":"Proyectum","url":"https:\/\/proyectum.com\/sistema\/","logo":{"@type":"ImageObject","inLanguage":"es","@id":"https:\/\/proyectum.com\/sistema\/#\/schema\/logo\/image\/","url":"https:\/\/www.proyectum.com\/sistema\/wp-content\/uploads\/2020\/04\/proyectum-logo-snippet.png","contentUrl":"https:\/\/www.proyectum.com\/sistema\/wp-content\/uploads\/2020\/04\/proyectum-logo-snippet.png","width":600,"height":315,"caption":"Proyectum"},"image":{"@id":"https:\/\/proyectum.com\/sistema\/#\/schema\/logo\/image\/"},"sameAs":["https:\/\/www.facebook.com\/proyectum\/","https:\/\/www.linkedin.com\/company\/sistemaproyectum\/","https:\/\/www.youtube.com\/channel\/UCljouWimyhK_cNcC2jniUgw"]},{"@type":"Person","@id":"https:\/\/proyectum.com\/sistema\/#\/schema\/person\/2c2f3285c31a3a005b11add8832ae8f7","name":"Omar Garc\u00eda","image":{"@type":"ImageObject","inLanguage":"es","@id":"https:\/\/secure.gravatar.com\/avatar\/6287ae96abd3e19dcc272b2c1ff8c5c0a0fcf3149e67894ce1b778f4232770a9?s=96&d=mm&r=g","url":"https:\/\/secure.gravatar.com\/avatar\/6287ae96abd3e19dcc272b2c1ff8c5c0a0fcf3149e67894ce1b778f4232770a9?s=96&d=mm&r=g","contentUrl":"https:\/\/secure.gravatar.com\/avatar\/6287ae96abd3e19dcc272b2c1ff8c5c0a0fcf3149e67894ce1b778f4232770a9?s=96&d=mm&r=g","caption":"Omar Garc\u00eda"},"description":"Creador de contenidos en Proyectum. Para seguir la conversaci\u00f3n puedes escribirme en: @omarzgarcia","sameAs":["https:\/\/x.com\/@omarzgarcia"],"url":"https:\/\/proyectum.com\/sistema\/author\/omarzgarcia\/"}]}},"_links":{"self":[{"href":"https:\/\/proyectum.com\/sistema\/wp-json\/wp\/v2\/posts\/1506","targetHints":{"allow":["GET"]}}],"collection":[{"href":"https:\/\/proyectum.com\/sistema\/wp-json\/wp\/v2\/posts"}],"about":[{"href":"https:\/\/proyectum.com\/sistema\/wp-json\/wp\/v2\/types\/post"}],"author":[{"embeddable":true,"href":"https:\/\/proyectum.com\/sistema\/wp-json\/wp\/v2\/users\/46"}],"replies":[{"embeddable":true,"href":"https:\/\/proyectum.com\/sistema\/wp-json\/wp\/v2\/comments?post=1506"}],"version-history":[{"count":0,"href":"https:\/\/proyectum.com\/sistema\/wp-json\/wp\/v2\/posts\/1506\/revisions"}],"wp:featuredmedia":[{"embeddable":true,"href":"https:\/\/proyectum.com\/sistema\/wp-json\/"}],"wp:attachment":[{"href":"https:\/\/proyectum.com\/sistema\/wp-json\/wp\/v2\/media?parent=1506"}],"wp:term":[{"taxonomy":"category","embeddable":true,"href":"https:\/\/proyectum.com\/sistema\/wp-json\/wp\/v2\/categories?post=1506"},{"taxonomy":"post_tag","embeddable":true,"href":"https:\/\/proyectum.com\/sistema\/wp-json\/wp\/v2\/tags?post=1506"}],"curies":[{"name":"wp","href":"https:\/\/api.w.org\/{rel}","templated":true}]}}