{"id":1894,"date":"2015-09-09T00:55:47","date_gmt":"2015-09-09T05:55:47","guid":{"rendered":"https:\/\/proyectum.wordpress.com\/?p=1894"},"modified":"2020-02-05T14:03:15","modified_gmt":"2020-02-05T17:03:15","slug":"gestion-de-las-comunicaciones-del-proyecto","status":"publish","type":"post","link":"https:\/\/proyectum.com\/sistema\/blog\/gestion-de-las-comunicaciones-del-proyecto\/","title":{"rendered":"Gesti\u00f3n de las Comunicaciones del Proyecto"},"content":{"rendered":"<p>[et_pb_section admin_label=\u00bbSection\u00bb fullwidth=\u00bbon\u00bb specialty=\u00bboff\u00bb background_image=\u00bbhttp:\/\/www.proyectum.lat\/wp-content\/uploads\/2015\/06\/juwhtfedy9.jpg\u00bb transparent_background=\u00bboff\u00bb allow_player_pause=\u00bboff\u00bb inner_shadow=\u00bboff\u00bb parallax=\u00bboff\u00bb parallax_method=\u00bboff\u00bb padding_mobile=\u00bboff\u00bb make_fullwidth=\u00bboff\u00bb use_custom_width=\u00bboff\u00bb width_unit=\u00bbon\u00bb make_equal=\u00bboff\u00bb use_custom_gutter=\u00bboff\u00bb global_module=\u00bb1947&#8243;][et_pb_fullwidth_post_title global_parent=\u00bb1947&#8243; admin_label=\u00bbFullwidth Post Title\u00bb title=\u00bbon\u00bb meta=\u00bbon\u00bb author=\u00bbon\u00bb date=\u00bbon\u00bb categories=\u00bbon\u00bb comments=\u00bbon\u00bb featured_image=\u00bbon\u00bb featured_placement=\u00bbabove\u00bb parallax_effect=\u00bbon\u00bb parallax_method=\u00bbon\u00bb text_orientation=\u00bbcenter\u00bb text_color=\u00bblight\u00bb text_background=\u00bbon\u00bb text_bg_color=\u00bb#0066bf\u00bb module_bg_color=\u00bbrgba(255,255,255,0)\u00bb title_all_caps=\u00bboff\u00bb use_border_color=\u00bboff\u00bb border_color=\u00bb#ffffff\u00bb border_style=\u00bbsolid\u00bb]<\/p>\n<p>[\/et_pb_fullwidth_post_title][\/et_pb_section][et_pb_section admin_label=\u00bbsection\u00bb][et_pb_row admin_label=\u00bbrow\u00bb][et_pb_column type=\u00bb4_4&#8243;][et_pb_text admin_label=\u00bbText\u00bb]<\/p>\n<p>Las <strong>nuevas tecnolog\u00edas<\/strong> han multiplicado los medios a trav\u00e9s de los cuales nos podemos comunicar. Sin embargo, es com\u00fan seguir viendo en los proyectos, la poca importancia que se le da a la <strong>Gesti\u00f3n de Comunicaciones<\/strong>. Nos seguimos aburriendo en <a href=\"https:\/\/proyectum.wordpress.com\/2013\/06\/25\/juntas-de-trabajo-menos-verbo-y-mas-acuerdos\/\" target=\"_blank\" rel=\"noopener noreferrer\">juntas de trabajo marat\u00f3nicas<\/a> que lo \u00fanico que generan es un desgaste de energ\u00eda para los involucrados. Seguimos leyendo largas <strong>cadenas de correos<\/strong> entre personas que est\u00e1n a escasos metros de distancia, en lugar de tomarse 5 minutos para ponerse de pie y arreglar el tema de forma puntual. En fin, muchos proyectos siguen sin aprovechar la tecnolog\u00eda en <strong>beneficio de una mejor comunicaci\u00f3n<\/strong>.<\/p>\n<p><a href=\"http:\/\/www.proyectum.lat\/wp-content\/uploads\/2015\/09\/juntas-trabajo1.jpg\"><img loading=\"lazy\" decoding=\"async\" class=\"aligncenter size-full wp-image-1900\" src=\"http:\/\/www.proyectum.lat\/wp-content\/uploads\/2015\/09\/juntas-trabajo1.jpg\" alt=\"Gesti\u00f3n de las comunicaciones del proyecto\" width=\"500\" height=\"334\" srcset=\"https:\/\/proyectum.com\/sistema\/wp-content\/uploads\/2015\/09\/juntas-trabajo1.jpg 500w, https:\/\/proyectum.com\/sistema\/wp-content\/uploads\/2015\/09\/juntas-trabajo1-367x245.jpg 367w\" sizes=\"auto, (max-width: 500px) 100vw, 500px\" \/><\/a><\/p>\n<p>El <strong>flujo correcto de las comunicaciones<\/strong> debe hacerse presente desde el inicio, los <strong>interesados del proyecto<\/strong> deben transmitir las <strong>expectativas que tienen<\/strong>, pero es responsabilidad del <strong>equipo de la direcci\u00f3n del proyecto<\/strong> obtener esta informaci\u00f3n. Por lo cual, se deben tender los <strong>puentes de comunicaci\u00f3n<\/strong> que permitan el <strong>libre flujo de informaci\u00f3n<\/strong>.<\/p>\n<p>La <strong>Gesti\u00f3n de las Comunicaciones del Proyecto<\/strong>, es una de las <strong>\u00c1reas de Conocimiento de la Direcci\u00f3n de Proyectos<\/strong>, la cual incluye los procesos requeridos para asegurar que la planificaci\u00f3n, recopilaci\u00f3n, creaci\u00f3n, distribuci\u00f3n, almacenamiento, recuperaci\u00f3n, gesti\u00f3n, control, monitoreo y disposici\u00f3n final de la informaci\u00f3n del proyecto <strong>sean oportunos y adecuados<\/strong>.<\/p>\n<p>Mostrar avances, solicitar cambios, participar en reuniones, enviar y recibir mails, son tareas cotidianas en un proyecto y requieren de una comunicaci\u00f3n efectiva para llevarse a cabo. La comunicaci\u00f3n es uno de los factores de mayor importancia para que un proyecto vaya avanzando d\u00eda a d\u00eda hasta llegar a la conclusi\u00f3n. Su importancia va desde el saludo de buenos d\u00edas que el <strong>director de proyecto<\/strong> les da a sus colaboradores por la ma\u00f1ana y que puede generar en ellos un <strong>sentido de pertenencia<\/strong>, hasta la presentaci\u00f3n de los <strong>avances del proyecto<\/strong>, los cuales deben ser reales por m\u00e1s retrasos que pudiera haber.<\/p>\n<p>Para dar la debida importancia que las comunicaciones tienen en un proyecto, se debe poner atenci\u00f3n en los siguientes procesos: <strong>Planificar la Gesti\u00f3n de las Comunicaciones<\/strong>, <strong>Gestionar las Comunicaciones<\/strong> y <strong>Controlar las Comunicaciones<\/strong>. Estos 3 procesos conforman la <strong>Gesti\u00f3n de las Comunicaciones del Proyecto<\/strong>.<\/p>\n<p>Tener un buen nivel de conocimiento en estos 3 procesos nos ayudar\u00e1 a tomar las medidas necesarias para que la <strong>comunicaci\u00f3n en el proyecto<\/strong> fluya adecuadamente y nos gener\u00e9 beneficios como lo son: <strong>Minimizar confusiones<\/strong>, despejar expectativas err\u00f3neas, agilizar el trabajo del d\u00eda a d\u00eda y tener la <strong>informaci\u00f3n precisa para la toma de decisiones<\/strong>, entre otros.<\/p>\n<p>No lo tomes a la ligera e invierte el tiempo que sea necesario para <strong>planear las comunicaciones de tu proyecto<\/strong>.<\/p>\n<p>Sobre el autor: <a href=\"http:\/\/about.me\/omargarcia\" target=\"_blank\" rel=\"noopener noreferrer\">Omar Garc\u00eda<\/a><\/p>\n<p><a href=\"http:\/\/tenstep.mx\/registro-proyectum.html\" target=\"_blank\" rel=\"noopener noreferrer\"><img loading=\"lazy\" decoding=\"async\" class=\"aligncenter size-medium wp-image-1548\" src=\"https:\/\/proyectum.files.wordpress.com\/2015\/01\/suscribete.jpg?w=300\" alt=\"Suscribete Proyectum\" width=\"300\" height=\"75\" \/><\/a><\/p>\n<p>[\/et_pb_text][\/et_pb_column][\/et_pb_row][\/et_pb_section]    \t<\/p>\n","protected":false},"excerpt":{"rendered":"<p>[et_pb_section admin_label=\u00bbSection\u00bb fullwidth=\u00bbon\u00bb specialty=\u00bboff\u00bb background_image=\u00bbhttp:\/\/www.proyectum.lat\/wp-content\/uploads\/2015\/06\/juwhtfedy9.jpg\u00bb transparent_background=\u00bboff\u00bb allow_player_pause=\u00bboff\u00bb inner_shadow=\u00bboff\u00bb parallax=\u00bboff\u00bb parallax_method=\u00bboff\u00bb padding_mobile=\u00bboff\u00bb make_fullwidth=\u00bboff\u00bb use_custom_width=\u00bboff\u00bb width_unit=\u00bbon\u00bb make_equal=\u00bboff\u00bb use_custom_gutter=\u00bboff\u00bb global_module=\u00bb1947&#8243;][et_pb_fullwidth_post_title global_parent=\u00bb1947&#8243; admin_label=\u00bbFullwidth Post Title\u00bb title=\u00bbon\u00bb meta=\u00bbon\u00bb author=\u00bbon\u00bb date=\u00bbon\u00bb categories=\u00bbon\u00bb comments=\u00bbon\u00bb featured_image=\u00bbon\u00bb featured_placement=\u00bbabove\u00bb parallax_effect=\u00bbon\u00bb parallax_method=\u00bbon\u00bb text_orientation=\u00bbcenter\u00bb text_color=\u00bblight\u00bb text_background=\u00bbon\u00bb text_bg_color=\u00bb#0066bf\u00bb module_bg_color=\u00bbrgba(255,255,255,0)\u00bb title_all_caps=\u00bboff\u00bb use_border_color=\u00bboff\u00bb border_color=\u00bb#ffffff\u00bb border_style=\u00bbsolid\u00bb] [\/et_pb_fullwidth_post_title][\/et_pb_section][et_pb_section admin_label=\u00bbsection\u00bb][et_pb_row admin_label=\u00bbrow\u00bb][et_pb_column type=\u00bb4_4&#8243;][et_pb_text admin_label=\u00bbText\u00bb] Las nuevas tecnolog\u00edas han multiplicado los medios a trav\u00e9s de [&hellip;]<\/p>\n","protected":false},"author":46,"featured_media":8258,"comment_status":"open","ping_status":"open","sticky":false,"template":"","format":"standard","meta":{"_acf_changed":false,"content-type":"","footnotes":""},"categories":[67,57],"tags":[680,737,109,742,288],"class_list":["post-1894","post","type-post","status-publish","format-standard","has-post-thumbnail","hentry","category-comunicacion","category-direccion-de-proyectos","tag-areas-de-conocimiento-de-la-direccion-de-proyectos","tag-avances-del-proyecto","tag-director-de-proyecto","tag-gestion-de-las-comunicaciones-del-proyecto","tag-sentido-de-pertenencia"],"acf":[],"featured_image_src":{"landsacpe":false,"list":false,"medium":false,"full":false},"yoast_head":"<!-- This site is optimized with the Yoast SEO plugin v27.5 - https:\/\/yoast.com\/product\/yoast-seo-wordpress\/ -->\n<title>Gesti\u00f3n de las Comunicaciones del Proyecto - Proyectum<\/title>\n<meta name=\"description\" content=\"Las nuevas tecnolog\u00edas han multiplicado los medios a trav\u00e9s de los cuales nos podemos comunicar. Sin embargo, es com\u00fan seguir viendo en los proyectos, la\" \/>\n<meta name=\"robots\" content=\"index, follow, max-snippet:-1, max-image-preview:large, max-video-preview:-1\" \/>\n<link rel=\"canonical\" href=\"https:\/\/proyectum.com\/sistema\/blog\/gestion-de-las-comunicaciones-del-proyecto\/\" \/>\n<meta property=\"og:locale\" content=\"es_ES\" \/>\n<meta property=\"og:type\" content=\"article\" \/>\n<meta property=\"og:title\" content=\"Gesti\u00f3n de las Comunicaciones del Proyecto - Proyectum\" \/>\n<meta property=\"og:description\" content=\"Las nuevas tecnolog\u00edas han multiplicado los medios a trav\u00e9s de los cuales nos podemos comunicar. Sin embargo, es com\u00fan seguir viendo en los proyectos, la\" \/>\n<meta property=\"og:url\" content=\"https:\/\/proyectum.com\/sistema\/blog\/gestion-de-las-comunicaciones-del-proyecto\/\" \/>\n<meta property=\"og:site_name\" content=\"Proyectum\" \/>\n<meta property=\"article:publisher\" content=\"https:\/\/www.facebook.com\/proyectum\/\" \/>\n<meta property=\"article:published_time\" content=\"2015-09-09T05:55:47+00:00\" \/>\n<meta property=\"article:modified_time\" content=\"2020-02-05T17:03:15+00:00\" \/>\n<meta name=\"author\" content=\"Omar Garc\u00eda\" \/>\n<meta name=\"twitter:card\" content=\"summary_large_image\" \/>\n<meta name=\"twitter:creator\" content=\"@omarzgarcia\" \/>\n<meta name=\"twitter:label1\" content=\"Escrito por\" \/>\n\t<meta name=\"twitter:data1\" content=\"Omar Garc\u00eda\" \/>\n\t<meta name=\"twitter:label2\" content=\"Tiempo de lectura\" \/>\n\t<meta name=\"twitter:data2\" content=\"3 minutos\" \/>\n<script type=\"application\/ld+json\" class=\"yoast-schema-graph\">{\"@context\":\"https:\\\/\\\/schema.org\",\"@graph\":[{\"@type\":\"Article\",\"@id\":\"https:\\\/\\\/proyectum.com\\\/sistema\\\/blog\\\/gestion-de-las-comunicaciones-del-proyecto\\\/#article\",\"isPartOf\":{\"@id\":\"https:\\\/\\\/proyectum.com\\\/sistema\\\/blog\\\/gestion-de-las-comunicaciones-del-proyecto\\\/\"},\"author\":{\"name\":\"Omar Garc\u00eda\",\"@id\":\"https:\\\/\\\/proyectum.com\\\/sistema\\\/#\\\/schema\\\/person\\\/2c2f3285c31a3a005b11add8832ae8f7\"},\"headline\":\"Gesti\u00f3n de las Comunicaciones del Proyecto\",\"datePublished\":\"2015-09-09T05:55:47+00:00\",\"dateModified\":\"2020-02-05T17:03:15+00:00\",\"mainEntityOfPage\":{\"@id\":\"https:\\\/\\\/proyectum.com\\\/sistema\\\/blog\\\/gestion-de-las-comunicaciones-del-proyecto\\\/\"},\"wordCount\":645,\"commentCount\":0,\"publisher\":{\"@id\":\"https:\\\/\\\/proyectum.com\\\/sistema\\\/#organization\"},\"image\":{\"@id\":\"https:\\\/\\\/proyectum.com\\\/sistema\\\/blog\\\/gestion-de-las-comunicaciones-del-proyecto\\\/#primaryimage\"},\"thumbnailUrl\":\"\",\"keywords\":[\"\u00c1reas de Conocimiento de la direcci\u00f3n de proyectos\",\"avances del proyecto\",\"director de proyecto\",\"Gesti\u00f3n de las Comunicaciones del Proyecto\",\"sentido de pertenencia\"],\"articleSection\":[\"Comunicaci\u00f3n\",\"Direcci\u00f3n de Proyectos\"],\"inLanguage\":\"es\",\"potentialAction\":[{\"@type\":\"CommentAction\",\"name\":\"Comment\",\"target\":[\"https:\\\/\\\/proyectum.com\\\/sistema\\\/blog\\\/gestion-de-las-comunicaciones-del-proyecto\\\/#respond\"]}]},{\"@type\":\"WebPage\",\"@id\":\"https:\\\/\\\/proyectum.com\\\/sistema\\\/blog\\\/gestion-de-las-comunicaciones-del-proyecto\\\/\",\"url\":\"https:\\\/\\\/proyectum.com\\\/sistema\\\/blog\\\/gestion-de-las-comunicaciones-del-proyecto\\\/\",\"name\":\"Gesti\u00f3n de las Comunicaciones del Proyecto - Proyectum\",\"isPartOf\":{\"@id\":\"https:\\\/\\\/proyectum.com\\\/sistema\\\/#website\"},\"primaryImageOfPage\":{\"@id\":\"https:\\\/\\\/proyectum.com\\\/sistema\\\/blog\\\/gestion-de-las-comunicaciones-del-proyecto\\\/#primaryimage\"},\"image\":{\"@id\":\"https:\\\/\\\/proyectum.com\\\/sistema\\\/blog\\\/gestion-de-las-comunicaciones-del-proyecto\\\/#primaryimage\"},\"thumbnailUrl\":\"\",\"datePublished\":\"2015-09-09T05:55:47+00:00\",\"dateModified\":\"2020-02-05T17:03:15+00:00\",\"description\":\"Las nuevas tecnolog\u00edas han multiplicado los medios a trav\u00e9s de los cuales nos podemos comunicar. Sin embargo, es com\u00fan seguir viendo en los proyectos, la\",\"breadcrumb\":{\"@id\":\"https:\\\/\\\/proyectum.com\\\/sistema\\\/blog\\\/gestion-de-las-comunicaciones-del-proyecto\\\/#breadcrumb\"},\"inLanguage\":\"es\",\"potentialAction\":[{\"@type\":\"ReadAction\",\"target\":[\"https:\\\/\\\/proyectum.com\\\/sistema\\\/blog\\\/gestion-de-las-comunicaciones-del-proyecto\\\/\"]}]},{\"@type\":\"ImageObject\",\"inLanguage\":\"es\",\"@id\":\"https:\\\/\\\/proyectum.com\\\/sistema\\\/blog\\\/gestion-de-las-comunicaciones-del-proyecto\\\/#primaryimage\",\"url\":\"\",\"contentUrl\":\"\"},{\"@type\":\"BreadcrumbList\",\"@id\":\"https:\\\/\\\/proyectum.com\\\/sistema\\\/blog\\\/gestion-de-las-comunicaciones-del-proyecto\\\/#breadcrumb\",\"itemListElement\":[{\"@type\":\"ListItem\",\"position\":1,\"name\":\"Home\",\"item\":\"https:\\\/\\\/proyectum.com\\\/sistema\\\/\"},{\"@type\":\"ListItem\",\"position\":2,\"name\":\"Gesti\u00f3n de las Comunicaciones del Proyecto\"}]},{\"@type\":\"WebSite\",\"@id\":\"https:\\\/\\\/proyectum.com\\\/sistema\\\/#website\",\"url\":\"https:\\\/\\\/proyectum.com\\\/sistema\\\/\",\"name\":\"Proyectum\",\"description\":\"Direcci\u00f3n de Proyectos y M\u00e9todos \u00c1giles\",\"publisher\":{\"@id\":\"https:\\\/\\\/proyectum.com\\\/sistema\\\/#organization\"},\"potentialAction\":[{\"@type\":\"SearchAction\",\"target\":{\"@type\":\"EntryPoint\",\"urlTemplate\":\"https:\\\/\\\/proyectum.com\\\/sistema\\\/?s={search_term_string}\"},\"query-input\":{\"@type\":\"PropertyValueSpecification\",\"valueRequired\":true,\"valueName\":\"search_term_string\"}}],\"inLanguage\":\"es\"},{\"@type\":\"Organization\",\"@id\":\"https:\\\/\\\/proyectum.com\\\/sistema\\\/#organization\",\"name\":\"Proyectum\",\"url\":\"https:\\\/\\\/proyectum.com\\\/sistema\\\/\",\"logo\":{\"@type\":\"ImageObject\",\"inLanguage\":\"es\",\"@id\":\"https:\\\/\\\/proyectum.com\\\/sistema\\\/#\\\/schema\\\/logo\\\/image\\\/\",\"url\":\"https:\\\/\\\/www.proyectum.com\\\/sistema\\\/wp-content\\\/uploads\\\/2020\\\/04\\\/proyectum-logo-snippet.png\",\"contentUrl\":\"https:\\\/\\\/www.proyectum.com\\\/sistema\\\/wp-content\\\/uploads\\\/2020\\\/04\\\/proyectum-logo-snippet.png\",\"width\":600,\"height\":315,\"caption\":\"Proyectum\"},\"image\":{\"@id\":\"https:\\\/\\\/proyectum.com\\\/sistema\\\/#\\\/schema\\\/logo\\\/image\\\/\"},\"sameAs\":[\"https:\\\/\\\/www.facebook.com\\\/proyectum\\\/\",\"https:\\\/\\\/www.linkedin.com\\\/company\\\/sistemaproyectum\\\/\",\"https:\\\/\\\/www.youtube.com\\\/channel\\\/UCljouWimyhK_cNcC2jniUgw\"]},{\"@type\":\"Person\",\"@id\":\"https:\\\/\\\/proyectum.com\\\/sistema\\\/#\\\/schema\\\/person\\\/2c2f3285c31a3a005b11add8832ae8f7\",\"name\":\"Omar Garc\u00eda\",\"image\":{\"@type\":\"ImageObject\",\"inLanguage\":\"es\",\"@id\":\"https:\\\/\\\/secure.gravatar.com\\\/avatar\\\/6287ae96abd3e19dcc272b2c1ff8c5c0a0fcf3149e67894ce1b778f4232770a9?s=96&d=mm&r=g\",\"url\":\"https:\\\/\\\/secure.gravatar.com\\\/avatar\\\/6287ae96abd3e19dcc272b2c1ff8c5c0a0fcf3149e67894ce1b778f4232770a9?s=96&d=mm&r=g\",\"contentUrl\":\"https:\\\/\\\/secure.gravatar.com\\\/avatar\\\/6287ae96abd3e19dcc272b2c1ff8c5c0a0fcf3149e67894ce1b778f4232770a9?s=96&d=mm&r=g\",\"caption\":\"Omar Garc\u00eda\"},\"description\":\"Creador de contenidos en Proyectum. Para seguir la conversaci\u00f3n puedes escribirme en: @omarzgarcia\",\"sameAs\":[\"https:\\\/\\\/x.com\\\/@omarzgarcia\"],\"url\":\"https:\\\/\\\/proyectum.com\\\/sistema\\\/author\\\/omarzgarcia\\\/\"}]}<\/script>\n<!-- \/ Yoast SEO plugin. -->","yoast_head_json":{"title":"Gesti\u00f3n de las Comunicaciones del Proyecto - Proyectum","description":"Las nuevas tecnolog\u00edas han multiplicado los medios a trav\u00e9s de los cuales nos podemos comunicar. Sin embargo, es com\u00fan seguir viendo en los proyectos, la","robots":{"index":"index","follow":"follow","max-snippet":"max-snippet:-1","max-image-preview":"max-image-preview:large","max-video-preview":"max-video-preview:-1"},"canonical":"https:\/\/proyectum.com\/sistema\/blog\/gestion-de-las-comunicaciones-del-proyecto\/","og_locale":"es_ES","og_type":"article","og_title":"Gesti\u00f3n de las Comunicaciones del Proyecto - Proyectum","og_description":"Las nuevas tecnolog\u00edas han multiplicado los medios a trav\u00e9s de los cuales nos podemos comunicar. Sin embargo, es com\u00fan seguir viendo en los proyectos, la","og_url":"https:\/\/proyectum.com\/sistema\/blog\/gestion-de-las-comunicaciones-del-proyecto\/","og_site_name":"Proyectum","article_publisher":"https:\/\/www.facebook.com\/proyectum\/","article_published_time":"2015-09-09T05:55:47+00:00","article_modified_time":"2020-02-05T17:03:15+00:00","author":"Omar Garc\u00eda","twitter_card":"summary_large_image","twitter_creator":"@omarzgarcia","twitter_misc":{"Escrito por":"Omar Garc\u00eda","Tiempo de lectura":"3 minutos"},"schema":{"@context":"https:\/\/schema.org","@graph":[{"@type":"Article","@id":"https:\/\/proyectum.com\/sistema\/blog\/gestion-de-las-comunicaciones-del-proyecto\/#article","isPartOf":{"@id":"https:\/\/proyectum.com\/sistema\/blog\/gestion-de-las-comunicaciones-del-proyecto\/"},"author":{"name":"Omar Garc\u00eda","@id":"https:\/\/proyectum.com\/sistema\/#\/schema\/person\/2c2f3285c31a3a005b11add8832ae8f7"},"headline":"Gesti\u00f3n de las Comunicaciones del Proyecto","datePublished":"2015-09-09T05:55:47+00:00","dateModified":"2020-02-05T17:03:15+00:00","mainEntityOfPage":{"@id":"https:\/\/proyectum.com\/sistema\/blog\/gestion-de-las-comunicaciones-del-proyecto\/"},"wordCount":645,"commentCount":0,"publisher":{"@id":"https:\/\/proyectum.com\/sistema\/#organization"},"image":{"@id":"https:\/\/proyectum.com\/sistema\/blog\/gestion-de-las-comunicaciones-del-proyecto\/#primaryimage"},"thumbnailUrl":"","keywords":["\u00c1reas de Conocimiento de la direcci\u00f3n de proyectos","avances del proyecto","director de proyecto","Gesti\u00f3n de las Comunicaciones del Proyecto","sentido de pertenencia"],"articleSection":["Comunicaci\u00f3n","Direcci\u00f3n de Proyectos"],"inLanguage":"es","potentialAction":[{"@type":"CommentAction","name":"Comment","target":["https:\/\/proyectum.com\/sistema\/blog\/gestion-de-las-comunicaciones-del-proyecto\/#respond"]}]},{"@type":"WebPage","@id":"https:\/\/proyectum.com\/sistema\/blog\/gestion-de-las-comunicaciones-del-proyecto\/","url":"https:\/\/proyectum.com\/sistema\/blog\/gestion-de-las-comunicaciones-del-proyecto\/","name":"Gesti\u00f3n de las Comunicaciones del Proyecto - Proyectum","isPartOf":{"@id":"https:\/\/proyectum.com\/sistema\/#website"},"primaryImageOfPage":{"@id":"https:\/\/proyectum.com\/sistema\/blog\/gestion-de-las-comunicaciones-del-proyecto\/#primaryimage"},"image":{"@id":"https:\/\/proyectum.com\/sistema\/blog\/gestion-de-las-comunicaciones-del-proyecto\/#primaryimage"},"thumbnailUrl":"","datePublished":"2015-09-09T05:55:47+00:00","dateModified":"2020-02-05T17:03:15+00:00","description":"Las nuevas tecnolog\u00edas han multiplicado los medios a trav\u00e9s de los cuales nos podemos comunicar. Sin embargo, es com\u00fan seguir viendo en los proyectos, la","breadcrumb":{"@id":"https:\/\/proyectum.com\/sistema\/blog\/gestion-de-las-comunicaciones-del-proyecto\/#breadcrumb"},"inLanguage":"es","potentialAction":[{"@type":"ReadAction","target":["https:\/\/proyectum.com\/sistema\/blog\/gestion-de-las-comunicaciones-del-proyecto\/"]}]},{"@type":"ImageObject","inLanguage":"es","@id":"https:\/\/proyectum.com\/sistema\/blog\/gestion-de-las-comunicaciones-del-proyecto\/#primaryimage","url":"","contentUrl":""},{"@type":"BreadcrumbList","@id":"https:\/\/proyectum.com\/sistema\/blog\/gestion-de-las-comunicaciones-del-proyecto\/#breadcrumb","itemListElement":[{"@type":"ListItem","position":1,"name":"Home","item":"https:\/\/proyectum.com\/sistema\/"},{"@type":"ListItem","position":2,"name":"Gesti\u00f3n de las Comunicaciones del Proyecto"}]},{"@type":"WebSite","@id":"https:\/\/proyectum.com\/sistema\/#website","url":"https:\/\/proyectum.com\/sistema\/","name":"Proyectum","description":"Direcci\u00f3n de Proyectos y M\u00e9todos \u00c1giles","publisher":{"@id":"https:\/\/proyectum.com\/sistema\/#organization"},"potentialAction":[{"@type":"SearchAction","target":{"@type":"EntryPoint","urlTemplate":"https:\/\/proyectum.com\/sistema\/?s={search_term_string}"},"query-input":{"@type":"PropertyValueSpecification","valueRequired":true,"valueName":"search_term_string"}}],"inLanguage":"es"},{"@type":"Organization","@id":"https:\/\/proyectum.com\/sistema\/#organization","name":"Proyectum","url":"https:\/\/proyectum.com\/sistema\/","logo":{"@type":"ImageObject","inLanguage":"es","@id":"https:\/\/proyectum.com\/sistema\/#\/schema\/logo\/image\/","url":"https:\/\/www.proyectum.com\/sistema\/wp-content\/uploads\/2020\/04\/proyectum-logo-snippet.png","contentUrl":"https:\/\/www.proyectum.com\/sistema\/wp-content\/uploads\/2020\/04\/proyectum-logo-snippet.png","width":600,"height":315,"caption":"Proyectum"},"image":{"@id":"https:\/\/proyectum.com\/sistema\/#\/schema\/logo\/image\/"},"sameAs":["https:\/\/www.facebook.com\/proyectum\/","https:\/\/www.linkedin.com\/company\/sistemaproyectum\/","https:\/\/www.youtube.com\/channel\/UCljouWimyhK_cNcC2jniUgw"]},{"@type":"Person","@id":"https:\/\/proyectum.com\/sistema\/#\/schema\/person\/2c2f3285c31a3a005b11add8832ae8f7","name":"Omar Garc\u00eda","image":{"@type":"ImageObject","inLanguage":"es","@id":"https:\/\/secure.gravatar.com\/avatar\/6287ae96abd3e19dcc272b2c1ff8c5c0a0fcf3149e67894ce1b778f4232770a9?s=96&d=mm&r=g","url":"https:\/\/secure.gravatar.com\/avatar\/6287ae96abd3e19dcc272b2c1ff8c5c0a0fcf3149e67894ce1b778f4232770a9?s=96&d=mm&r=g","contentUrl":"https:\/\/secure.gravatar.com\/avatar\/6287ae96abd3e19dcc272b2c1ff8c5c0a0fcf3149e67894ce1b778f4232770a9?s=96&d=mm&r=g","caption":"Omar Garc\u00eda"},"description":"Creador de contenidos en Proyectum. Para seguir la conversaci\u00f3n puedes escribirme en: @omarzgarcia","sameAs":["https:\/\/x.com\/@omarzgarcia"],"url":"https:\/\/proyectum.com\/sistema\/author\/omarzgarcia\/"}]}},"_links":{"self":[{"href":"https:\/\/proyectum.com\/sistema\/wp-json\/wp\/v2\/posts\/1894","targetHints":{"allow":["GET"]}}],"collection":[{"href":"https:\/\/proyectum.com\/sistema\/wp-json\/wp\/v2\/posts"}],"about":[{"href":"https:\/\/proyectum.com\/sistema\/wp-json\/wp\/v2\/types\/post"}],"author":[{"embeddable":true,"href":"https:\/\/proyectum.com\/sistema\/wp-json\/wp\/v2\/users\/46"}],"replies":[{"embeddable":true,"href":"https:\/\/proyectum.com\/sistema\/wp-json\/wp\/v2\/comments?post=1894"}],"version-history":[{"count":0,"href":"https:\/\/proyectum.com\/sistema\/wp-json\/wp\/v2\/posts\/1894\/revisions"}],"wp:featuredmedia":[{"embeddable":true,"href":"https:\/\/proyectum.com\/sistema\/wp-json\/"}],"wp:attachment":[{"href":"https:\/\/proyectum.com\/sistema\/wp-json\/wp\/v2\/media?parent=1894"}],"wp:term":[{"taxonomy":"category","embeddable":true,"href":"https:\/\/proyectum.com\/sistema\/wp-json\/wp\/v2\/categories?post=1894"},{"taxonomy":"post_tag","embeddable":true,"href":"https:\/\/proyectum.com\/sistema\/wp-json\/wp\/v2\/tags?post=1894"}],"curies":[{"name":"wp","href":"https:\/\/api.w.org\/{rel}","templated":true}]}}