{"id":2010,"date":"2015-10-07T01:00:13","date_gmt":"2015-10-07T06:00:13","guid":{"rendered":"http:\/\/www.proyectum.lat\/?p=2010"},"modified":"2020-02-05T14:03:15","modified_gmt":"2020-02-05T17:03:15","slug":"gestion-de-las-adquisiciones-del-proyecto","status":"publish","type":"post","link":"https:\/\/proyectum.com\/sistema\/blog\/gestion-de-las-adquisiciones-del-proyecto\/","title":{"rendered":"Gesti\u00f3n de las Adquisiciones del Proyecto"},"content":{"rendered":"<p>[et_pb_section admin_label=\u00bbSection\u00bb global_module=\u00bb1947&#8243; fullwidth=\u00bbon\u00bb specialty=\u00bboff\u00bb background_image=\u00bbhttp:\/\/www.proyectum.lat\/wp-content\/uploads\/2015\/09\/ImagenDestacada1.jpg\u00bb transparent_background=\u00bboff\u00bb allow_player_pause=\u00bboff\u00bb inner_shadow=\u00bboff\u00bb parallax=\u00bboff\u00bb parallax_method=\u00bboff\u00bb padding_mobile=\u00bboff\u00bb make_fullwidth=\u00bboff\u00bb use_custom_width=\u00bboff\u00bb width_unit=\u00bbon\u00bb make_equal=\u00bboff\u00bb use_custom_gutter=\u00bboff\u00bb custom_padding=\u00bb|0px\u00bb][et_pb_fullwidth_post_title global_parent=\u00bb1947&#8243; admin_label=\u00bbFullwidth Post Title\u00bb title=\u00bbon\u00bb meta=\u00bbon\u00bb author=\u00bbon\u00bb date=\u00bbon\u00bb categories=\u00bbon\u00bb comments=\u00bbon\u00bb featured_image=\u00bbon\u00bb featured_placement=\u00bbabove\u00bb parallax_effect=\u00bbon\u00bb parallax_method=\u00bbon\u00bb text_orientation=\u00bbcenter\u00bb text_color=\u00bblight\u00bb text_background=\u00bbon\u00bb text_bg_color=\u00bb#0066bf\u00bb module_bg_color=\u00bbrgba(255,255,255,0)\u00bb title_all_caps=\u00bboff\u00bb use_border_color=\u00bboff\u00bb border_color=\u00bb#ffffff\u00bb border_style=\u00bbsolid\u00bb]<\/p>\n<p>[\/et_pb_fullwidth_post_title][\/et_pb_section][et_pb_section admin_label=\u00bbsection\u00bb][et_pb_row admin_label=\u00bbrow\u00bb][et_pb_column type=\u00bb4_4&#8243;][et_pb_text admin_label=\u00bbText\u00bb]<\/p>\n<p>Una parte importante en el <strong>desarrollo de un proyecto<\/strong> es la de trabajar con proveedores externos al equipo de trabajo. En algunas ocasiones el trabajo puede sobrepasarnos, ya sea en nuestras habilidades y experiencia, o en cuesti\u00f3n de la cantidad de recursos humanos con los que se cuentan.  Tambi\u00e9n es muy com\u00fan acercarnos a un proveedor para contratar alg\u00fan servicio como Internet o el arrendamiento de un espacio f\u00edsico, computadoras, servidores, entre muchas cosas m\u00e1s.<\/p>\n<p><a href=\"http:\/\/www.proyectum.lat\/wp-content\/uploads\/2015\/10\/Gesti\u00f3n-de-las-Adquisiciones.jpg\"><img loading=\"lazy\" decoding=\"async\" src=\"http:\/\/www.proyectum.lat\/wp-content\/uploads\/2015\/10\/Gesti\u00f3n-de-las-Adquisiciones-1024x518.jpg\" alt=\"Gesti\u00f3n de las Adquisiciones\" width=\"1024\" height=\"518\" class=\"alignright size-large wp-image-2011\" \/><\/a><\/p>\n<p>Aunque la <strong>Gesti\u00f3n de las Adquisiciones<\/strong> es una de las <a href=\"http:\/\/www.proyectum.lat\/2015\/02\/11\/5-grupos-de-proceso-y-9-areas-de-conocimiento-1\/\" target=\"_blank\" rel=\"noopener noreferrer\">10 \u00e1reas de la Direcci\u00f3n de Proyectos<\/a> y deber\u00eda tener la misma importancia que las otras 9, es muy com\u00fan que se vea ignorada. Es responsabilidad del equipo de <strong>direcci\u00f3n del proyecto<\/strong> garantizar <strong>que todas las adquisiciones satisfagan las necesidades espec\u00edficas del proyecto<\/strong>, sin dejar de lado las pol\u00edticas de la organizaci\u00f3n en materia de adquisiciones.<\/p>\n<p>Terminar en una muy mala relaci\u00f3n con un proveedor porque no cumpli\u00f3 nuestras expectativas es algo que a m\u00e1s de uno nos ha pasado y en m\u00e1s de una ocasi\u00f3n. <strong>\u00bfRealmente podemos culpar totalmente a los proveedores por no alcanzar nuestras expectativas?<\/strong> Al fin y al cabo quien tom\u00f3 la decisi\u00f3n de contratarlos fuimos nosotros, qui\u00e9n hizo una an\u00e1lisis comparativo contra otros proveedores fuimos nosotros, qui\u00e9n detall\u00f3 perfectamente el alcance de lo que esper\u00e1bamos en el <strong>acta de trabajo<\/strong> fuimos nosotros \u00bfo no?<\/p>\n<p>En muchas ocasiones la presi\u00f3n del trabajo diario no nos permite hacer una planeaci\u00f3n adecuada para <strong>gestionar las adquisiciones<\/strong>. Comparamos a 2 proveedores, en el mejor de los casos, y hacemos un an\u00e1lisis muy a la ligera antes de decidir la adquisici\u00f3n. Obvio, cuando no se cumplen las expectativas, lo m\u00e1s f\u00e1cil es cargarle la culpa al proveedor, pero es importante recordar que el trabajo se puede transferir m\u00e1s nunca la responsabilidad.<\/p>\n<p>Es cierto que tambi\u00e9n nos pueden tocar casos donde hicimos una <strong>buena planeaci\u00f3n<\/strong>, trabajamos en un benchmarking que nos arrojara el mejor proveedor, definimos a detalle el <strong>acta de trabajo<\/strong> con las expectativas que deseamos cubrir y aun as\u00ed el proveedor no las cumpli\u00f3. Lamentablemente, sigue siendo nuestra culpa. Como responsables de la <strong>Gesti\u00f3n de las Adquisiciones<\/strong> nuestro trabajo no solo consiste en planear, tambi\u00e9n involucra la ejecuci\u00f3n y el llevar un control, tal como lo se\u00f1alan los procesos que componen a esta \u00e1rea de conocimiento:<\/p>\n<p>\u2022\tPlanificar la gesti\u00f3n de las adquisiciones.<br \/>\n\u2022\tEfectuar las adquisiciones.<br \/>\n\u2022\tControlar las adquisiciones.<br \/>\n\u2022\tCerrar las adquisiciones.<\/p>\n<p>Las diferentes actividades involucradas en estos procesos conforman el <strong>ciclo de vida de un acuerdo<\/strong>, desde <strong>determinar si es preciso obtener apoyo externo<\/strong> hasta la documentaci\u00f3n relacionada para futuras referencias.<\/p>\n<p>El salir adelante con un proyecto depender\u00e1 no solo de nuestro equipo de trabajo, sino tambi\u00e9n de la habilidad para <strong>gestionar las labores de los proveedores<\/strong> ya que sus actividades impactar\u00e1n directamente en nuestro proyecto.<\/p>\n<p>Sobre el autor: <a href=\"http:\/\/about.me\/omargarcia\" target=\"_blank\" rel=\"noopener noreferrer\">Omar Garc\u00eda<\/a><\/p>\n<p><a href=\"http:\/\/tenstep.mx\/registro-proyectum.html\" target=\"_blank\" rel=\"noopener noreferrer\"><img loading=\"lazy\" decoding=\"async\" class=\"aligncenter size-medium wp-image-1548\" src=\"https:\/\/proyectum.files.wordpress.com\/2015\/01\/suscribete.jpg?w=300\" alt=\"Suscribete Proyectum\" width=\"300\" height=\"75\"><\/a><\/p>\n<p>[\/et_pb_text][\/et_pb_column][\/et_pb_row][\/et_pb_section]    \t<\/p>\n","protected":false},"excerpt":{"rendered":"<p>[et_pb_section admin_label=\u00bbSection\u00bb global_module=\u00bb1947&#8243; fullwidth=\u00bbon\u00bb specialty=\u00bboff\u00bb background_image=\u00bbhttp:\/\/www.proyectum.lat\/wp-content\/uploads\/2015\/09\/ImagenDestacada1.jpg\u00bb transparent_background=\u00bboff\u00bb allow_player_pause=\u00bboff\u00bb inner_shadow=\u00bboff\u00bb parallax=\u00bboff\u00bb parallax_method=\u00bboff\u00bb padding_mobile=\u00bboff\u00bb make_fullwidth=\u00bboff\u00bb use_custom_width=\u00bboff\u00bb width_unit=\u00bbon\u00bb make_equal=\u00bboff\u00bb use_custom_gutter=\u00bboff\u00bb custom_padding=\u00bb|0px\u00bb][et_pb_fullwidth_post_title global_parent=\u00bb1947&#8243; admin_label=\u00bbFullwidth Post Title\u00bb title=\u00bbon\u00bb meta=\u00bbon\u00bb author=\u00bbon\u00bb date=\u00bbon\u00bb categories=\u00bbon\u00bb comments=\u00bbon\u00bb featured_image=\u00bbon\u00bb featured_placement=\u00bbabove\u00bb parallax_effect=\u00bbon\u00bb parallax_method=\u00bbon\u00bb text_orientation=\u00bbcenter\u00bb text_color=\u00bblight\u00bb text_background=\u00bbon\u00bb text_bg_color=\u00bb#0066bf\u00bb module_bg_color=\u00bbrgba(255,255,255,0)\u00bb title_all_caps=\u00bboff\u00bb use_border_color=\u00bboff\u00bb border_color=\u00bb#ffffff\u00bb border_style=\u00bbsolid\u00bb] [\/et_pb_fullwidth_post_title][\/et_pb_section][et_pb_section admin_label=\u00bbsection\u00bb][et_pb_row admin_label=\u00bbrow\u00bb][et_pb_column type=\u00bb4_4&#8243;][et_pb_text admin_label=\u00bbText\u00bb] Una parte importante en el desarrollo de un proyecto [&hellip;]<\/p>\n","protected":false},"author":46,"featured_media":8258,"comment_status":"open","ping_status":"open","sticky":false,"template":"","format":"standard","meta":{"_acf_changed":false,"content-type":"","footnotes":""},"categories":[57],"tags":[758],"class_list":["post-2010","post","type-post","status-publish","format-standard","has-post-thumbnail","hentry","category-direccion-de-proyectos","tag-gestion-de-las-adquisiciones-del-proyecto"],"acf":[],"featured_image_src":{"landsacpe":false,"list":false,"medium":false,"full":false},"yoast_head":"<!-- This site is optimized with the Yoast SEO plugin v27.4 - https:\/\/yoast.com\/product\/yoast-seo-wordpress\/ -->\n<title>Gesti\u00f3n de las Adquisiciones del Proyecto - Proyectum<\/title>\n<meta name=\"description\" content=\"Una parte importante en el desarrollo de un proyecto es la de trabajar con proveedores externos al equipo de trabajo. En algunas ocasiones el trabajo\" \/>\n<meta name=\"robots\" content=\"index, follow, max-snippet:-1, max-image-preview:large, max-video-preview:-1\" \/>\n<link rel=\"canonical\" href=\"https:\/\/proyectum.com\/sistema\/blog\/gestion-de-las-adquisiciones-del-proyecto\/\" \/>\n<meta property=\"og:locale\" content=\"es_ES\" \/>\n<meta property=\"og:type\" content=\"article\" \/>\n<meta property=\"og:title\" content=\"Gesti\u00f3n de las Adquisiciones del Proyecto - Proyectum\" \/>\n<meta property=\"og:description\" content=\"Una parte importante en el desarrollo de un proyecto es la de trabajar con proveedores externos al equipo de trabajo. En algunas ocasiones el trabajo\" \/>\n<meta property=\"og:url\" content=\"https:\/\/proyectum.com\/sistema\/blog\/gestion-de-las-adquisiciones-del-proyecto\/\" \/>\n<meta property=\"og:site_name\" content=\"Proyectum\" \/>\n<meta property=\"article:publisher\" content=\"https:\/\/www.facebook.com\/proyectum\/\" \/>\n<meta property=\"article:published_time\" content=\"2015-10-07T06:00:13+00:00\" \/>\n<meta property=\"article:modified_time\" content=\"2020-02-05T17:03:15+00:00\" \/>\n<meta name=\"author\" content=\"Omar Garc\u00eda\" \/>\n<meta name=\"twitter:card\" content=\"summary_large_image\" \/>\n<meta name=\"twitter:creator\" content=\"@omarzgarcia\" \/>\n<meta name=\"twitter:label1\" content=\"Escrito por\" \/>\n\t<meta name=\"twitter:data1\" content=\"Omar Garc\u00eda\" \/>\n\t<meta name=\"twitter:label2\" content=\"Tiempo de lectura\" \/>\n\t<meta name=\"twitter:data2\" content=\"3 minutos\" \/>\n<script type=\"application\/ld+json\" class=\"yoast-schema-graph\">{\"@context\":\"https:\\\/\\\/schema.org\",\"@graph\":[{\"@type\":\"Article\",\"@id\":\"https:\\\/\\\/proyectum.com\\\/sistema\\\/blog\\\/gestion-de-las-adquisiciones-del-proyecto\\\/#article\",\"isPartOf\":{\"@id\":\"https:\\\/\\\/proyectum.com\\\/sistema\\\/blog\\\/gestion-de-las-adquisiciones-del-proyecto\\\/\"},\"author\":{\"name\":\"Omar Garc\u00eda\",\"@id\":\"https:\\\/\\\/proyectum.com\\\/sistema\\\/#\\\/schema\\\/person\\\/2c2f3285c31a3a005b11add8832ae8f7\"},\"headline\":\"Gesti\u00f3n de las Adquisiciones del Proyecto\",\"datePublished\":\"2015-10-07T06:00:13+00:00\",\"dateModified\":\"2020-02-05T17:03:15+00:00\",\"mainEntityOfPage\":{\"@id\":\"https:\\\/\\\/proyectum.com\\\/sistema\\\/blog\\\/gestion-de-las-adquisiciones-del-proyecto\\\/\"},\"wordCount\":681,\"commentCount\":0,\"publisher\":{\"@id\":\"https:\\\/\\\/proyectum.com\\\/sistema\\\/#organization\"},\"image\":{\"@id\":\"https:\\\/\\\/proyectum.com\\\/sistema\\\/blog\\\/gestion-de-las-adquisiciones-del-proyecto\\\/#primaryimage\"},\"thumbnailUrl\":\"\",\"keywords\":[\"Gesti\u00f3n de las Adquisiciones del Proyecto\"],\"articleSection\":[\"Direcci\u00f3n de Proyectos\"],\"inLanguage\":\"es\",\"potentialAction\":[{\"@type\":\"CommentAction\",\"name\":\"Comment\",\"target\":[\"https:\\\/\\\/proyectum.com\\\/sistema\\\/blog\\\/gestion-de-las-adquisiciones-del-proyecto\\\/#respond\"]}]},{\"@type\":\"WebPage\",\"@id\":\"https:\\\/\\\/proyectum.com\\\/sistema\\\/blog\\\/gestion-de-las-adquisiciones-del-proyecto\\\/\",\"url\":\"https:\\\/\\\/proyectum.com\\\/sistema\\\/blog\\\/gestion-de-las-adquisiciones-del-proyecto\\\/\",\"name\":\"Gesti\u00f3n de las Adquisiciones del Proyecto - Proyectum\",\"isPartOf\":{\"@id\":\"https:\\\/\\\/proyectum.com\\\/sistema\\\/#website\"},\"primaryImageOfPage\":{\"@id\":\"https:\\\/\\\/proyectum.com\\\/sistema\\\/blog\\\/gestion-de-las-adquisiciones-del-proyecto\\\/#primaryimage\"},\"image\":{\"@id\":\"https:\\\/\\\/proyectum.com\\\/sistema\\\/blog\\\/gestion-de-las-adquisiciones-del-proyecto\\\/#primaryimage\"},\"thumbnailUrl\":\"\",\"datePublished\":\"2015-10-07T06:00:13+00:00\",\"dateModified\":\"2020-02-05T17:03:15+00:00\",\"description\":\"Una parte importante en el desarrollo de un proyecto es la de trabajar con proveedores externos al equipo de trabajo. En algunas ocasiones el trabajo\",\"breadcrumb\":{\"@id\":\"https:\\\/\\\/proyectum.com\\\/sistema\\\/blog\\\/gestion-de-las-adquisiciones-del-proyecto\\\/#breadcrumb\"},\"inLanguage\":\"es\",\"potentialAction\":[{\"@type\":\"ReadAction\",\"target\":[\"https:\\\/\\\/proyectum.com\\\/sistema\\\/blog\\\/gestion-de-las-adquisiciones-del-proyecto\\\/\"]}]},{\"@type\":\"ImageObject\",\"inLanguage\":\"es\",\"@id\":\"https:\\\/\\\/proyectum.com\\\/sistema\\\/blog\\\/gestion-de-las-adquisiciones-del-proyecto\\\/#primaryimage\",\"url\":\"\",\"contentUrl\":\"\"},{\"@type\":\"BreadcrumbList\",\"@id\":\"https:\\\/\\\/proyectum.com\\\/sistema\\\/blog\\\/gestion-de-las-adquisiciones-del-proyecto\\\/#breadcrumb\",\"itemListElement\":[{\"@type\":\"ListItem\",\"position\":1,\"name\":\"Home\",\"item\":\"https:\\\/\\\/proyectum.com\\\/sistema\\\/\"},{\"@type\":\"ListItem\",\"position\":2,\"name\":\"Gesti\u00f3n de las Adquisiciones del Proyecto\"}]},{\"@type\":\"WebSite\",\"@id\":\"https:\\\/\\\/proyectum.com\\\/sistema\\\/#website\",\"url\":\"https:\\\/\\\/proyectum.com\\\/sistema\\\/\",\"name\":\"Proyectum\",\"description\":\"Direcci\u00f3n de Proyectos y M\u00e9todos \u00c1giles\",\"publisher\":{\"@id\":\"https:\\\/\\\/proyectum.com\\\/sistema\\\/#organization\"},\"potentialAction\":[{\"@type\":\"SearchAction\",\"target\":{\"@type\":\"EntryPoint\",\"urlTemplate\":\"https:\\\/\\\/proyectum.com\\\/sistema\\\/?s={search_term_string}\"},\"query-input\":{\"@type\":\"PropertyValueSpecification\",\"valueRequired\":true,\"valueName\":\"search_term_string\"}}],\"inLanguage\":\"es\"},{\"@type\":\"Organization\",\"@id\":\"https:\\\/\\\/proyectum.com\\\/sistema\\\/#organization\",\"name\":\"Proyectum\",\"url\":\"https:\\\/\\\/proyectum.com\\\/sistema\\\/\",\"logo\":{\"@type\":\"ImageObject\",\"inLanguage\":\"es\",\"@id\":\"https:\\\/\\\/proyectum.com\\\/sistema\\\/#\\\/schema\\\/logo\\\/image\\\/\",\"url\":\"https:\\\/\\\/www.proyectum.com\\\/sistema\\\/wp-content\\\/uploads\\\/2020\\\/04\\\/proyectum-logo-snippet.png\",\"contentUrl\":\"https:\\\/\\\/www.proyectum.com\\\/sistema\\\/wp-content\\\/uploads\\\/2020\\\/04\\\/proyectum-logo-snippet.png\",\"width\":600,\"height\":315,\"caption\":\"Proyectum\"},\"image\":{\"@id\":\"https:\\\/\\\/proyectum.com\\\/sistema\\\/#\\\/schema\\\/logo\\\/image\\\/\"},\"sameAs\":[\"https:\\\/\\\/www.facebook.com\\\/proyectum\\\/\",\"https:\\\/\\\/www.linkedin.com\\\/company\\\/sistemaproyectum\\\/\",\"https:\\\/\\\/www.youtube.com\\\/channel\\\/UCljouWimyhK_cNcC2jniUgw\"]},{\"@type\":\"Person\",\"@id\":\"https:\\\/\\\/proyectum.com\\\/sistema\\\/#\\\/schema\\\/person\\\/2c2f3285c31a3a005b11add8832ae8f7\",\"name\":\"Omar Garc\u00eda\",\"image\":{\"@type\":\"ImageObject\",\"inLanguage\":\"es\",\"@id\":\"https:\\\/\\\/secure.gravatar.com\\\/avatar\\\/6287ae96abd3e19dcc272b2c1ff8c5c0a0fcf3149e67894ce1b778f4232770a9?s=96&d=mm&r=g\",\"url\":\"https:\\\/\\\/secure.gravatar.com\\\/avatar\\\/6287ae96abd3e19dcc272b2c1ff8c5c0a0fcf3149e67894ce1b778f4232770a9?s=96&d=mm&r=g\",\"contentUrl\":\"https:\\\/\\\/secure.gravatar.com\\\/avatar\\\/6287ae96abd3e19dcc272b2c1ff8c5c0a0fcf3149e67894ce1b778f4232770a9?s=96&d=mm&r=g\",\"caption\":\"Omar Garc\u00eda\"},\"description\":\"Creador de contenidos en Proyectum. Para seguir la conversaci\u00f3n puedes escribirme en: @omarzgarcia\",\"sameAs\":[\"https:\\\/\\\/x.com\\\/@omarzgarcia\"],\"url\":\"https:\\\/\\\/proyectum.com\\\/sistema\\\/author\\\/omarzgarcia\\\/\"}]}<\/script>\n<!-- \/ Yoast SEO plugin. -->","yoast_head_json":{"title":"Gesti\u00f3n de las Adquisiciones del Proyecto - Proyectum","description":"Una parte importante en el desarrollo de un proyecto es la de trabajar con proveedores externos al equipo de trabajo. En algunas ocasiones el trabajo","robots":{"index":"index","follow":"follow","max-snippet":"max-snippet:-1","max-image-preview":"max-image-preview:large","max-video-preview":"max-video-preview:-1"},"canonical":"https:\/\/proyectum.com\/sistema\/blog\/gestion-de-las-adquisiciones-del-proyecto\/","og_locale":"es_ES","og_type":"article","og_title":"Gesti\u00f3n de las Adquisiciones del Proyecto - Proyectum","og_description":"Una parte importante en el desarrollo de un proyecto es la de trabajar con proveedores externos al equipo de trabajo. En algunas ocasiones el trabajo","og_url":"https:\/\/proyectum.com\/sistema\/blog\/gestion-de-las-adquisiciones-del-proyecto\/","og_site_name":"Proyectum","article_publisher":"https:\/\/www.facebook.com\/proyectum\/","article_published_time":"2015-10-07T06:00:13+00:00","article_modified_time":"2020-02-05T17:03:15+00:00","author":"Omar Garc\u00eda","twitter_card":"summary_large_image","twitter_creator":"@omarzgarcia","twitter_misc":{"Escrito por":"Omar Garc\u00eda","Tiempo de lectura":"3 minutos"},"schema":{"@context":"https:\/\/schema.org","@graph":[{"@type":"Article","@id":"https:\/\/proyectum.com\/sistema\/blog\/gestion-de-las-adquisiciones-del-proyecto\/#article","isPartOf":{"@id":"https:\/\/proyectum.com\/sistema\/blog\/gestion-de-las-adquisiciones-del-proyecto\/"},"author":{"name":"Omar Garc\u00eda","@id":"https:\/\/proyectum.com\/sistema\/#\/schema\/person\/2c2f3285c31a3a005b11add8832ae8f7"},"headline":"Gesti\u00f3n de las Adquisiciones del Proyecto","datePublished":"2015-10-07T06:00:13+00:00","dateModified":"2020-02-05T17:03:15+00:00","mainEntityOfPage":{"@id":"https:\/\/proyectum.com\/sistema\/blog\/gestion-de-las-adquisiciones-del-proyecto\/"},"wordCount":681,"commentCount":0,"publisher":{"@id":"https:\/\/proyectum.com\/sistema\/#organization"},"image":{"@id":"https:\/\/proyectum.com\/sistema\/blog\/gestion-de-las-adquisiciones-del-proyecto\/#primaryimage"},"thumbnailUrl":"","keywords":["Gesti\u00f3n de las Adquisiciones del Proyecto"],"articleSection":["Direcci\u00f3n de Proyectos"],"inLanguage":"es","potentialAction":[{"@type":"CommentAction","name":"Comment","target":["https:\/\/proyectum.com\/sistema\/blog\/gestion-de-las-adquisiciones-del-proyecto\/#respond"]}]},{"@type":"WebPage","@id":"https:\/\/proyectum.com\/sistema\/blog\/gestion-de-las-adquisiciones-del-proyecto\/","url":"https:\/\/proyectum.com\/sistema\/blog\/gestion-de-las-adquisiciones-del-proyecto\/","name":"Gesti\u00f3n de las Adquisiciones del Proyecto - Proyectum","isPartOf":{"@id":"https:\/\/proyectum.com\/sistema\/#website"},"primaryImageOfPage":{"@id":"https:\/\/proyectum.com\/sistema\/blog\/gestion-de-las-adquisiciones-del-proyecto\/#primaryimage"},"image":{"@id":"https:\/\/proyectum.com\/sistema\/blog\/gestion-de-las-adquisiciones-del-proyecto\/#primaryimage"},"thumbnailUrl":"","datePublished":"2015-10-07T06:00:13+00:00","dateModified":"2020-02-05T17:03:15+00:00","description":"Una parte importante en el desarrollo de un proyecto es la de trabajar con proveedores externos al equipo de trabajo. En algunas ocasiones el trabajo","breadcrumb":{"@id":"https:\/\/proyectum.com\/sistema\/blog\/gestion-de-las-adquisiciones-del-proyecto\/#breadcrumb"},"inLanguage":"es","potentialAction":[{"@type":"ReadAction","target":["https:\/\/proyectum.com\/sistema\/blog\/gestion-de-las-adquisiciones-del-proyecto\/"]}]},{"@type":"ImageObject","inLanguage":"es","@id":"https:\/\/proyectum.com\/sistema\/blog\/gestion-de-las-adquisiciones-del-proyecto\/#primaryimage","url":"","contentUrl":""},{"@type":"BreadcrumbList","@id":"https:\/\/proyectum.com\/sistema\/blog\/gestion-de-las-adquisiciones-del-proyecto\/#breadcrumb","itemListElement":[{"@type":"ListItem","position":1,"name":"Home","item":"https:\/\/proyectum.com\/sistema\/"},{"@type":"ListItem","position":2,"name":"Gesti\u00f3n de las Adquisiciones del Proyecto"}]},{"@type":"WebSite","@id":"https:\/\/proyectum.com\/sistema\/#website","url":"https:\/\/proyectum.com\/sistema\/","name":"Proyectum","description":"Direcci\u00f3n de Proyectos y M\u00e9todos \u00c1giles","publisher":{"@id":"https:\/\/proyectum.com\/sistema\/#organization"},"potentialAction":[{"@type":"SearchAction","target":{"@type":"EntryPoint","urlTemplate":"https:\/\/proyectum.com\/sistema\/?s={search_term_string}"},"query-input":{"@type":"PropertyValueSpecification","valueRequired":true,"valueName":"search_term_string"}}],"inLanguage":"es"},{"@type":"Organization","@id":"https:\/\/proyectum.com\/sistema\/#organization","name":"Proyectum","url":"https:\/\/proyectum.com\/sistema\/","logo":{"@type":"ImageObject","inLanguage":"es","@id":"https:\/\/proyectum.com\/sistema\/#\/schema\/logo\/image\/","url":"https:\/\/www.proyectum.com\/sistema\/wp-content\/uploads\/2020\/04\/proyectum-logo-snippet.png","contentUrl":"https:\/\/www.proyectum.com\/sistema\/wp-content\/uploads\/2020\/04\/proyectum-logo-snippet.png","width":600,"height":315,"caption":"Proyectum"},"image":{"@id":"https:\/\/proyectum.com\/sistema\/#\/schema\/logo\/image\/"},"sameAs":["https:\/\/www.facebook.com\/proyectum\/","https:\/\/www.linkedin.com\/company\/sistemaproyectum\/","https:\/\/www.youtube.com\/channel\/UCljouWimyhK_cNcC2jniUgw"]},{"@type":"Person","@id":"https:\/\/proyectum.com\/sistema\/#\/schema\/person\/2c2f3285c31a3a005b11add8832ae8f7","name":"Omar Garc\u00eda","image":{"@type":"ImageObject","inLanguage":"es","@id":"https:\/\/secure.gravatar.com\/avatar\/6287ae96abd3e19dcc272b2c1ff8c5c0a0fcf3149e67894ce1b778f4232770a9?s=96&d=mm&r=g","url":"https:\/\/secure.gravatar.com\/avatar\/6287ae96abd3e19dcc272b2c1ff8c5c0a0fcf3149e67894ce1b778f4232770a9?s=96&d=mm&r=g","contentUrl":"https:\/\/secure.gravatar.com\/avatar\/6287ae96abd3e19dcc272b2c1ff8c5c0a0fcf3149e67894ce1b778f4232770a9?s=96&d=mm&r=g","caption":"Omar Garc\u00eda"},"description":"Creador de contenidos en Proyectum. Para seguir la conversaci\u00f3n puedes escribirme en: @omarzgarcia","sameAs":["https:\/\/x.com\/@omarzgarcia"],"url":"https:\/\/proyectum.com\/sistema\/author\/omarzgarcia\/"}]}},"_links":{"self":[{"href":"https:\/\/proyectum.com\/sistema\/wp-json\/wp\/v2\/posts\/2010","targetHints":{"allow":["GET"]}}],"collection":[{"href":"https:\/\/proyectum.com\/sistema\/wp-json\/wp\/v2\/posts"}],"about":[{"href":"https:\/\/proyectum.com\/sistema\/wp-json\/wp\/v2\/types\/post"}],"author":[{"embeddable":true,"href":"https:\/\/proyectum.com\/sistema\/wp-json\/wp\/v2\/users\/46"}],"replies":[{"embeddable":true,"href":"https:\/\/proyectum.com\/sistema\/wp-json\/wp\/v2\/comments?post=2010"}],"version-history":[{"count":0,"href":"https:\/\/proyectum.com\/sistema\/wp-json\/wp\/v2\/posts\/2010\/revisions"}],"wp:featuredmedia":[{"embeddable":true,"href":"https:\/\/proyectum.com\/sistema\/wp-json\/"}],"wp:attachment":[{"href":"https:\/\/proyectum.com\/sistema\/wp-json\/wp\/v2\/media?parent=2010"}],"wp:term":[{"taxonomy":"category","embeddable":true,"href":"https:\/\/proyectum.com\/sistema\/wp-json\/wp\/v2\/categories?post=2010"},{"taxonomy":"post_tag","embeddable":true,"href":"https:\/\/proyectum.com\/sistema\/wp-json\/wp\/v2\/tags?post=2010"}],"curies":[{"name":"wp","href":"https:\/\/api.w.org\/{rel}","templated":true}]}}