{"id":2322,"date":"2016-01-20T00:18:33","date_gmt":"2016-01-20T06:18:33","guid":{"rendered":"http:\/\/www.proyectum.lat\/?p=2322"},"modified":"2016-01-20T00:18:33","modified_gmt":"2016-01-20T06:18:33","slug":"sabes-que-son-las-competencias-del-project-manager","status":"publish","type":"post","link":"https:\/\/proyectum.com\/sistema\/blog\/sabes-que-son-las-competencias-del-project-manager\/","title":{"rendered":"\u00bfSabes qu\u00e9 son las competencias del Project Manager?"},"content":{"rendered":"<p>El desarrollo de <strong>competencias en Project Management<\/strong> asegura la aplicaci\u00f3n de las <strong>buenas pr\u00e1cticas  en gesti\u00f3n de proyectos<\/strong>, y un buen nivel de competencias deber\u00eda reflejarse en el nivel de aplicaci\u00f3n de nuestra metodolog\u00eda de proyectos, si es que tenemos alguna. <strong>PMI\u00ae<\/strong> nos dice por medio del marco de referencia de competencias,  cuales son aquellas competencias de conocimiento, de desempe\u00f1o y competencias personales que debemos desarrollar para asegurar nuestro crecimiento como <strong>director de proyectos<\/strong>, y tambi\u00e9n mejorar el nivel de la madurez de la cultura de proyectos en nuestra organizaci\u00f3n.<\/p>\n<p>Las competencias de conocimiento y desempe\u00f1o est\u00e1n alineadas con los <a href=\"http:\/\/www.proyectum.lat\/2015\/02\/11\/5-grupos-de-proceso-y-9-areas-de-conocimiento-1\/\" target=\"_blank\" rel=\"noopener noreferrer\">grupos de procesos<\/a> del est\u00e1ndar <strong>PMBOK\u00ae<\/strong>, o sea Inicio, Planeaci\u00f3n, Ejecuci\u00f3n, Monitoreo y Control y Cierre. Las competencias personales son Comunicaci\u00f3n, Liderazgo, Gesti\u00f3n, Eficacia, Habilidad Cognitiva y Profesionalismo, estas competencias personales se miden en este caso en el contexto del qu\u00e9 hacer del <strong>Project Manager<\/strong>. <\/p>\n<p>En cada competencia se mide qu\u00e9 tan bien aplicamos, o si no aplicamos del todo, aquellos elementos que nos permiten medir nuestro nivel de competencias, si es por debajo de los esperado (1), dentro del nivel esperado (2) o bien mas all\u00e1 del nivel esperado (2). El nivel de competencias de meta, depender\u00e1 del rol que tenga y de lo que una organizaci\u00f3n desea en t\u00e9rminos de nivel de competencias para gestionar proyectos.<\/p>\n<p>No podemos mejorar nuestras habilidades si no las medimos; \u00bfHas medido tus <strong>competencias como project manager<\/strong>?  \u00bfTu organizaci\u00f3n ha realizado este tipo de mediciones?  comparte tus experiencias en los comentarios.<\/p>\n<p>Sobre el autor: <strong>PMP Hector P\u00e9rez, Director General TenStep Guatemala.<\/strong>    \t<\/p>\n","protected":false},"excerpt":{"rendered":"<p>El desarrollo de competencias en Project Management asegura la aplicaci\u00f3n de las buenas pr\u00e1cticas en gesti\u00f3n de proyectos, y un buen nivel de competencias deber\u00eda reflejarse en el nivel de aplicaci\u00f3n de nuestra metodolog\u00eda de proyectos, si es que tenemos alguna. PMI\u00ae nos dice por medio del marco de referencia de competencias, cuales son aquellas [&hellip;]<\/p>\n","protected":false},"author":27,"featured_media":2325,"comment_status":"open","ping_status":"open","sticky":false,"template":"","format":"standard","meta":{"_acf_changed":false,"content-type":"","footnotes":""},"categories":[57],"tags":[886,564],"class_list":["post-2322","post","type-post","status-publish","format-standard","has-post-thumbnail","hentry","category-direccion-de-proyectos","tag-pmi","tag-project-manager"],"acf":[],"featured_image_src":{"landsacpe":["https:\/\/proyectum.com\/sistema\/wp-content\/uploads\/2016\/01\/Competencias-PM-902x445.png",902,445,true],"list":["https:\/\/proyectum.com\/sistema\/wp-content\/uploads\/2016\/01\/Competencias-PM-463x348.png",463,348,true],"medium":["https:\/\/proyectum.com\/sistema\/wp-content\/uploads\/2016\/01\/Competencias-PM-300x173.png",300,173,true],"full":["https:\/\/proyectum.com\/sistema\/wp-content\/uploads\/2016\/01\/Competencias-PM.png",902,519,false]},"yoast_head":"<!-- This site is optimized with the Yoast SEO plugin v27.5 - https:\/\/yoast.com\/product\/yoast-seo-wordpress\/ -->\n<title>\u00bfSabes qu\u00e9 son las competencias del Project Manager? - Proyectum<\/title>\n<meta name=\"description\" content=\"El desarrollo de competencias en Project Management asegura la aplicaci\u00f3n de las buenas pr\u00e1cticas en gesti\u00f3n de proyectos, y un buen nivel de competencias\" \/>\n<meta name=\"robots\" content=\"index, follow, max-snippet:-1, max-image-preview:large, max-video-preview:-1\" \/>\n<link rel=\"canonical\" href=\"https:\/\/proyectum.com\/sistema\/blog\/sabes-que-son-las-competencias-del-project-manager\/\" \/>\n<meta property=\"og:locale\" content=\"es_ES\" \/>\n<meta property=\"og:type\" content=\"article\" \/>\n<meta property=\"og:title\" content=\"\u00bfSabes qu\u00e9 son las competencias del Project Manager? - Proyectum\" \/>\n<meta property=\"og:description\" content=\"El desarrollo de competencias en Project Management asegura la aplicaci\u00f3n de las buenas pr\u00e1cticas en gesti\u00f3n de proyectos, y un buen nivel de competencias\" \/>\n<meta property=\"og:url\" content=\"https:\/\/proyectum.com\/sistema\/blog\/sabes-que-son-las-competencias-del-project-manager\/\" \/>\n<meta property=\"og:site_name\" content=\"Proyectum\" \/>\n<meta property=\"article:publisher\" content=\"https:\/\/www.facebook.com\/proyectum\/\" \/>\n<meta property=\"article:published_time\" content=\"2016-01-20T06:18:33+00:00\" \/>\n<meta property=\"og:image\" content=\"https:\/\/proyectum.com\/sistema\/wp-content\/uploads\/2016\/01\/Competencias-PM.png\" \/>\n\t<meta property=\"og:image:width\" content=\"902\" \/>\n\t<meta property=\"og:image:height\" content=\"519\" \/>\n\t<meta property=\"og:image:type\" content=\"image\/png\" \/>\n<meta name=\"author\" content=\"H\u00e9ctor P\u00e9rez\" \/>\n<meta name=\"twitter:card\" content=\"summary_large_image\" \/>\n<meta name=\"twitter:label1\" content=\"Escrito por\" \/>\n\t<meta name=\"twitter:data1\" content=\"H\u00e9ctor P\u00e9rez\" \/>\n\t<meta name=\"twitter:label2\" content=\"Tiempo de lectura\" \/>\n\t<meta name=\"twitter:data2\" content=\"1 minuto\" \/>\n<script type=\"application\/ld+json\" class=\"yoast-schema-graph\">{\"@context\":\"https:\\\/\\\/schema.org\",\"@graph\":[{\"@type\":\"Article\",\"@id\":\"https:\\\/\\\/proyectum.com\\\/sistema\\\/blog\\\/sabes-que-son-las-competencias-del-project-manager\\\/#article\",\"isPartOf\":{\"@id\":\"https:\\\/\\\/proyectum.com\\\/sistema\\\/blog\\\/sabes-que-son-las-competencias-del-project-manager\\\/\"},\"author\":{\"name\":\"H\u00e9ctor P\u00e9rez\",\"@id\":\"https:\\\/\\\/proyectum.com\\\/sistema\\\/#\\\/schema\\\/person\\\/03a547bd01bb57dc9beaa74a28b47970\"},\"headline\":\"\u00bfSabes qu\u00e9 son las competencias del Project Manager?\",\"datePublished\":\"2016-01-20T06:18:33+00:00\",\"mainEntityOfPage\":{\"@id\":\"https:\\\/\\\/proyectum.com\\\/sistema\\\/blog\\\/sabes-que-son-las-competencias-del-project-manager\\\/\"},\"wordCount\":283,\"commentCount\":0,\"publisher\":{\"@id\":\"https:\\\/\\\/proyectum.com\\\/sistema\\\/#organization\"},\"image\":{\"@id\":\"https:\\\/\\\/proyectum.com\\\/sistema\\\/blog\\\/sabes-que-son-las-competencias-del-project-manager\\\/#primaryimage\"},\"thumbnailUrl\":\"https:\\\/\\\/proyectum.com\\\/sistema\\\/wp-content\\\/uploads\\\/2016\\\/01\\\/Competencias-PM.png\",\"keywords\":[\"PMI\",\"Project Manager\"],\"articleSection\":[\"Direcci\u00f3n de Proyectos\"],\"inLanguage\":\"es\",\"potentialAction\":[{\"@type\":\"CommentAction\",\"name\":\"Comment\",\"target\":[\"https:\\\/\\\/proyectum.com\\\/sistema\\\/blog\\\/sabes-que-son-las-competencias-del-project-manager\\\/#respond\"]}]},{\"@type\":\"WebPage\",\"@id\":\"https:\\\/\\\/proyectum.com\\\/sistema\\\/blog\\\/sabes-que-son-las-competencias-del-project-manager\\\/\",\"url\":\"https:\\\/\\\/proyectum.com\\\/sistema\\\/blog\\\/sabes-que-son-las-competencias-del-project-manager\\\/\",\"name\":\"\u00bfSabes qu\u00e9 son las competencias del Project Manager? - Proyectum\",\"isPartOf\":{\"@id\":\"https:\\\/\\\/proyectum.com\\\/sistema\\\/#website\"},\"primaryImageOfPage\":{\"@id\":\"https:\\\/\\\/proyectum.com\\\/sistema\\\/blog\\\/sabes-que-son-las-competencias-del-project-manager\\\/#primaryimage\"},\"image\":{\"@id\":\"https:\\\/\\\/proyectum.com\\\/sistema\\\/blog\\\/sabes-que-son-las-competencias-del-project-manager\\\/#primaryimage\"},\"thumbnailUrl\":\"https:\\\/\\\/proyectum.com\\\/sistema\\\/wp-content\\\/uploads\\\/2016\\\/01\\\/Competencias-PM.png\",\"datePublished\":\"2016-01-20T06:18:33+00:00\",\"description\":\"El desarrollo de competencias en Project Management asegura la aplicaci\u00f3n de las buenas pr\u00e1cticas en gesti\u00f3n de proyectos, y un buen nivel de competencias\",\"breadcrumb\":{\"@id\":\"https:\\\/\\\/proyectum.com\\\/sistema\\\/blog\\\/sabes-que-son-las-competencias-del-project-manager\\\/#breadcrumb\"},\"inLanguage\":\"es\",\"potentialAction\":[{\"@type\":\"ReadAction\",\"target\":[\"https:\\\/\\\/proyectum.com\\\/sistema\\\/blog\\\/sabes-que-son-las-competencias-del-project-manager\\\/\"]}]},{\"@type\":\"ImageObject\",\"inLanguage\":\"es\",\"@id\":\"https:\\\/\\\/proyectum.com\\\/sistema\\\/blog\\\/sabes-que-son-las-competencias-del-project-manager\\\/#primaryimage\",\"url\":\"https:\\\/\\\/proyectum.com\\\/sistema\\\/wp-content\\\/uploads\\\/2016\\\/01\\\/Competencias-PM.png\",\"contentUrl\":\"https:\\\/\\\/proyectum.com\\\/sistema\\\/wp-content\\\/uploads\\\/2016\\\/01\\\/Competencias-PM.png\",\"width\":902,\"height\":519,\"caption\":\"Competencias PM\"},{\"@type\":\"BreadcrumbList\",\"@id\":\"https:\\\/\\\/proyectum.com\\\/sistema\\\/blog\\\/sabes-que-son-las-competencias-del-project-manager\\\/#breadcrumb\",\"itemListElement\":[{\"@type\":\"ListItem\",\"position\":1,\"name\":\"Home\",\"item\":\"https:\\\/\\\/proyectum.com\\\/sistema\\\/\"},{\"@type\":\"ListItem\",\"position\":2,\"name\":\"\u00bfSabes qu\u00e9 son las competencias del Project Manager?\"}]},{\"@type\":\"WebSite\",\"@id\":\"https:\\\/\\\/proyectum.com\\\/sistema\\\/#website\",\"url\":\"https:\\\/\\\/proyectum.com\\\/sistema\\\/\",\"name\":\"Proyectum\",\"description\":\"Direcci\u00f3n de Proyectos y M\u00e9todos \u00c1giles\",\"publisher\":{\"@id\":\"https:\\\/\\\/proyectum.com\\\/sistema\\\/#organization\"},\"potentialAction\":[{\"@type\":\"SearchAction\",\"target\":{\"@type\":\"EntryPoint\",\"urlTemplate\":\"https:\\\/\\\/proyectum.com\\\/sistema\\\/?s={search_term_string}\"},\"query-input\":{\"@type\":\"PropertyValueSpecification\",\"valueRequired\":true,\"valueName\":\"search_term_string\"}}],\"inLanguage\":\"es\"},{\"@type\":\"Organization\",\"@id\":\"https:\\\/\\\/proyectum.com\\\/sistema\\\/#organization\",\"name\":\"Proyectum\",\"url\":\"https:\\\/\\\/proyectum.com\\\/sistema\\\/\",\"logo\":{\"@type\":\"ImageObject\",\"inLanguage\":\"es\",\"@id\":\"https:\\\/\\\/proyectum.com\\\/sistema\\\/#\\\/schema\\\/logo\\\/image\\\/\",\"url\":\"https:\\\/\\\/www.proyectum.com\\\/sistema\\\/wp-content\\\/uploads\\\/2020\\\/04\\\/proyectum-logo-snippet.png\",\"contentUrl\":\"https:\\\/\\\/www.proyectum.com\\\/sistema\\\/wp-content\\\/uploads\\\/2020\\\/04\\\/proyectum-logo-snippet.png\",\"width\":600,\"height\":315,\"caption\":\"Proyectum\"},\"image\":{\"@id\":\"https:\\\/\\\/proyectum.com\\\/sistema\\\/#\\\/schema\\\/logo\\\/image\\\/\"},\"sameAs\":[\"https:\\\/\\\/www.facebook.com\\\/proyectum\\\/\",\"https:\\\/\\\/www.linkedin.com\\\/company\\\/sistemaproyectum\\\/\",\"https:\\\/\\\/www.youtube.com\\\/channel\\\/UCljouWimyhK_cNcC2jniUgw\"]},{\"@type\":\"Person\",\"@id\":\"https:\\\/\\\/proyectum.com\\\/sistema\\\/#\\\/schema\\\/person\\\/03a547bd01bb57dc9beaa74a28b47970\",\"name\":\"H\u00e9ctor P\u00e9rez\",\"image\":{\"@type\":\"ImageObject\",\"inLanguage\":\"es\",\"@id\":\"https:\\\/\\\/secure.gravatar.com\\\/avatar\\\/9f4fc059575de1fce2c4af8cac3a40858b243f2c1d34444daa7587c2bf985bb4?s=96&d=mm&r=g\",\"url\":\"https:\\\/\\\/secure.gravatar.com\\\/avatar\\\/9f4fc059575de1fce2c4af8cac3a40858b243f2c1d34444daa7587c2bf985bb4?s=96&d=mm&r=g\",\"contentUrl\":\"https:\\\/\\\/secure.gravatar.com\\\/avatar\\\/9f4fc059575de1fce2c4af8cac3a40858b243f2c1d34444daa7587c2bf985bb4?s=96&d=mm&r=g\",\"caption\":\"H\u00e9ctor P\u00e9rez\"},\"url\":\"https:\\\/\\\/proyectum.com\\\/sistema\\\/author\\\/hectorperezgt\\\/\"}]}<\/script>\n<!-- \/ Yoast SEO plugin. -->","yoast_head_json":{"title":"\u00bfSabes qu\u00e9 son las competencias del Project Manager? - Proyectum","description":"El desarrollo de competencias en Project Management asegura la aplicaci\u00f3n de las buenas pr\u00e1cticas en gesti\u00f3n de proyectos, y un buen nivel de competencias","robots":{"index":"index","follow":"follow","max-snippet":"max-snippet:-1","max-image-preview":"max-image-preview:large","max-video-preview":"max-video-preview:-1"},"canonical":"https:\/\/proyectum.com\/sistema\/blog\/sabes-que-son-las-competencias-del-project-manager\/","og_locale":"es_ES","og_type":"article","og_title":"\u00bfSabes qu\u00e9 son las competencias del Project Manager? - Proyectum","og_description":"El desarrollo de competencias en Project Management asegura la aplicaci\u00f3n de las buenas pr\u00e1cticas en gesti\u00f3n de proyectos, y un buen nivel de competencias","og_url":"https:\/\/proyectum.com\/sistema\/blog\/sabes-que-son-las-competencias-del-project-manager\/","og_site_name":"Proyectum","article_publisher":"https:\/\/www.facebook.com\/proyectum\/","article_published_time":"2016-01-20T06:18:33+00:00","og_image":[{"width":902,"height":519,"url":"https:\/\/proyectum.com\/sistema\/wp-content\/uploads\/2016\/01\/Competencias-PM.png","type":"image\/png"}],"author":"H\u00e9ctor P\u00e9rez","twitter_card":"summary_large_image","twitter_misc":{"Escrito por":"H\u00e9ctor P\u00e9rez","Tiempo de lectura":"1 minuto"},"schema":{"@context":"https:\/\/schema.org","@graph":[{"@type":"Article","@id":"https:\/\/proyectum.com\/sistema\/blog\/sabes-que-son-las-competencias-del-project-manager\/#article","isPartOf":{"@id":"https:\/\/proyectum.com\/sistema\/blog\/sabes-que-son-las-competencias-del-project-manager\/"},"author":{"name":"H\u00e9ctor P\u00e9rez","@id":"https:\/\/proyectum.com\/sistema\/#\/schema\/person\/03a547bd01bb57dc9beaa74a28b47970"},"headline":"\u00bfSabes qu\u00e9 son las competencias del Project Manager?","datePublished":"2016-01-20T06:18:33+00:00","mainEntityOfPage":{"@id":"https:\/\/proyectum.com\/sistema\/blog\/sabes-que-son-las-competencias-del-project-manager\/"},"wordCount":283,"commentCount":0,"publisher":{"@id":"https:\/\/proyectum.com\/sistema\/#organization"},"image":{"@id":"https:\/\/proyectum.com\/sistema\/blog\/sabes-que-son-las-competencias-del-project-manager\/#primaryimage"},"thumbnailUrl":"https:\/\/proyectum.com\/sistema\/wp-content\/uploads\/2016\/01\/Competencias-PM.png","keywords":["PMI","Project Manager"],"articleSection":["Direcci\u00f3n de Proyectos"],"inLanguage":"es","potentialAction":[{"@type":"CommentAction","name":"Comment","target":["https:\/\/proyectum.com\/sistema\/blog\/sabes-que-son-las-competencias-del-project-manager\/#respond"]}]},{"@type":"WebPage","@id":"https:\/\/proyectum.com\/sistema\/blog\/sabes-que-son-las-competencias-del-project-manager\/","url":"https:\/\/proyectum.com\/sistema\/blog\/sabes-que-son-las-competencias-del-project-manager\/","name":"\u00bfSabes qu\u00e9 son las competencias del Project Manager? - Proyectum","isPartOf":{"@id":"https:\/\/proyectum.com\/sistema\/#website"},"primaryImageOfPage":{"@id":"https:\/\/proyectum.com\/sistema\/blog\/sabes-que-son-las-competencias-del-project-manager\/#primaryimage"},"image":{"@id":"https:\/\/proyectum.com\/sistema\/blog\/sabes-que-son-las-competencias-del-project-manager\/#primaryimage"},"thumbnailUrl":"https:\/\/proyectum.com\/sistema\/wp-content\/uploads\/2016\/01\/Competencias-PM.png","datePublished":"2016-01-20T06:18:33+00:00","description":"El desarrollo de competencias en Project Management asegura la aplicaci\u00f3n de las buenas pr\u00e1cticas en gesti\u00f3n de proyectos, y un buen nivel de competencias","breadcrumb":{"@id":"https:\/\/proyectum.com\/sistema\/blog\/sabes-que-son-las-competencias-del-project-manager\/#breadcrumb"},"inLanguage":"es","potentialAction":[{"@type":"ReadAction","target":["https:\/\/proyectum.com\/sistema\/blog\/sabes-que-son-las-competencias-del-project-manager\/"]}]},{"@type":"ImageObject","inLanguage":"es","@id":"https:\/\/proyectum.com\/sistema\/blog\/sabes-que-son-las-competencias-del-project-manager\/#primaryimage","url":"https:\/\/proyectum.com\/sistema\/wp-content\/uploads\/2016\/01\/Competencias-PM.png","contentUrl":"https:\/\/proyectum.com\/sistema\/wp-content\/uploads\/2016\/01\/Competencias-PM.png","width":902,"height":519,"caption":"Competencias PM"},{"@type":"BreadcrumbList","@id":"https:\/\/proyectum.com\/sistema\/blog\/sabes-que-son-las-competencias-del-project-manager\/#breadcrumb","itemListElement":[{"@type":"ListItem","position":1,"name":"Home","item":"https:\/\/proyectum.com\/sistema\/"},{"@type":"ListItem","position":2,"name":"\u00bfSabes qu\u00e9 son las competencias del Project Manager?"}]},{"@type":"WebSite","@id":"https:\/\/proyectum.com\/sistema\/#website","url":"https:\/\/proyectum.com\/sistema\/","name":"Proyectum","description":"Direcci\u00f3n de Proyectos y M\u00e9todos \u00c1giles","publisher":{"@id":"https:\/\/proyectum.com\/sistema\/#organization"},"potentialAction":[{"@type":"SearchAction","target":{"@type":"EntryPoint","urlTemplate":"https:\/\/proyectum.com\/sistema\/?s={search_term_string}"},"query-input":{"@type":"PropertyValueSpecification","valueRequired":true,"valueName":"search_term_string"}}],"inLanguage":"es"},{"@type":"Organization","@id":"https:\/\/proyectum.com\/sistema\/#organization","name":"Proyectum","url":"https:\/\/proyectum.com\/sistema\/","logo":{"@type":"ImageObject","inLanguage":"es","@id":"https:\/\/proyectum.com\/sistema\/#\/schema\/logo\/image\/","url":"https:\/\/www.proyectum.com\/sistema\/wp-content\/uploads\/2020\/04\/proyectum-logo-snippet.png","contentUrl":"https:\/\/www.proyectum.com\/sistema\/wp-content\/uploads\/2020\/04\/proyectum-logo-snippet.png","width":600,"height":315,"caption":"Proyectum"},"image":{"@id":"https:\/\/proyectum.com\/sistema\/#\/schema\/logo\/image\/"},"sameAs":["https:\/\/www.facebook.com\/proyectum\/","https:\/\/www.linkedin.com\/company\/sistemaproyectum\/","https:\/\/www.youtube.com\/channel\/UCljouWimyhK_cNcC2jniUgw"]},{"@type":"Person","@id":"https:\/\/proyectum.com\/sistema\/#\/schema\/person\/03a547bd01bb57dc9beaa74a28b47970","name":"H\u00e9ctor P\u00e9rez","image":{"@type":"ImageObject","inLanguage":"es","@id":"https:\/\/secure.gravatar.com\/avatar\/9f4fc059575de1fce2c4af8cac3a40858b243f2c1d34444daa7587c2bf985bb4?s=96&d=mm&r=g","url":"https:\/\/secure.gravatar.com\/avatar\/9f4fc059575de1fce2c4af8cac3a40858b243f2c1d34444daa7587c2bf985bb4?s=96&d=mm&r=g","contentUrl":"https:\/\/secure.gravatar.com\/avatar\/9f4fc059575de1fce2c4af8cac3a40858b243f2c1d34444daa7587c2bf985bb4?s=96&d=mm&r=g","caption":"H\u00e9ctor P\u00e9rez"},"url":"https:\/\/proyectum.com\/sistema\/author\/hectorperezgt\/"}]}},"_links":{"self":[{"href":"https:\/\/proyectum.com\/sistema\/wp-json\/wp\/v2\/posts\/2322","targetHints":{"allow":["GET"]}}],"collection":[{"href":"https:\/\/proyectum.com\/sistema\/wp-json\/wp\/v2\/posts"}],"about":[{"href":"https:\/\/proyectum.com\/sistema\/wp-json\/wp\/v2\/types\/post"}],"author":[{"embeddable":true,"href":"https:\/\/proyectum.com\/sistema\/wp-json\/wp\/v2\/users\/27"}],"replies":[{"embeddable":true,"href":"https:\/\/proyectum.com\/sistema\/wp-json\/wp\/v2\/comments?post=2322"}],"version-history":[{"count":0,"href":"https:\/\/proyectum.com\/sistema\/wp-json\/wp\/v2\/posts\/2322\/revisions"}],"wp:featuredmedia":[{"embeddable":true,"href":"https:\/\/proyectum.com\/sistema\/wp-json\/wp\/v2\/media\/2325"}],"wp:attachment":[{"href":"https:\/\/proyectum.com\/sistema\/wp-json\/wp\/v2\/media?parent=2322"}],"wp:term":[{"taxonomy":"category","embeddable":true,"href":"https:\/\/proyectum.com\/sistema\/wp-json\/wp\/v2\/categories?post=2322"},{"taxonomy":"post_tag","embeddable":true,"href":"https:\/\/proyectum.com\/sistema\/wp-json\/wp\/v2\/tags?post=2322"}],"curies":[{"name":"wp","href":"https:\/\/api.w.org\/{rel}","templated":true}]}}