{"id":3048,"date":"2017-02-15T10:45:53","date_gmt":"2017-02-15T16:45:53","guid":{"rendered":"http:\/\/www.proyectum.lat\/?p=3048"},"modified":"2017-02-15T10:45:53","modified_gmt":"2017-02-15T16:45:53","slug":"comunicacion-proactiva-basada-en-el-tamano-de-tu-proyecto","status":"publish","type":"post","link":"https:\/\/proyectum.com\/sistema\/blog\/comunicacion-proactiva-basada-en-el-tamano-de-tu-proyecto\/","title":{"rendered":"Comunicaci\u00f3n proactiva basada en el tama\u00f1o de tu proyecto"},"content":{"rendered":"<p>Todos conocemos la instrucci\u00f3n. Est\u00e1s realizando un trabajo heroico al dirigir un proyecto, resolviendo problemas, liderando al equipo e intentando lograr completar todo el trabajo a tiempo y dentro del presupuesto. Sin embargo, cuando tu director o tu cliente te preguntan <strong>c\u00f3mo va el proyecto<\/strong>, invariablemente respondes \u201c<strong>todo bien<\/strong>\u201d.<\/p>\n<p>Muchos directores de proyectos intentan comunicarse con el menor esfuerzo y usando la menor cantidad de palabras posibles. Parte de esta reserva, es la falta de comodidad que sienten con la comunicaci\u00f3n escrita y verbal en general. Tambi\u00e9n puede ser que en muchos casos los directores de proyectos simplemente no entienden el valor que la <strong>comunicaci\u00f3n proactiva<\/strong> le da a un proyecto. <\/p>\n<p>Los <strong>reportes de estado del proyecto<\/strong>, satisfacen los requerimientos b\u00e1sicos de comunicaci\u00f3n. Dan retroalimentaci\u00f3n a los principales grupos de inter\u00e9s acerca del estado actual del proyecto y del trabajo que se ha completado desde la \u00faltima vez que se inform\u00f3. Tambi\u00e9n sirven para guiar las reuniones de seguimiento y discutir los problemas, las solicitudes de cambio y los riesgos sobresalientes que se han presentado en el periodo. etc. El prop\u00f3sito principal de los reportes de estado es \u201ctomar una foto\u201d del proyecto para informar la <strong>situaci\u00f3n que est\u00e1 viviendo el proyecto<\/strong> y poder manejar asertivamente, las expectativas evitando sorpresas desagradables. <\/p>\n<p><strong>Crea un plan de comunicaci\u00f3n para los proyectos grandes<\/strong><\/p>\n<p>En proyectos grandes, especialmente en aquellos que impactan a una amplia variedad de personas, el <strong>reporte de estado b\u00e1sico no es suficiente<\/strong>.  La <strong>comunicaci\u00f3n debe ser proactiva<\/strong>, multifac\u00e9tica y enfocada. Es momento para establecer un <strong>Plan de Comunicaciones formal<\/strong>. En un Plan de Comunicaciones, piensas en los principales grupos de inter\u00e9s, sus necesidades de informaci\u00f3n y la mejor manera de satisfacer dichas necesidades. Luego, creas diferentes tipos de comunicaci\u00f3n para cumplirlas. Es probable que debas preparar distintos comunicados pues, distintas audiencias pueden tener distintos requerimientos de informaci\u00f3n a ser comunicados. <\/p>\n<p><strong>Usa herramientas de colaboraci\u00f3n a medida que el proyecto crece<\/strong><\/p>\n<p>Los proyectos grandes generalmente tienen un gran n\u00famero de interesados, quienes adem\u00e1s tienden a ser diversos y dispersos. Debes considerar aplicaciones de software y <strong>herramientas colaborativas<\/strong> que faciliten el compartir documentos y permitan una comunicaci\u00f3n m\u00e1s f\u00e1cil. <\/p>\n<p>\u2003<br \/>\n<strong>Comunicaci\u00f3n &#8211; \u00a1S\u00f3lo hazlo!<\/strong><\/p>\n<p>A todos nos han dicho \u201ccomun\u00edcate, comun\u00edcate, comun\u00edcate\u201d. Los directores de proyecto deben tomarse esto muy en serio. Hay muchos otros aspectos en un proyecto que no dependen al cien por ciento de ti. La comunicaci\u00f3n, sin embargo, es algo que est\u00e1 directamente dentro de tu control. Quiz\u00e1 te sorprendas de que tan f\u00e1cil fluye tu proyecto cuando te <strong>comunicas proactivamente<\/strong> con el equipo, los clientes y otros interesados. <\/p>\n<p><strong>La buena noticia<\/strong><\/p>\n<p>Si nunca has realizado un plan de comunicaciones o quieres revisar una propuesta alternativa, nosotros en TenStep contamos con una metodolog\u00eda completa que contribuye a abreviar tu camino y a mejorar tu pr\u00e1ctica individual o corporativa. <\/p>\n<p>Desarrolla el Plan de Comunicaciones para tu proyecto descargando el formato que propone la metodolog\u00eda TenStep dando <a href=\"http:\/\/www.proyectum.lat\/template-comunicacion\" target=\"_blank\" rel=\"noopener noreferrer\">clic aqu\u00ed<\/a> o en la siguiente imagen.<\/p>\n<p><a href=\"http:\/\/www.proyectum.lat\/template-comunicacion\" target=\"_blank\" rel=\"noopener noreferrer\"><img loading=\"lazy\" decoding=\"async\" src=\"http:\/\/www.proyectum.lat\/wp-content\/uploads\/2017\/02\/Imagen-Descarga-Plantilla-Gratis.png\" alt=\"Imagen Descarga Plantilla Gratis\" width=\"990\" height=\"270\" class=\"aligncenter size-full wp-image-3072\" \/><\/a><\/p>\n<p><em>Si deseas que te apoyemos en el desarrollo de tu Plan de Comunicaciones o en alg\u00fan otro punto de tu proyecto, no lo dudes. Estaremos entusiasmados de aportar nuestra experiencia para el \u00e9xito de tu proyecto. Puedes <a href=\"http:\/\/tenstep.mx\/contacto-tenstep\/\">contactarnos aqu\u00ed<\/a>.<\/em><\/p>\n<p>Traducci\u00f3n: <strong>Claudia Vald\u00e9s<\/strong>.<br \/>\nComplemento, adaptaci\u00f3n y Contextualizaci\u00f3n: <strong>Jorge Vald\u00e9s, PMP<\/strong>.<\/p>\n","protected":false},"excerpt":{"rendered":"<p>Todos conocemos la instrucci\u00f3n. Est\u00e1s realizando un trabajo heroico al dirigir un proyecto, resolviendo problemas, liderando al equipo e intentando lograr completar todo el trabajo a tiempo y dentro del presupuesto. Sin embargo, cuando tu director o tu cliente te preguntan c\u00f3mo va el proyecto, invariablemente respondes \u201ctodo bien\u201d. Muchos directores de proyectos intentan comunicarse [&hellip;]<\/p>\n","protected":false},"author":29,"featured_media":3050,"comment_status":"open","ping_status":"open","sticky":false,"template":"","format":"standard","meta":{"_acf_changed":false,"content-type":"","footnotes":""},"categories":[67,57],"tags":[480,251],"class_list":["post-3048","post","type-post","status-publish","format-standard","has-post-thumbnail","hentry","category-comunicacion","category-direccion-de-proyectos","tag-como-va-el-proyecto","tag-dirigir-un-proyecto"],"acf":[],"featured_image_src":{"landsacpe":["https:\/\/proyectum.com\/sistema\/wp-content\/uploads\/2017\/02\/Plan-de-Comunicaci\u00f3n-1024x445.jpg",1024,445,true],"list":["https:\/\/proyectum.com\/sistema\/wp-content\/uploads\/2017\/02\/Plan-de-Comunicaci\u00f3n-463x348.jpg",463,348,true],"medium":["https:\/\/proyectum.com\/sistema\/wp-content\/uploads\/2017\/02\/Plan-de-Comunicaci\u00f3n-300x167.jpg",300,167,true],"full":["https:\/\/proyectum.com\/sistema\/wp-content\/uploads\/2017\/02\/Plan-de-Comunicaci\u00f3n.jpg",1024,571,false]},"yoast_head":"<!-- This site is optimized with the Yoast SEO plugin v27.5 - https:\/\/yoast.com\/product\/yoast-seo-wordpress\/ -->\n<title>Comunicaci\u00f3n proactiva basada en el tama\u00f1o de tu proyecto - Proyectum<\/title>\n<meta name=\"description\" content=\"Todos conocemos la instrucci\u00f3n. Est\u00e1s realizando un trabajo heroico al dirigir un proyecto, resolviendo problemas, liderando al equipo e intentando lograr\" \/>\n<meta name=\"robots\" content=\"index, follow, max-snippet:-1, max-image-preview:large, max-video-preview:-1\" \/>\n<link rel=\"canonical\" href=\"https:\/\/proyectum.com\/sistema\/blog\/comunicacion-proactiva-basada-en-el-tamano-de-tu-proyecto\/\" \/>\n<meta property=\"og:locale\" content=\"es_ES\" \/>\n<meta property=\"og:type\" content=\"article\" \/>\n<meta property=\"og:title\" content=\"Comunicaci\u00f3n proactiva basada en el tama\u00f1o de tu proyecto - Proyectum\" \/>\n<meta property=\"og:description\" content=\"Todos conocemos la instrucci\u00f3n. Est\u00e1s realizando un trabajo heroico al dirigir un proyecto, resolviendo problemas, liderando al equipo e intentando lograr\" \/>\n<meta property=\"og:url\" content=\"https:\/\/proyectum.com\/sistema\/blog\/comunicacion-proactiva-basada-en-el-tamano-de-tu-proyecto\/\" \/>\n<meta property=\"og:site_name\" content=\"Proyectum\" \/>\n<meta property=\"article:publisher\" content=\"https:\/\/www.facebook.com\/proyectum\/\" \/>\n<meta property=\"article:published_time\" content=\"2017-02-15T16:45:53+00:00\" \/>\n<meta property=\"og:image\" content=\"https:\/\/proyectum.com\/sistema\/wp-content\/uploads\/2017\/02\/Plan-de-Comunicaci\u00f3n.jpg\" \/>\n\t<meta property=\"og:image:width\" content=\"1024\" \/>\n\t<meta property=\"og:image:height\" content=\"571\" \/>\n\t<meta property=\"og:image:type\" content=\"image\/jpeg\" \/>\n<meta name=\"author\" content=\"Tom Mochal\" \/>\n<meta name=\"twitter:card\" content=\"summary_large_image\" \/>\n<meta name=\"twitter:label1\" content=\"Escrito por\" \/>\n\t<meta name=\"twitter:data1\" content=\"Tom Mochal\" \/>\n\t<meta name=\"twitter:label2\" content=\"Tiempo de lectura\" \/>\n\t<meta name=\"twitter:data2\" content=\"3 minutos\" \/>\n<script type=\"application\/ld+json\" class=\"yoast-schema-graph\">{\"@context\":\"https:\\\/\\\/schema.org\",\"@graph\":[{\"@type\":\"Article\",\"@id\":\"https:\\\/\\\/proyectum.com\\\/sistema\\\/blog\\\/comunicacion-proactiva-basada-en-el-tamano-de-tu-proyecto\\\/#article\",\"isPartOf\":{\"@id\":\"https:\\\/\\\/proyectum.com\\\/sistema\\\/blog\\\/comunicacion-proactiva-basada-en-el-tamano-de-tu-proyecto\\\/\"},\"author\":{\"name\":\"Tom Mochal\",\"@id\":\"https:\\\/\\\/proyectum.com\\\/sistema\\\/#\\\/schema\\\/person\\\/da4a56710ca8841652b5b85e411a5f14\"},\"headline\":\"Comunicaci\u00f3n proactiva basada en el tama\u00f1o de tu proyecto\",\"datePublished\":\"2017-02-15T16:45:53+00:00\",\"mainEntityOfPage\":{\"@id\":\"https:\\\/\\\/proyectum.com\\\/sistema\\\/blog\\\/comunicacion-proactiva-basada-en-el-tamano-de-tu-proyecto\\\/\"},\"wordCount\":596,\"commentCount\":0,\"publisher\":{\"@id\":\"https:\\\/\\\/proyectum.com\\\/sistema\\\/#organization\"},\"image\":{\"@id\":\"https:\\\/\\\/proyectum.com\\\/sistema\\\/blog\\\/comunicacion-proactiva-basada-en-el-tamano-de-tu-proyecto\\\/#primaryimage\"},\"thumbnailUrl\":\"https:\\\/\\\/proyectum.com\\\/sistema\\\/wp-content\\\/uploads\\\/2017\\\/02\\\/Plan-de-Comunicaci\u00f3n.jpg\",\"keywords\":[\"c\u00f3mo va el proyecto\",\"dirigir un proyecto\"],\"articleSection\":[\"Comunicaci\u00f3n\",\"Direcci\u00f3n de Proyectos\"],\"inLanguage\":\"es\",\"potentialAction\":[{\"@type\":\"CommentAction\",\"name\":\"Comment\",\"target\":[\"https:\\\/\\\/proyectum.com\\\/sistema\\\/blog\\\/comunicacion-proactiva-basada-en-el-tamano-de-tu-proyecto\\\/#respond\"]}]},{\"@type\":\"WebPage\",\"@id\":\"https:\\\/\\\/proyectum.com\\\/sistema\\\/blog\\\/comunicacion-proactiva-basada-en-el-tamano-de-tu-proyecto\\\/\",\"url\":\"https:\\\/\\\/proyectum.com\\\/sistema\\\/blog\\\/comunicacion-proactiva-basada-en-el-tamano-de-tu-proyecto\\\/\",\"name\":\"Comunicaci\u00f3n proactiva basada en el tama\u00f1o de tu proyecto - Proyectum\",\"isPartOf\":{\"@id\":\"https:\\\/\\\/proyectum.com\\\/sistema\\\/#website\"},\"primaryImageOfPage\":{\"@id\":\"https:\\\/\\\/proyectum.com\\\/sistema\\\/blog\\\/comunicacion-proactiva-basada-en-el-tamano-de-tu-proyecto\\\/#primaryimage\"},\"image\":{\"@id\":\"https:\\\/\\\/proyectum.com\\\/sistema\\\/blog\\\/comunicacion-proactiva-basada-en-el-tamano-de-tu-proyecto\\\/#primaryimage\"},\"thumbnailUrl\":\"https:\\\/\\\/proyectum.com\\\/sistema\\\/wp-content\\\/uploads\\\/2017\\\/02\\\/Plan-de-Comunicaci\u00f3n.jpg\",\"datePublished\":\"2017-02-15T16:45:53+00:00\",\"description\":\"Todos conocemos la instrucci\u00f3n. Est\u00e1s realizando un trabajo heroico al dirigir un proyecto, resolviendo problemas, liderando al equipo e intentando lograr\",\"breadcrumb\":{\"@id\":\"https:\\\/\\\/proyectum.com\\\/sistema\\\/blog\\\/comunicacion-proactiva-basada-en-el-tamano-de-tu-proyecto\\\/#breadcrumb\"},\"inLanguage\":\"es\",\"potentialAction\":[{\"@type\":\"ReadAction\",\"target\":[\"https:\\\/\\\/proyectum.com\\\/sistema\\\/blog\\\/comunicacion-proactiva-basada-en-el-tamano-de-tu-proyecto\\\/\"]}]},{\"@type\":\"ImageObject\",\"inLanguage\":\"es\",\"@id\":\"https:\\\/\\\/proyectum.com\\\/sistema\\\/blog\\\/comunicacion-proactiva-basada-en-el-tamano-de-tu-proyecto\\\/#primaryimage\",\"url\":\"https:\\\/\\\/proyectum.com\\\/sistema\\\/wp-content\\\/uploads\\\/2017\\\/02\\\/Plan-de-Comunicaci\u00f3n.jpg\",\"contentUrl\":\"https:\\\/\\\/proyectum.com\\\/sistema\\\/wp-content\\\/uploads\\\/2017\\\/02\\\/Plan-de-Comunicaci\u00f3n.jpg\",\"width\":1024,\"height\":571,\"caption\":\"Plan de comunicaci\u00f3n\"},{\"@type\":\"BreadcrumbList\",\"@id\":\"https:\\\/\\\/proyectum.com\\\/sistema\\\/blog\\\/comunicacion-proactiva-basada-en-el-tamano-de-tu-proyecto\\\/#breadcrumb\",\"itemListElement\":[{\"@type\":\"ListItem\",\"position\":1,\"name\":\"Home\",\"item\":\"https:\\\/\\\/proyectum.com\\\/sistema\\\/\"},{\"@type\":\"ListItem\",\"position\":2,\"name\":\"Comunicaci\u00f3n proactiva basada en el tama\u00f1o de tu proyecto\"}]},{\"@type\":\"WebSite\",\"@id\":\"https:\\\/\\\/proyectum.com\\\/sistema\\\/#website\",\"url\":\"https:\\\/\\\/proyectum.com\\\/sistema\\\/\",\"name\":\"Proyectum\",\"description\":\"Direcci\u00f3n de Proyectos y M\u00e9todos \u00c1giles\",\"publisher\":{\"@id\":\"https:\\\/\\\/proyectum.com\\\/sistema\\\/#organization\"},\"potentialAction\":[{\"@type\":\"SearchAction\",\"target\":{\"@type\":\"EntryPoint\",\"urlTemplate\":\"https:\\\/\\\/proyectum.com\\\/sistema\\\/?s={search_term_string}\"},\"query-input\":{\"@type\":\"PropertyValueSpecification\",\"valueRequired\":true,\"valueName\":\"search_term_string\"}}],\"inLanguage\":\"es\"},{\"@type\":\"Organization\",\"@id\":\"https:\\\/\\\/proyectum.com\\\/sistema\\\/#organization\",\"name\":\"Proyectum\",\"url\":\"https:\\\/\\\/proyectum.com\\\/sistema\\\/\",\"logo\":{\"@type\":\"ImageObject\",\"inLanguage\":\"es\",\"@id\":\"https:\\\/\\\/proyectum.com\\\/sistema\\\/#\\\/schema\\\/logo\\\/image\\\/\",\"url\":\"https:\\\/\\\/www.proyectum.com\\\/sistema\\\/wp-content\\\/uploads\\\/2020\\\/04\\\/proyectum-logo-snippet.png\",\"contentUrl\":\"https:\\\/\\\/www.proyectum.com\\\/sistema\\\/wp-content\\\/uploads\\\/2020\\\/04\\\/proyectum-logo-snippet.png\",\"width\":600,\"height\":315,\"caption\":\"Proyectum\"},\"image\":{\"@id\":\"https:\\\/\\\/proyectum.com\\\/sistema\\\/#\\\/schema\\\/logo\\\/image\\\/\"},\"sameAs\":[\"https:\\\/\\\/www.facebook.com\\\/proyectum\\\/\",\"https:\\\/\\\/www.linkedin.com\\\/company\\\/sistemaproyectum\\\/\",\"https:\\\/\\\/www.youtube.com\\\/channel\\\/UCljouWimyhK_cNcC2jniUgw\"]},{\"@type\":\"Person\",\"@id\":\"https:\\\/\\\/proyectum.com\\\/sistema\\\/#\\\/schema\\\/person\\\/da4a56710ca8841652b5b85e411a5f14\",\"name\":\"Tom Mochal\",\"image\":{\"@type\":\"ImageObject\",\"inLanguage\":\"es\",\"@id\":\"https:\\\/\\\/secure.gravatar.com\\\/avatar\\\/02e0c119852af735bafe46f4064c46b871dc0cf14136063ffcc2724dd107c3ae?s=96&d=mm&r=g\",\"url\":\"https:\\\/\\\/secure.gravatar.com\\\/avatar\\\/02e0c119852af735bafe46f4064c46b871dc0cf14136063ffcc2724dd107c3ae?s=96&d=mm&r=g\",\"contentUrl\":\"https:\\\/\\\/secure.gravatar.com\\\/avatar\\\/02e0c119852af735bafe46f4064c46b871dc0cf14136063ffcc2724dd107c3ae?s=96&d=mm&r=g\",\"caption\":\"Tom Mochal\"},\"url\":\"https:\\\/\\\/proyectum.com\\\/sistema\\\/author\\\/tom-ts\\\/\"}]}<\/script>\n<!-- \/ Yoast SEO plugin. -->","yoast_head_json":{"title":"Comunicaci\u00f3n proactiva basada en el tama\u00f1o de tu proyecto - Proyectum","description":"Todos conocemos la instrucci\u00f3n. Est\u00e1s realizando un trabajo heroico al dirigir un proyecto, resolviendo problemas, liderando al equipo e intentando lograr","robots":{"index":"index","follow":"follow","max-snippet":"max-snippet:-1","max-image-preview":"max-image-preview:large","max-video-preview":"max-video-preview:-1"},"canonical":"https:\/\/proyectum.com\/sistema\/blog\/comunicacion-proactiva-basada-en-el-tamano-de-tu-proyecto\/","og_locale":"es_ES","og_type":"article","og_title":"Comunicaci\u00f3n proactiva basada en el tama\u00f1o de tu proyecto - Proyectum","og_description":"Todos conocemos la instrucci\u00f3n. Est\u00e1s realizando un trabajo heroico al dirigir un proyecto, resolviendo problemas, liderando al equipo e intentando lograr","og_url":"https:\/\/proyectum.com\/sistema\/blog\/comunicacion-proactiva-basada-en-el-tamano-de-tu-proyecto\/","og_site_name":"Proyectum","article_publisher":"https:\/\/www.facebook.com\/proyectum\/","article_published_time":"2017-02-15T16:45:53+00:00","og_image":[{"width":1024,"height":571,"url":"https:\/\/proyectum.com\/sistema\/wp-content\/uploads\/2017\/02\/Plan-de-Comunicaci\u00f3n.jpg","type":"image\/jpeg"}],"author":"Tom Mochal","twitter_card":"summary_large_image","twitter_misc":{"Escrito por":"Tom Mochal","Tiempo de lectura":"3 minutos"},"schema":{"@context":"https:\/\/schema.org","@graph":[{"@type":"Article","@id":"https:\/\/proyectum.com\/sistema\/blog\/comunicacion-proactiva-basada-en-el-tamano-de-tu-proyecto\/#article","isPartOf":{"@id":"https:\/\/proyectum.com\/sistema\/blog\/comunicacion-proactiva-basada-en-el-tamano-de-tu-proyecto\/"},"author":{"name":"Tom Mochal","@id":"https:\/\/proyectum.com\/sistema\/#\/schema\/person\/da4a56710ca8841652b5b85e411a5f14"},"headline":"Comunicaci\u00f3n proactiva basada en el tama\u00f1o de tu proyecto","datePublished":"2017-02-15T16:45:53+00:00","mainEntityOfPage":{"@id":"https:\/\/proyectum.com\/sistema\/blog\/comunicacion-proactiva-basada-en-el-tamano-de-tu-proyecto\/"},"wordCount":596,"commentCount":0,"publisher":{"@id":"https:\/\/proyectum.com\/sistema\/#organization"},"image":{"@id":"https:\/\/proyectum.com\/sistema\/blog\/comunicacion-proactiva-basada-en-el-tamano-de-tu-proyecto\/#primaryimage"},"thumbnailUrl":"https:\/\/proyectum.com\/sistema\/wp-content\/uploads\/2017\/02\/Plan-de-Comunicaci\u00f3n.jpg","keywords":["c\u00f3mo va el proyecto","dirigir un proyecto"],"articleSection":["Comunicaci\u00f3n","Direcci\u00f3n de Proyectos"],"inLanguage":"es","potentialAction":[{"@type":"CommentAction","name":"Comment","target":["https:\/\/proyectum.com\/sistema\/blog\/comunicacion-proactiva-basada-en-el-tamano-de-tu-proyecto\/#respond"]}]},{"@type":"WebPage","@id":"https:\/\/proyectum.com\/sistema\/blog\/comunicacion-proactiva-basada-en-el-tamano-de-tu-proyecto\/","url":"https:\/\/proyectum.com\/sistema\/blog\/comunicacion-proactiva-basada-en-el-tamano-de-tu-proyecto\/","name":"Comunicaci\u00f3n proactiva basada en el tama\u00f1o de tu proyecto - Proyectum","isPartOf":{"@id":"https:\/\/proyectum.com\/sistema\/#website"},"primaryImageOfPage":{"@id":"https:\/\/proyectum.com\/sistema\/blog\/comunicacion-proactiva-basada-en-el-tamano-de-tu-proyecto\/#primaryimage"},"image":{"@id":"https:\/\/proyectum.com\/sistema\/blog\/comunicacion-proactiva-basada-en-el-tamano-de-tu-proyecto\/#primaryimage"},"thumbnailUrl":"https:\/\/proyectum.com\/sistema\/wp-content\/uploads\/2017\/02\/Plan-de-Comunicaci\u00f3n.jpg","datePublished":"2017-02-15T16:45:53+00:00","description":"Todos conocemos la instrucci\u00f3n. Est\u00e1s realizando un trabajo heroico al dirigir un proyecto, resolviendo problemas, liderando al equipo e intentando lograr","breadcrumb":{"@id":"https:\/\/proyectum.com\/sistema\/blog\/comunicacion-proactiva-basada-en-el-tamano-de-tu-proyecto\/#breadcrumb"},"inLanguage":"es","potentialAction":[{"@type":"ReadAction","target":["https:\/\/proyectum.com\/sistema\/blog\/comunicacion-proactiva-basada-en-el-tamano-de-tu-proyecto\/"]}]},{"@type":"ImageObject","inLanguage":"es","@id":"https:\/\/proyectum.com\/sistema\/blog\/comunicacion-proactiva-basada-en-el-tamano-de-tu-proyecto\/#primaryimage","url":"https:\/\/proyectum.com\/sistema\/wp-content\/uploads\/2017\/02\/Plan-de-Comunicaci\u00f3n.jpg","contentUrl":"https:\/\/proyectum.com\/sistema\/wp-content\/uploads\/2017\/02\/Plan-de-Comunicaci\u00f3n.jpg","width":1024,"height":571,"caption":"Plan de comunicaci\u00f3n"},{"@type":"BreadcrumbList","@id":"https:\/\/proyectum.com\/sistema\/blog\/comunicacion-proactiva-basada-en-el-tamano-de-tu-proyecto\/#breadcrumb","itemListElement":[{"@type":"ListItem","position":1,"name":"Home","item":"https:\/\/proyectum.com\/sistema\/"},{"@type":"ListItem","position":2,"name":"Comunicaci\u00f3n proactiva basada en el tama\u00f1o de tu proyecto"}]},{"@type":"WebSite","@id":"https:\/\/proyectum.com\/sistema\/#website","url":"https:\/\/proyectum.com\/sistema\/","name":"Proyectum","description":"Direcci\u00f3n de Proyectos y M\u00e9todos \u00c1giles","publisher":{"@id":"https:\/\/proyectum.com\/sistema\/#organization"},"potentialAction":[{"@type":"SearchAction","target":{"@type":"EntryPoint","urlTemplate":"https:\/\/proyectum.com\/sistema\/?s={search_term_string}"},"query-input":{"@type":"PropertyValueSpecification","valueRequired":true,"valueName":"search_term_string"}}],"inLanguage":"es"},{"@type":"Organization","@id":"https:\/\/proyectum.com\/sistema\/#organization","name":"Proyectum","url":"https:\/\/proyectum.com\/sistema\/","logo":{"@type":"ImageObject","inLanguage":"es","@id":"https:\/\/proyectum.com\/sistema\/#\/schema\/logo\/image\/","url":"https:\/\/www.proyectum.com\/sistema\/wp-content\/uploads\/2020\/04\/proyectum-logo-snippet.png","contentUrl":"https:\/\/www.proyectum.com\/sistema\/wp-content\/uploads\/2020\/04\/proyectum-logo-snippet.png","width":600,"height":315,"caption":"Proyectum"},"image":{"@id":"https:\/\/proyectum.com\/sistema\/#\/schema\/logo\/image\/"},"sameAs":["https:\/\/www.facebook.com\/proyectum\/","https:\/\/www.linkedin.com\/company\/sistemaproyectum\/","https:\/\/www.youtube.com\/channel\/UCljouWimyhK_cNcC2jniUgw"]},{"@type":"Person","@id":"https:\/\/proyectum.com\/sistema\/#\/schema\/person\/da4a56710ca8841652b5b85e411a5f14","name":"Tom Mochal","image":{"@type":"ImageObject","inLanguage":"es","@id":"https:\/\/secure.gravatar.com\/avatar\/02e0c119852af735bafe46f4064c46b871dc0cf14136063ffcc2724dd107c3ae?s=96&d=mm&r=g","url":"https:\/\/secure.gravatar.com\/avatar\/02e0c119852af735bafe46f4064c46b871dc0cf14136063ffcc2724dd107c3ae?s=96&d=mm&r=g","contentUrl":"https:\/\/secure.gravatar.com\/avatar\/02e0c119852af735bafe46f4064c46b871dc0cf14136063ffcc2724dd107c3ae?s=96&d=mm&r=g","caption":"Tom Mochal"},"url":"https:\/\/proyectum.com\/sistema\/author\/tom-ts\/"}]}},"_links":{"self":[{"href":"https:\/\/proyectum.com\/sistema\/wp-json\/wp\/v2\/posts\/3048","targetHints":{"allow":["GET"]}}],"collection":[{"href":"https:\/\/proyectum.com\/sistema\/wp-json\/wp\/v2\/posts"}],"about":[{"href":"https:\/\/proyectum.com\/sistema\/wp-json\/wp\/v2\/types\/post"}],"author":[{"embeddable":true,"href":"https:\/\/proyectum.com\/sistema\/wp-json\/wp\/v2\/users\/29"}],"replies":[{"embeddable":true,"href":"https:\/\/proyectum.com\/sistema\/wp-json\/wp\/v2\/comments?post=3048"}],"version-history":[{"count":0,"href":"https:\/\/proyectum.com\/sistema\/wp-json\/wp\/v2\/posts\/3048\/revisions"}],"wp:featuredmedia":[{"embeddable":true,"href":"https:\/\/proyectum.com\/sistema\/wp-json\/wp\/v2\/media\/3050"}],"wp:attachment":[{"href":"https:\/\/proyectum.com\/sistema\/wp-json\/wp\/v2\/media?parent=3048"}],"wp:term":[{"taxonomy":"category","embeddable":true,"href":"https:\/\/proyectum.com\/sistema\/wp-json\/wp\/v2\/categories?post=3048"},{"taxonomy":"post_tag","embeddable":true,"href":"https:\/\/proyectum.com\/sistema\/wp-json\/wp\/v2\/tags?post=3048"}],"curies":[{"name":"wp","href":"https:\/\/api.w.org\/{rel}","templated":true}]}}