{"id":381,"date":"2011-05-17T10:29:00","date_gmt":"2011-05-17T16:29:00","guid":{"rendered":"http:\/\/proyectum.wordpress.com\/?p=381"},"modified":"2011-05-17T10:29:00","modified_gmt":"2011-05-17T16:29:00","slug":"la-direccion-verde-de-proyectos-como-ponerla-en-practica","status":"publish","type":"post","link":"https:\/\/proyectum.com\/sistema\/blog\/la-direccion-verde-de-proyectos-como-ponerla-en-practica\/","title":{"rendered":"La Direcci\u00f3n Verde de Proyectos. C\u00f3mo Ponerla en Pr\u00e1ctica"},"content":{"rendered":"<p align=\"right\">Autor: Jos\u00e9 Luis Flores P\u00e9rez, MDO<\/p>\n<p>\u00a0<\/p>\n<p align=\"right\">Copyright\u00a9 2007-2011 TenStep Latinoam\u00e9rica S.A. de C.V. Todos los derechos reservados.<\/p>\n<p>\u00a0<\/p>\n<p>Desde principios de los a\u00f1os 90 del siglo pasado ha ido creciendo la preocupaci\u00f3n por el cuidado del ambiente. La International Organization for Standarization (<a href=\"http:\/\/www.iso.org\/\">www.iso.org<\/a>), estableci\u00f3 los est\u00e1ndares ISO 14000 para el campo ambiental en 1996, est\u00e1ndares que fueron revisados en 2004. Estos est\u00e1ndares son voluntarios y globales. Hoy hay un n\u00famero creciente de empresas que observan el ISO 14001. Es com\u00fan en estas compa\u00f1\u00edas requerir lo mismo a sus proveedores.<\/p>\n<p>GreenPM, t\u00e9rmino acu\u00f1ado por Tom Mochal y Andrea Kransoff de TenStep Inc., es un concepto que ayuda a generar consciencia alrededor de estos temas. Principalmente busca ayudar a las organizaciones a identificar e incorporar pol\u00edticas ambientales dentro de los procesos de Direcci\u00f3n de Proyectos.<\/p>\n<p>En el PMBOK<sup>\u00ae<\/sup> Guide se identifican nueve \u00e1reas de conocimiento que se cubren com\u00fanmente en una metodolog\u00eda de Direcci\u00f3n de Proyectos. Las acciones para estos temas se mencionan brevemente a continuaci\u00f3n:<\/p>\n<p><strong>Integraci\u00f3n de la direcci\u00f3n del proyecto.<\/strong><\/p>\n<p>Esto se refiere a la visi\u00f3n hol\u00edstica que debe de tener el gerente de proyecto. La integraci\u00f3n de la direcci\u00f3n del proyecto es el \u00e1rea m\u00e1s probable en la que se puede incorporar el \u201cpensamiento verde\u201d. Particularmente al inicio de proyecto, durante la integraci\u00f3n del plan para la direcci\u00f3n del proyecto y en la Adminisraci\u00f3n Integral de los Cambios. Estos procesos son en donde todo lo relacionado al proyecto (o los cambios de alcance) se eval\u00faan y sus efectos en otros procesos de Direcci\u00f3n de Proyectos se consideran. El medio ambiente deber\u00eda ser un aspecto a evaluarse en cada proyecto y en cada cambio y ser un factor importante en cada proceso de toma de decisiones.<\/p>\n<p><strong>Administraci\u00f3n del Alcance.<\/strong><\/p>\n<p>Adem\u00e1s de que el proceso de cambios de alcance tome en cuenta el valor del negocio y el impacto en el proyecto. Hay un tercer factor: El impacto en el ambiente.<\/p>\n<p><strong>Administraci\u00f3n del Tiempo.<\/strong><\/p>\n<p>Adoptar una Direcci\u00f3n Verde de Proyectos\u00a0puede incluir actividades de soporte a las pol\u00edticas de la empresa en materia ambiental.<\/p>\n<p>Por ejemplo, el cuidar que no haya desviaciones en el tiempo del proyecto reduce el consumo de recursos (papel y energ\u00eda el\u00e9ctrica). Adem\u00e1s, si la empresa cuenta con pol\u00edticas de protecci\u00f3n ambiental es importante considerarlas en la definici\u00f3n del proyecto.<\/p>\n<p><strong>Administraci\u00f3n de Costos.<\/strong><\/p>\n<p>Sus proyectos pueden incluir costos para el ambiente relativos a los procesos o actividades en el proyecto.<\/p>\n<p>Por ejemplo, una pol\u00edtica de disminuci\u00f3n de papel o de reciclaje puede reducir los costos directos del proyecto y ayudar al medio ambiente. Quiz\u00e1s se pueda pensar que evitar imprimir en el proyecto no tiene caso. Pero, \u00bfqu\u00e9 tal si se suman todos los proyectos de la organizaci\u00f3n? Entonces probablemente ya no se ve como un ahorro marginal. \u00a0\u00a0\u00a0<\/p>\n<p><strong>Administraci\u00f3n de la Calidad.<\/strong><\/p>\n<p>Hay dos niveles en los programas de Administraci\u00f3n de la Calidad, cada uno puede acomodar los conceptos de GreenPM. Uno est\u00e1 enfocado a nivel organizacional y otro a nivel proyecto.<\/p>\n<p>Por ejemplo, a nivel organizacional se encuentran las pol\u00edticas de la empresa. A nivel proyecto, las acciones que se consideran para cuidar el impacto en el medio ambiente.<\/p>\n<p><strong>Administraci\u00f3n de Recursos Humanos.<\/strong><\/p>\n<p>Al practicar el GreenPM, se puede incluir programas de consciencia y capacitaci\u00f3n a los miembros del equipo del proyecto en los procesos que consideran el medio ambiente.<\/p>\n<p>Por ejemplo,\u00a0solamente imprimir o usar papel reciclado si esto es inevitable. Separar la basura, etc.<\/p>\n<p><strong>Administraci\u00f3n de las Comunicaciones.<\/strong><\/p>\n<p>Muchas organizaciones que hoy cumplen los est\u00e1ndares de la familia 14000 pueden tener individuos responsables que participan en sus procesos de Sistemas de Gesti\u00f3n Ambiental.<\/p>\n<p>Por ejemplo, el promover una cultura verde puede extenderse m\u00e1s all\u00e1 de los miembros del equipo. Se pueden hacer campa\u00f1as con los interesados del proyecto para compartir autom\u00f3vil, para promover autorizaciones electr\u00f3nicas, etc.<\/p>\n<p><strong>Administraci\u00f3n de Riesgos.<\/strong><\/p>\n<p>Cuando se aplica el \u201cpensamiento verde\u201d, su equipo de proyecto puede analizar cada impacto en el ambiente, y relacionarlo con la pol\u00edtica ambiental de la organizaci\u00f3n.<\/p>\n<p>Por ejemplo, conocer los aspectos de la regulaci\u00f3n ambiental y estar pendiente de los efectos del proyecto en el medio ambiente.<\/p>\n<p><strong>Administraci\u00f3n de Compras.<\/strong><\/p>\n<p>Los proveedores deben seguir su metodolog\u00eda de GreenPM y enfocarse en el ambiente en su trabajo para sus proyectos.<\/p>\n<p>El desarrollar una Direcci\u00f3n Verde de Proyectos\u00a0es contribuir a que la organizaci\u00f3n sea socialmente responsable.<\/p>\n<p>Las organizaciones socialmente responsables se caracterizan por:<\/p>\n<ul>\n<li>\u00c9tica, valores y principios de los negocios.<\/li>\n<li>Derechos humanos, trabajo y empleo.<\/li>\n<li>Gobernabilidad corporativa.<\/li>\n<li>Impactos sobre el medio ambiente.<\/li>\n<li>Relaciones con proveedores.<\/li>\n<li>Filantrop\u00eda e inversi\u00f3n social.<\/li>\n<li>Transparencia y rendici\u00f3n de cuentas.<\/li>\n<\/ul>\n<p>\u00a0<\/p>\n<p>Hoy en d\u00eda, la responsabilidad social se refiere m\u00e1s bien a una forma de hacer negocios que toma en cuenta los efectos sociales, ambientales y econ\u00f3micos de la acci\u00f3n empresarial. Integrando en ella el respeto por los valores \u00e9ticos, las personas, las comunidades y el medio ambiente.<\/p>\n<p>Una forma en c\u00f3mo los gerentes de proyecto pueden contribuir en este aspecto es poniendo en pr\u00e1ctica la Direcci\u00f3n Verde de Proyectos Verde. \u00a0\u00a0\u00a0<\/p>\n<p><strong>Jos\u00e9 Luis Flores P\u00e9rez <\/strong>es Director Editorial de TenStep Latinoam\u00e9rica y tiene m\u00e1s de 30 a\u00f1os de experiencia en Direcci\u00f3n de Proyectos de TI. Cuenta con una Maestr\u00eda en Desarrollo Organizacional y tiene estudios de Doctorado en Ciencias de la Administraci\u00f3n.    \t<\/p>\n","protected":false},"excerpt":{"rendered":"<p>Autor: Jos\u00e9 Luis Flores P\u00e9rez, MDO \u00a0 Copyright\u00a9 2007-2011 TenStep Latinoam\u00e9rica S.A. de C.V. Todos los derechos reservados. \u00a0 Desde principios de los a\u00f1os 90 del siglo pasado ha ido creciendo la preocupaci\u00f3n por el cuidado del ambiente. La International Organization for Standarization (www.iso.org), estableci\u00f3 los est\u00e1ndares ISO 14000 para el campo ambiental en 1996, [&hellip;]<\/p>\n","protected":false},"author":20,"featured_media":8258,"comment_status":"open","ping_status":"open","sticky":false,"template":"","format":"standard","meta":{"_acf_changed":false,"content-type":"","footnotes":""},"categories":[57],"tags":[],"class_list":["post-381","post","type-post","status-publish","format-standard","has-post-thumbnail","hentry","category-direccion-de-proyectos"],"acf":[],"featured_image_src":{"landsacpe":false,"list":false,"medium":false,"full":false},"yoast_head":"<!-- This site is optimized with the Yoast SEO plugin v27.5 - https:\/\/yoast.com\/product\/yoast-seo-wordpress\/ -->\n<title>La Direcci\u00f3n Verde de Proyectos. C\u00f3mo Ponerla en Pr\u00e1ctica - Proyectum<\/title>\n<meta name=\"description\" content=\"Autor: Jos\u00e9 Luis Flores P\u00e9rez, MDO \u00a0 Copyright\u00a9 2007-2011 TenStep Latinoam\u00e9rica S.A. de C.V. Todos los derechos reservados. \u00a0 Desde principios de los a\u00f1os\" \/>\n<meta name=\"robots\" content=\"index, follow, max-snippet:-1, max-image-preview:large, max-video-preview:-1\" \/>\n<link rel=\"canonical\" href=\"https:\/\/proyectum.com\/sistema\/blog\/la-direccion-verde-de-proyectos-como-ponerla-en-practica\/\" \/>\n<meta property=\"og:locale\" content=\"es_ES\" \/>\n<meta property=\"og:type\" content=\"article\" \/>\n<meta property=\"og:title\" content=\"La Direcci\u00f3n Verde de Proyectos. C\u00f3mo Ponerla en Pr\u00e1ctica - Proyectum\" \/>\n<meta property=\"og:description\" content=\"Autor: Jos\u00e9 Luis Flores P\u00e9rez, MDO \u00a0 Copyright\u00a9 2007-2011 TenStep Latinoam\u00e9rica S.A. de C.V. Todos los derechos reservados. \u00a0 Desde principios de los a\u00f1os\" \/>\n<meta property=\"og:url\" content=\"https:\/\/proyectum.com\/sistema\/blog\/la-direccion-verde-de-proyectos-como-ponerla-en-practica\/\" \/>\n<meta property=\"og:site_name\" content=\"Proyectum\" \/>\n<meta property=\"article:publisher\" content=\"https:\/\/www.facebook.com\/proyectum\/\" \/>\n<meta property=\"article:published_time\" content=\"2011-05-17T16:29:00+00:00\" \/>\n<meta name=\"author\" content=\"Jos\u00e9 Luis Flores P\u00e9rez\" \/>\n<meta name=\"twitter:card\" content=\"summary_large_image\" \/>\n<meta name=\"twitter:label1\" content=\"Escrito por\" \/>\n\t<meta name=\"twitter:data1\" content=\"Jos\u00e9 Luis Flores P\u00e9rez\" \/>\n\t<meta name=\"twitter:label2\" content=\"Tiempo de lectura\" \/>\n\t<meta name=\"twitter:data2\" content=\"5 minutos\" \/>\n<script type=\"application\/ld+json\" class=\"yoast-schema-graph\">{\"@context\":\"https:\\\/\\\/schema.org\",\"@graph\":[{\"@type\":\"Article\",\"@id\":\"https:\\\/\\\/proyectum.com\\\/sistema\\\/blog\\\/la-direccion-verde-de-proyectos-como-ponerla-en-practica\\\/#article\",\"isPartOf\":{\"@id\":\"https:\\\/\\\/proyectum.com\\\/sistema\\\/blog\\\/la-direccion-verde-de-proyectos-como-ponerla-en-practica\\\/\"},\"author\":{\"name\":\"Jos\u00e9 Luis Flores P\u00e9rez\",\"@id\":\"https:\\\/\\\/proyectum.com\\\/sistema\\\/#\\\/schema\\\/person\\\/07a1b453f4d257662e15802446cf9f23\"},\"headline\":\"La Direcci\u00f3n Verde de Proyectos. C\u00f3mo Ponerla en Pr\u00e1ctica\",\"datePublished\":\"2011-05-17T16:29:00+00:00\",\"mainEntityOfPage\":{\"@id\":\"https:\\\/\\\/proyectum.com\\\/sistema\\\/blog\\\/la-direccion-verde-de-proyectos-como-ponerla-en-practica\\\/\"},\"wordCount\":961,\"commentCount\":0,\"publisher\":{\"@id\":\"https:\\\/\\\/proyectum.com\\\/sistema\\\/#organization\"},\"image\":{\"@id\":\"https:\\\/\\\/proyectum.com\\\/sistema\\\/blog\\\/la-direccion-verde-de-proyectos-como-ponerla-en-practica\\\/#primaryimage\"},\"thumbnailUrl\":\"\",\"articleSection\":[\"Direcci\u00f3n de Proyectos\"],\"inLanguage\":\"es\",\"potentialAction\":[{\"@type\":\"CommentAction\",\"name\":\"Comment\",\"target\":[\"https:\\\/\\\/proyectum.com\\\/sistema\\\/blog\\\/la-direccion-verde-de-proyectos-como-ponerla-en-practica\\\/#respond\"]}]},{\"@type\":\"WebPage\",\"@id\":\"https:\\\/\\\/proyectum.com\\\/sistema\\\/blog\\\/la-direccion-verde-de-proyectos-como-ponerla-en-practica\\\/\",\"url\":\"https:\\\/\\\/proyectum.com\\\/sistema\\\/blog\\\/la-direccion-verde-de-proyectos-como-ponerla-en-practica\\\/\",\"name\":\"La Direcci\u00f3n Verde de Proyectos. C\u00f3mo Ponerla en Pr\u00e1ctica - Proyectum\",\"isPartOf\":{\"@id\":\"https:\\\/\\\/proyectum.com\\\/sistema\\\/#website\"},\"primaryImageOfPage\":{\"@id\":\"https:\\\/\\\/proyectum.com\\\/sistema\\\/blog\\\/la-direccion-verde-de-proyectos-como-ponerla-en-practica\\\/#primaryimage\"},\"image\":{\"@id\":\"https:\\\/\\\/proyectum.com\\\/sistema\\\/blog\\\/la-direccion-verde-de-proyectos-como-ponerla-en-practica\\\/#primaryimage\"},\"thumbnailUrl\":\"\",\"datePublished\":\"2011-05-17T16:29:00+00:00\",\"description\":\"Autor: Jos\u00e9 Luis Flores P\u00e9rez, MDO \u00a0 Copyright\u00a9 2007-2011 TenStep Latinoam\u00e9rica S.A. de C.V. Todos los derechos reservados. \u00a0 Desde principios de los a\u00f1os\",\"breadcrumb\":{\"@id\":\"https:\\\/\\\/proyectum.com\\\/sistema\\\/blog\\\/la-direccion-verde-de-proyectos-como-ponerla-en-practica\\\/#breadcrumb\"},\"inLanguage\":\"es\",\"potentialAction\":[{\"@type\":\"ReadAction\",\"target\":[\"https:\\\/\\\/proyectum.com\\\/sistema\\\/blog\\\/la-direccion-verde-de-proyectos-como-ponerla-en-practica\\\/\"]}]},{\"@type\":\"ImageObject\",\"inLanguage\":\"es\",\"@id\":\"https:\\\/\\\/proyectum.com\\\/sistema\\\/blog\\\/la-direccion-verde-de-proyectos-como-ponerla-en-practica\\\/#primaryimage\",\"url\":\"\",\"contentUrl\":\"\"},{\"@type\":\"BreadcrumbList\",\"@id\":\"https:\\\/\\\/proyectum.com\\\/sistema\\\/blog\\\/la-direccion-verde-de-proyectos-como-ponerla-en-practica\\\/#breadcrumb\",\"itemListElement\":[{\"@type\":\"ListItem\",\"position\":1,\"name\":\"Home\",\"item\":\"https:\\\/\\\/proyectum.com\\\/sistema\\\/\"},{\"@type\":\"ListItem\",\"position\":2,\"name\":\"La Direcci\u00f3n Verde de Proyectos. C\u00f3mo Ponerla en Pr\u00e1ctica\"}]},{\"@type\":\"WebSite\",\"@id\":\"https:\\\/\\\/proyectum.com\\\/sistema\\\/#website\",\"url\":\"https:\\\/\\\/proyectum.com\\\/sistema\\\/\",\"name\":\"Proyectum\",\"description\":\"Direcci\u00f3n de Proyectos y M\u00e9todos \u00c1giles\",\"publisher\":{\"@id\":\"https:\\\/\\\/proyectum.com\\\/sistema\\\/#organization\"},\"potentialAction\":[{\"@type\":\"SearchAction\",\"target\":{\"@type\":\"EntryPoint\",\"urlTemplate\":\"https:\\\/\\\/proyectum.com\\\/sistema\\\/?s={search_term_string}\"},\"query-input\":{\"@type\":\"PropertyValueSpecification\",\"valueRequired\":true,\"valueName\":\"search_term_string\"}}],\"inLanguage\":\"es\"},{\"@type\":\"Organization\",\"@id\":\"https:\\\/\\\/proyectum.com\\\/sistema\\\/#organization\",\"name\":\"Proyectum\",\"url\":\"https:\\\/\\\/proyectum.com\\\/sistema\\\/\",\"logo\":{\"@type\":\"ImageObject\",\"inLanguage\":\"es\",\"@id\":\"https:\\\/\\\/proyectum.com\\\/sistema\\\/#\\\/schema\\\/logo\\\/image\\\/\",\"url\":\"https:\\\/\\\/www.proyectum.com\\\/sistema\\\/wp-content\\\/uploads\\\/2020\\\/04\\\/proyectum-logo-snippet.png\",\"contentUrl\":\"https:\\\/\\\/www.proyectum.com\\\/sistema\\\/wp-content\\\/uploads\\\/2020\\\/04\\\/proyectum-logo-snippet.png\",\"width\":600,\"height\":315,\"caption\":\"Proyectum\"},\"image\":{\"@id\":\"https:\\\/\\\/proyectum.com\\\/sistema\\\/#\\\/schema\\\/logo\\\/image\\\/\"},\"sameAs\":[\"https:\\\/\\\/www.facebook.com\\\/proyectum\\\/\",\"https:\\\/\\\/www.linkedin.com\\\/company\\\/sistemaproyectum\\\/\",\"https:\\\/\\\/www.youtube.com\\\/channel\\\/UCljouWimyhK_cNcC2jniUgw\"]},{\"@type\":\"Person\",\"@id\":\"https:\\\/\\\/proyectum.com\\\/sistema\\\/#\\\/schema\\\/person\\\/07a1b453f4d257662e15802446cf9f23\",\"name\":\"Jos\u00e9 Luis Flores P\u00e9rez\",\"image\":{\"@type\":\"ImageObject\",\"inLanguage\":\"es\",\"@id\":\"https:\\\/\\\/secure.gravatar.com\\\/avatar\\\/b8489172c99f4335b510c13ebc472b7b6bd9f778edc3d597aa5b5ede9e0dd3e3?s=96&d=mm&r=g\",\"url\":\"https:\\\/\\\/secure.gravatar.com\\\/avatar\\\/b8489172c99f4335b510c13ebc472b7b6bd9f778edc3d597aa5b5ede9e0dd3e3?s=96&d=mm&r=g\",\"contentUrl\":\"https:\\\/\\\/secure.gravatar.com\\\/avatar\\\/b8489172c99f4335b510c13ebc472b7b6bd9f778edc3d597aa5b5ede9e0dd3e3?s=96&d=mm&r=g\",\"caption\":\"Jos\u00e9 Luis Flores P\u00e9rez\"},\"url\":\"https:\\\/\\\/proyectum.com\\\/sistema\\\/author\\\/joseluisfloresperez\\\/\"}]}<\/script>\n<!-- \/ Yoast SEO plugin. -->","yoast_head_json":{"title":"La Direcci\u00f3n Verde de Proyectos. C\u00f3mo Ponerla en Pr\u00e1ctica - Proyectum","description":"Autor: Jos\u00e9 Luis Flores P\u00e9rez, MDO \u00a0 Copyright\u00a9 2007-2011 TenStep Latinoam\u00e9rica S.A. de C.V. Todos los derechos reservados. \u00a0 Desde principios de los a\u00f1os","robots":{"index":"index","follow":"follow","max-snippet":"max-snippet:-1","max-image-preview":"max-image-preview:large","max-video-preview":"max-video-preview:-1"},"canonical":"https:\/\/proyectum.com\/sistema\/blog\/la-direccion-verde-de-proyectos-como-ponerla-en-practica\/","og_locale":"es_ES","og_type":"article","og_title":"La Direcci\u00f3n Verde de Proyectos. C\u00f3mo Ponerla en Pr\u00e1ctica - Proyectum","og_description":"Autor: Jos\u00e9 Luis Flores P\u00e9rez, MDO \u00a0 Copyright\u00a9 2007-2011 TenStep Latinoam\u00e9rica S.A. de C.V. Todos los derechos reservados. \u00a0 Desde principios de los a\u00f1os","og_url":"https:\/\/proyectum.com\/sistema\/blog\/la-direccion-verde-de-proyectos-como-ponerla-en-practica\/","og_site_name":"Proyectum","article_publisher":"https:\/\/www.facebook.com\/proyectum\/","article_published_time":"2011-05-17T16:29:00+00:00","author":"Jos\u00e9 Luis Flores P\u00e9rez","twitter_card":"summary_large_image","twitter_misc":{"Escrito por":"Jos\u00e9 Luis Flores P\u00e9rez","Tiempo de lectura":"5 minutos"},"schema":{"@context":"https:\/\/schema.org","@graph":[{"@type":"Article","@id":"https:\/\/proyectum.com\/sistema\/blog\/la-direccion-verde-de-proyectos-como-ponerla-en-practica\/#article","isPartOf":{"@id":"https:\/\/proyectum.com\/sistema\/blog\/la-direccion-verde-de-proyectos-como-ponerla-en-practica\/"},"author":{"name":"Jos\u00e9 Luis Flores P\u00e9rez","@id":"https:\/\/proyectum.com\/sistema\/#\/schema\/person\/07a1b453f4d257662e15802446cf9f23"},"headline":"La Direcci\u00f3n Verde de Proyectos. C\u00f3mo Ponerla en Pr\u00e1ctica","datePublished":"2011-05-17T16:29:00+00:00","mainEntityOfPage":{"@id":"https:\/\/proyectum.com\/sistema\/blog\/la-direccion-verde-de-proyectos-como-ponerla-en-practica\/"},"wordCount":961,"commentCount":0,"publisher":{"@id":"https:\/\/proyectum.com\/sistema\/#organization"},"image":{"@id":"https:\/\/proyectum.com\/sistema\/blog\/la-direccion-verde-de-proyectos-como-ponerla-en-practica\/#primaryimage"},"thumbnailUrl":"","articleSection":["Direcci\u00f3n de Proyectos"],"inLanguage":"es","potentialAction":[{"@type":"CommentAction","name":"Comment","target":["https:\/\/proyectum.com\/sistema\/blog\/la-direccion-verde-de-proyectos-como-ponerla-en-practica\/#respond"]}]},{"@type":"WebPage","@id":"https:\/\/proyectum.com\/sistema\/blog\/la-direccion-verde-de-proyectos-como-ponerla-en-practica\/","url":"https:\/\/proyectum.com\/sistema\/blog\/la-direccion-verde-de-proyectos-como-ponerla-en-practica\/","name":"La Direcci\u00f3n Verde de Proyectos. C\u00f3mo Ponerla en Pr\u00e1ctica - Proyectum","isPartOf":{"@id":"https:\/\/proyectum.com\/sistema\/#website"},"primaryImageOfPage":{"@id":"https:\/\/proyectum.com\/sistema\/blog\/la-direccion-verde-de-proyectos-como-ponerla-en-practica\/#primaryimage"},"image":{"@id":"https:\/\/proyectum.com\/sistema\/blog\/la-direccion-verde-de-proyectos-como-ponerla-en-practica\/#primaryimage"},"thumbnailUrl":"","datePublished":"2011-05-17T16:29:00+00:00","description":"Autor: Jos\u00e9 Luis Flores P\u00e9rez, MDO \u00a0 Copyright\u00a9 2007-2011 TenStep Latinoam\u00e9rica S.A. de C.V. Todos los derechos reservados. \u00a0 Desde principios de los a\u00f1os","breadcrumb":{"@id":"https:\/\/proyectum.com\/sistema\/blog\/la-direccion-verde-de-proyectos-como-ponerla-en-practica\/#breadcrumb"},"inLanguage":"es","potentialAction":[{"@type":"ReadAction","target":["https:\/\/proyectum.com\/sistema\/blog\/la-direccion-verde-de-proyectos-como-ponerla-en-practica\/"]}]},{"@type":"ImageObject","inLanguage":"es","@id":"https:\/\/proyectum.com\/sistema\/blog\/la-direccion-verde-de-proyectos-como-ponerla-en-practica\/#primaryimage","url":"","contentUrl":""},{"@type":"BreadcrumbList","@id":"https:\/\/proyectum.com\/sistema\/blog\/la-direccion-verde-de-proyectos-como-ponerla-en-practica\/#breadcrumb","itemListElement":[{"@type":"ListItem","position":1,"name":"Home","item":"https:\/\/proyectum.com\/sistema\/"},{"@type":"ListItem","position":2,"name":"La Direcci\u00f3n Verde de Proyectos. C\u00f3mo Ponerla en Pr\u00e1ctica"}]},{"@type":"WebSite","@id":"https:\/\/proyectum.com\/sistema\/#website","url":"https:\/\/proyectum.com\/sistema\/","name":"Proyectum","description":"Direcci\u00f3n de Proyectos y M\u00e9todos \u00c1giles","publisher":{"@id":"https:\/\/proyectum.com\/sistema\/#organization"},"potentialAction":[{"@type":"SearchAction","target":{"@type":"EntryPoint","urlTemplate":"https:\/\/proyectum.com\/sistema\/?s={search_term_string}"},"query-input":{"@type":"PropertyValueSpecification","valueRequired":true,"valueName":"search_term_string"}}],"inLanguage":"es"},{"@type":"Organization","@id":"https:\/\/proyectum.com\/sistema\/#organization","name":"Proyectum","url":"https:\/\/proyectum.com\/sistema\/","logo":{"@type":"ImageObject","inLanguage":"es","@id":"https:\/\/proyectum.com\/sistema\/#\/schema\/logo\/image\/","url":"https:\/\/www.proyectum.com\/sistema\/wp-content\/uploads\/2020\/04\/proyectum-logo-snippet.png","contentUrl":"https:\/\/www.proyectum.com\/sistema\/wp-content\/uploads\/2020\/04\/proyectum-logo-snippet.png","width":600,"height":315,"caption":"Proyectum"},"image":{"@id":"https:\/\/proyectum.com\/sistema\/#\/schema\/logo\/image\/"},"sameAs":["https:\/\/www.facebook.com\/proyectum\/","https:\/\/www.linkedin.com\/company\/sistemaproyectum\/","https:\/\/www.youtube.com\/channel\/UCljouWimyhK_cNcC2jniUgw"]},{"@type":"Person","@id":"https:\/\/proyectum.com\/sistema\/#\/schema\/person\/07a1b453f4d257662e15802446cf9f23","name":"Jos\u00e9 Luis Flores P\u00e9rez","image":{"@type":"ImageObject","inLanguage":"es","@id":"https:\/\/secure.gravatar.com\/avatar\/b8489172c99f4335b510c13ebc472b7b6bd9f778edc3d597aa5b5ede9e0dd3e3?s=96&d=mm&r=g","url":"https:\/\/secure.gravatar.com\/avatar\/b8489172c99f4335b510c13ebc472b7b6bd9f778edc3d597aa5b5ede9e0dd3e3?s=96&d=mm&r=g","contentUrl":"https:\/\/secure.gravatar.com\/avatar\/b8489172c99f4335b510c13ebc472b7b6bd9f778edc3d597aa5b5ede9e0dd3e3?s=96&d=mm&r=g","caption":"Jos\u00e9 Luis Flores P\u00e9rez"},"url":"https:\/\/proyectum.com\/sistema\/author\/joseluisfloresperez\/"}]}},"_links":{"self":[{"href":"https:\/\/proyectum.com\/sistema\/wp-json\/wp\/v2\/posts\/381","targetHints":{"allow":["GET"]}}],"collection":[{"href":"https:\/\/proyectum.com\/sistema\/wp-json\/wp\/v2\/posts"}],"about":[{"href":"https:\/\/proyectum.com\/sistema\/wp-json\/wp\/v2\/types\/post"}],"author":[{"embeddable":true,"href":"https:\/\/proyectum.com\/sistema\/wp-json\/wp\/v2\/users\/20"}],"replies":[{"embeddable":true,"href":"https:\/\/proyectum.com\/sistema\/wp-json\/wp\/v2\/comments?post=381"}],"version-history":[{"count":0,"href":"https:\/\/proyectum.com\/sistema\/wp-json\/wp\/v2\/posts\/381\/revisions"}],"wp:featuredmedia":[{"embeddable":true,"href":"https:\/\/proyectum.com\/sistema\/wp-json\/"}],"wp:attachment":[{"href":"https:\/\/proyectum.com\/sistema\/wp-json\/wp\/v2\/media?parent=381"}],"wp:term":[{"taxonomy":"category","embeddable":true,"href":"https:\/\/proyectum.com\/sistema\/wp-json\/wp\/v2\/categories?post=381"},{"taxonomy":"post_tag","embeddable":true,"href":"https:\/\/proyectum.com\/sistema\/wp-json\/wp\/v2\/tags?post=381"}],"curies":[{"name":"wp","href":"https:\/\/api.w.org\/{rel}","templated":true}]}}