{"id":796,"date":"2013-03-04T10:56:47","date_gmt":"2013-03-04T16:56:47","guid":{"rendered":"http:\/\/proyectum.wordpress.com\/?p=796"},"modified":"2013-03-04T10:56:47","modified_gmt":"2013-03-04T16:56:47","slug":"tiempos-actuales-exigen-un-management-moderno","status":"publish","type":"post","link":"https:\/\/proyectum.com\/sistema\/blog\/tiempos-actuales-exigen-un-management-moderno\/","title":{"rendered":"Tiempos actuales exigen un Management moderno"},"content":{"rendered":"<p>Con apenas dos meses cumplidos del nuevo a\u00f1o, la <strong>tecnolog\u00eda<\/strong> nos ha presentado un gran n\u00famero de nuevos dispositivos y plataformas, y nos sigue demostrando que los cambios deben ser constantes pues la renovaci\u00f3n es factor importante para seguir figurando como l\u00edderes de la industria. Tan solo en la \u00faltima d\u00e9cada la <strong>innovaci\u00f3n tecnol\u00f3gica<\/strong> no se ha detenido ni un solo momento, mostr\u00e1ndonos as\u00ed, el surgimiento de las redes sociales, tel\u00e9fonos m\u00f3viles cada vez m\u00e1s inteligentes, tablets que tienden a reemplazar a las computadoras y millones de resultados en microsegundos para una b\u00fasqueda de informaci\u00f3n.<\/p>\n<p>Por el contrario, a diferencia de la <strong>innovaci\u00f3n tecnol\u00f3gica<\/strong>, los cambios que hemos observado en el <strong>management<\/strong> han sido pr\u00e1cticamente nulos. El modo de dirigir las empresas se encuentra estancado, la capacidad de organizar los recursos, trazar los planes, programar el trabajo y fomentar el esfuerzo se sigue llevando a cabo con m\u00e9todos de hace ya varias d\u00e9cadas atr\u00e1s. <\/p>\n<p>Aunque se han presentado modelos actuales para la <strong>gesti\u00f3n<\/strong> y los estudios en nuevas teor\u00edas no han cesado, la verdad es que todo ha quedado en la teor\u00eda, en el terreno de juego, el <strong>management<\/strong> sigue jugando con reglas donde la <strong>jerarquizaci\u00f3n<\/strong> de los puestos y los <strong>burocr\u00e1ticos<\/strong> procedimientos son sus jugadores clave.<\/p>\n<p>El t\u00edtulo de: \u201c<strong>jefe<\/strong>\u201d, sigue prevaleciendo dentro de las organizaciones, emple\u00e1ndose a aquel individuo encargado de ejercer un control sobre  las personas. Los tiempos nos demandan cambiar estas figuras por <strong>l\u00edderes<\/strong> capaces de recibir cr\u00edticas, el papel de controlador debe cambiar a facilitador, pasar de dictar \u00f3rdenes a dirigir y dar opiniones, se debe de dejar de impulsar la figura de trabajadores como meros seguidores de l\u00edderes, los cuales solo reciben \u00f3rdenes para llevar a cabo trabajos repetitivos. <\/p>\n<p>Los \u201c<strong>Trabajadores del conocimiento<\/strong>\u201d, a pesar de ser un t\u00e9rmino acu\u00f1ado por <strong>Peter Drucker<\/strong> a finales de la d\u00e9cada de los 50\u00b4s, sigue sin ser parte medular dentro de las organizaciones. Seg\u00fan <strong>Peter Drucker<\/strong>, considerado como el padre del <strong>Management Moderno<\/strong>, el <strong>trabajador del conocimiento<\/strong> produce informaci\u00f3n, datos, conocimiento. Estas personas no se pueden medir por su coste, ni por su productividad, se miden por su capacidad de <strong>innovaci\u00f3n<\/strong>. Desgraciadamente, aun abundan las organizaciones que a\u00fan viven en los tiempos en que la econom\u00eda generaba riqueza a trav\u00e9s de la productividad de sus obreros, el trabajador actual, el del conocimiento, no puedes ser medido con las pautas con las que se med\u00edan a estos trabajadores.<figure id=\"attachment_799\" aria-describedby=\"caption-attachment-799\" style=\"width: 300px\" class=\"wp-caption alignleft\"><a href=\"http:\/\/proyectum.files.wordpress.com\/2013\/03\/management-actual.jpeg\"><img loading=\"lazy\" decoding=\"async\" src=\"http:\/\/proyectum.files.wordpress.com\/2013\/03\/management-actual.jpeg?w=300\" alt=\"Trabajadores del conocimiento\" width=\"300\" height=\"225\" class=\"size-medium wp-image-799\" \/><\/a><figcaption id=\"caption-attachment-799\" class=\"wp-caption-text\">Trabajadores del conocimiento<\/figcaption><\/figure><\/p>\n<p>Aunado a la anticuada imagen del gerente como sin\u00f3nimo de jerarqu\u00eda y poder, el deficiente enfoque de ver a los empleados como simples subordinados, se une a lista, la excesiva burocracia que aun impera en las organizaciones. <\/p>\n<p>Aprovechar las oportunidades que se presentan en un mundo por dem\u00e1s cambiante, <strong>tecnol\u00f3gica<\/strong>, pol\u00edtica y socioecon\u00f3micamente hablando, requiere m\u00e1s que tener los ojos bien abiertos. Los cambios en el mundo no esperan d\u00edas para llenar una docena de formatos para arrancar un <strong>proyecto<\/strong>, el supuesto control que muchas veces las empresas establecen a trav\u00e9s de reglas, procesos y controles se vuelve demasiado burocr\u00e1tico. La excesiva burocracia en los <strong>trabajadores del conocimiento<\/strong> es desalentadora, frena su capacidad de <strong>innovar<\/strong> y es un elemento que alimenta su frustraci\u00f3n. La burocracia debe cambiar por dinamismo.<\/p>\n<p>Seguir pensando que las cosas est\u00e1n bien porque as\u00ed  han funcionado en a\u00f1os anteriores es un error, un grav\u00edsimo error que vemos con grandes compa\u00f1\u00edas que fueron l\u00edderes en su ramo y hoy luchan por sobrevivir, pues se negaron a adaptarse a los nuevos tiempos. <\/p>\n<p>Hagamos lo que nos corresponda, cada quien desde su rol debe tomar el control para que los cambios hac\u00eda un <strong>management<\/strong> m\u00e1s acorde con los tiempos que vivimos no se siga postergando.<\/p>\n<p>Sobre el autor: <a href=\"http:\/\/about.me\/omargarcia\" TARGET=\"_blank\" rel=\"noopener noreferrer\">Omar Garc\u00eda<\/a><\/p>\n","protected":false},"excerpt":{"rendered":"<p>Con apenas dos meses cumplidos del nuevo a\u00f1o, la tecnolog\u00eda nos ha presentado un gran n\u00famero de nuevos dispositivos y plataformas, y nos sigue demostrando que los cambios deben ser constantes pues la renovaci\u00f3n es factor importante para seguir figurando como l\u00edderes de la industria. Tan solo en la \u00faltima d\u00e9cada la innovaci\u00f3n tecnol\u00f3gica no [&hellip;]<\/p>\n","protected":false},"author":46,"featured_media":8258,"comment_status":"open","ping_status":"open","sticky":false,"template":"","format":"standard","meta":{"_acf_changed":false,"content-type":"","footnotes":""},"categories":[101,80,67,57,82,55,61],"tags":[122,109,83,123,127],"class_list":["post-796","post","type-post","status-publish","format-standard","has-post-thumbnail","hentry","category-bpm","category-business-management","category-comunicacion","category-direccion-de-proyectos","category-innovacion","category-liderazgo","category-recursos-humanos","tag-direccion-de-proyectos-2","tag-director-de-proyecto","tag-innovacion","tag-liderazgo-2","tag-trabajadores-del-conocimiento"],"acf":[],"featured_image_src":{"landsacpe":false,"list":false,"medium":false,"full":false},"yoast_head":"<!-- This site is optimized with the Yoast SEO plugin v27.4 - https:\/\/yoast.com\/product\/yoast-seo-wordpress\/ -->\n<title>Tiempos actuales exigen un Management moderno - Proyectum<\/title>\n<meta name=\"description\" content=\"Con apenas dos meses cumplidos del nuevo a\u00f1o, la tecnolog\u00eda nos ha presentado un gran n\u00famero de nuevos dispositivos y plataformas, y nos sigue demostrando\" \/>\n<meta name=\"robots\" content=\"index, follow, max-snippet:-1, max-image-preview:large, max-video-preview:-1\" \/>\n<link rel=\"canonical\" href=\"https:\/\/proyectum.com\/sistema\/blog\/tiempos-actuales-exigen-un-management-moderno\/\" \/>\n<meta property=\"og:locale\" content=\"es_ES\" \/>\n<meta property=\"og:type\" content=\"article\" \/>\n<meta property=\"og:title\" content=\"Tiempos actuales exigen un Management moderno - Proyectum\" \/>\n<meta property=\"og:description\" content=\"Con apenas dos meses cumplidos del nuevo a\u00f1o, la tecnolog\u00eda nos ha presentado un gran n\u00famero de nuevos dispositivos y plataformas, y nos sigue demostrando\" \/>\n<meta property=\"og:url\" content=\"https:\/\/proyectum.com\/sistema\/blog\/tiempos-actuales-exigen-un-management-moderno\/\" \/>\n<meta property=\"og:site_name\" content=\"Proyectum\" \/>\n<meta property=\"article:publisher\" content=\"https:\/\/www.facebook.com\/proyectum\/\" \/>\n<meta property=\"article:published_time\" content=\"2013-03-04T16:56:47+00:00\" \/>\n<meta name=\"author\" content=\"Omar Garc\u00eda\" \/>\n<meta name=\"twitter:card\" content=\"summary_large_image\" \/>\n<meta name=\"twitter:creator\" content=\"@omarzgarcia\" \/>\n<meta name=\"twitter:label1\" content=\"Escrito por\" \/>\n\t<meta name=\"twitter:data1\" content=\"Omar Garc\u00eda\" \/>\n\t<meta name=\"twitter:label2\" content=\"Tiempo de lectura\" \/>\n\t<meta name=\"twitter:data2\" content=\"3 minutos\" \/>\n<script type=\"application\/ld+json\" class=\"yoast-schema-graph\">{\"@context\":\"https:\\\/\\\/schema.org\",\"@graph\":[{\"@type\":\"Article\",\"@id\":\"https:\\\/\\\/proyectum.com\\\/sistema\\\/blog\\\/tiempos-actuales-exigen-un-management-moderno\\\/#article\",\"isPartOf\":{\"@id\":\"https:\\\/\\\/proyectum.com\\\/sistema\\\/blog\\\/tiempos-actuales-exigen-un-management-moderno\\\/\"},\"author\":{\"name\":\"Omar Garc\u00eda\",\"@id\":\"https:\\\/\\\/proyectum.com\\\/sistema\\\/#\\\/schema\\\/person\\\/2c2f3285c31a3a005b11add8832ae8f7\"},\"headline\":\"Tiempos actuales exigen un Management moderno\",\"datePublished\":\"2013-03-04T16:56:47+00:00\",\"mainEntityOfPage\":{\"@id\":\"https:\\\/\\\/proyectum.com\\\/sistema\\\/blog\\\/tiempos-actuales-exigen-un-management-moderno\\\/\"},\"wordCount\":686,\"commentCount\":0,\"publisher\":{\"@id\":\"https:\\\/\\\/proyectum.com\\\/sistema\\\/#organization\"},\"image\":{\"@id\":\"https:\\\/\\\/proyectum.com\\\/sistema\\\/blog\\\/tiempos-actuales-exigen-un-management-moderno\\\/#primaryimage\"},\"thumbnailUrl\":\"\",\"keywords\":[\"direcci\u00f3n de proyectos\",\"director de proyecto\",\"Innovaci\u00f3n\",\"liderazgo\",\"trabajadores del conocimiento\"],\"articleSection\":[\"BPM\",\"Business Management\",\"Comunicaci\u00f3n\",\"Direcci\u00f3n de Proyectos\",\"Innovaci\u00f3n\",\"Liderazgo\",\"Recursos Humanos\"],\"inLanguage\":\"es\",\"potentialAction\":[{\"@type\":\"CommentAction\",\"name\":\"Comment\",\"target\":[\"https:\\\/\\\/proyectum.com\\\/sistema\\\/blog\\\/tiempos-actuales-exigen-un-management-moderno\\\/#respond\"]}]},{\"@type\":\"WebPage\",\"@id\":\"https:\\\/\\\/proyectum.com\\\/sistema\\\/blog\\\/tiempos-actuales-exigen-un-management-moderno\\\/\",\"url\":\"https:\\\/\\\/proyectum.com\\\/sistema\\\/blog\\\/tiempos-actuales-exigen-un-management-moderno\\\/\",\"name\":\"Tiempos actuales exigen un Management moderno - Proyectum\",\"isPartOf\":{\"@id\":\"https:\\\/\\\/proyectum.com\\\/sistema\\\/#website\"},\"primaryImageOfPage\":{\"@id\":\"https:\\\/\\\/proyectum.com\\\/sistema\\\/blog\\\/tiempos-actuales-exigen-un-management-moderno\\\/#primaryimage\"},\"image\":{\"@id\":\"https:\\\/\\\/proyectum.com\\\/sistema\\\/blog\\\/tiempos-actuales-exigen-un-management-moderno\\\/#primaryimage\"},\"thumbnailUrl\":\"\",\"datePublished\":\"2013-03-04T16:56:47+00:00\",\"description\":\"Con apenas dos meses cumplidos del nuevo a\u00f1o, la tecnolog\u00eda nos ha presentado un gran n\u00famero de nuevos dispositivos y plataformas, y nos sigue demostrando\",\"breadcrumb\":{\"@id\":\"https:\\\/\\\/proyectum.com\\\/sistema\\\/blog\\\/tiempos-actuales-exigen-un-management-moderno\\\/#breadcrumb\"},\"inLanguage\":\"es\",\"potentialAction\":[{\"@type\":\"ReadAction\",\"target\":[\"https:\\\/\\\/proyectum.com\\\/sistema\\\/blog\\\/tiempos-actuales-exigen-un-management-moderno\\\/\"]}]},{\"@type\":\"ImageObject\",\"inLanguage\":\"es\",\"@id\":\"https:\\\/\\\/proyectum.com\\\/sistema\\\/blog\\\/tiempos-actuales-exigen-un-management-moderno\\\/#primaryimage\",\"url\":\"\",\"contentUrl\":\"\"},{\"@type\":\"BreadcrumbList\",\"@id\":\"https:\\\/\\\/proyectum.com\\\/sistema\\\/blog\\\/tiempos-actuales-exigen-un-management-moderno\\\/#breadcrumb\",\"itemListElement\":[{\"@type\":\"ListItem\",\"position\":1,\"name\":\"Home\",\"item\":\"https:\\\/\\\/proyectum.com\\\/sistema\\\/\"},{\"@type\":\"ListItem\",\"position\":2,\"name\":\"Tiempos actuales exigen un Management moderno\"}]},{\"@type\":\"WebSite\",\"@id\":\"https:\\\/\\\/proyectum.com\\\/sistema\\\/#website\",\"url\":\"https:\\\/\\\/proyectum.com\\\/sistema\\\/\",\"name\":\"Proyectum\",\"description\":\"Direcci\u00f3n de Proyectos y M\u00e9todos \u00c1giles\",\"publisher\":{\"@id\":\"https:\\\/\\\/proyectum.com\\\/sistema\\\/#organization\"},\"potentialAction\":[{\"@type\":\"SearchAction\",\"target\":{\"@type\":\"EntryPoint\",\"urlTemplate\":\"https:\\\/\\\/proyectum.com\\\/sistema\\\/?s={search_term_string}\"},\"query-input\":{\"@type\":\"PropertyValueSpecification\",\"valueRequired\":true,\"valueName\":\"search_term_string\"}}],\"inLanguage\":\"es\"},{\"@type\":\"Organization\",\"@id\":\"https:\\\/\\\/proyectum.com\\\/sistema\\\/#organization\",\"name\":\"Proyectum\",\"url\":\"https:\\\/\\\/proyectum.com\\\/sistema\\\/\",\"logo\":{\"@type\":\"ImageObject\",\"inLanguage\":\"es\",\"@id\":\"https:\\\/\\\/proyectum.com\\\/sistema\\\/#\\\/schema\\\/logo\\\/image\\\/\",\"url\":\"https:\\\/\\\/www.proyectum.com\\\/sistema\\\/wp-content\\\/uploads\\\/2020\\\/04\\\/proyectum-logo-snippet.png\",\"contentUrl\":\"https:\\\/\\\/www.proyectum.com\\\/sistema\\\/wp-content\\\/uploads\\\/2020\\\/04\\\/proyectum-logo-snippet.png\",\"width\":600,\"height\":315,\"caption\":\"Proyectum\"},\"image\":{\"@id\":\"https:\\\/\\\/proyectum.com\\\/sistema\\\/#\\\/schema\\\/logo\\\/image\\\/\"},\"sameAs\":[\"https:\\\/\\\/www.facebook.com\\\/proyectum\\\/\",\"https:\\\/\\\/www.linkedin.com\\\/company\\\/sistemaproyectum\\\/\",\"https:\\\/\\\/www.youtube.com\\\/channel\\\/UCljouWimyhK_cNcC2jniUgw\"]},{\"@type\":\"Person\",\"@id\":\"https:\\\/\\\/proyectum.com\\\/sistema\\\/#\\\/schema\\\/person\\\/2c2f3285c31a3a005b11add8832ae8f7\",\"name\":\"Omar Garc\u00eda\",\"image\":{\"@type\":\"ImageObject\",\"inLanguage\":\"es\",\"@id\":\"https:\\\/\\\/secure.gravatar.com\\\/avatar\\\/6287ae96abd3e19dcc272b2c1ff8c5c0a0fcf3149e67894ce1b778f4232770a9?s=96&d=mm&r=g\",\"url\":\"https:\\\/\\\/secure.gravatar.com\\\/avatar\\\/6287ae96abd3e19dcc272b2c1ff8c5c0a0fcf3149e67894ce1b778f4232770a9?s=96&d=mm&r=g\",\"contentUrl\":\"https:\\\/\\\/secure.gravatar.com\\\/avatar\\\/6287ae96abd3e19dcc272b2c1ff8c5c0a0fcf3149e67894ce1b778f4232770a9?s=96&d=mm&r=g\",\"caption\":\"Omar Garc\u00eda\"},\"description\":\"Creador de contenidos en Proyectum. Para seguir la conversaci\u00f3n puedes escribirme en: @omarzgarcia\",\"sameAs\":[\"https:\\\/\\\/x.com\\\/@omarzgarcia\"],\"url\":\"https:\\\/\\\/proyectum.com\\\/sistema\\\/author\\\/omarzgarcia\\\/\"}]}<\/script>\n<!-- \/ Yoast SEO plugin. -->","yoast_head_json":{"title":"Tiempos actuales exigen un Management moderno - Proyectum","description":"Con apenas dos meses cumplidos del nuevo a\u00f1o, la tecnolog\u00eda nos ha presentado un gran n\u00famero de nuevos dispositivos y plataformas, y nos sigue demostrando","robots":{"index":"index","follow":"follow","max-snippet":"max-snippet:-1","max-image-preview":"max-image-preview:large","max-video-preview":"max-video-preview:-1"},"canonical":"https:\/\/proyectum.com\/sistema\/blog\/tiempos-actuales-exigen-un-management-moderno\/","og_locale":"es_ES","og_type":"article","og_title":"Tiempos actuales exigen un Management moderno - Proyectum","og_description":"Con apenas dos meses cumplidos del nuevo a\u00f1o, la tecnolog\u00eda nos ha presentado un gran n\u00famero de nuevos dispositivos y plataformas, y nos sigue demostrando","og_url":"https:\/\/proyectum.com\/sistema\/blog\/tiempos-actuales-exigen-un-management-moderno\/","og_site_name":"Proyectum","article_publisher":"https:\/\/www.facebook.com\/proyectum\/","article_published_time":"2013-03-04T16:56:47+00:00","author":"Omar Garc\u00eda","twitter_card":"summary_large_image","twitter_creator":"@omarzgarcia","twitter_misc":{"Escrito por":"Omar Garc\u00eda","Tiempo de lectura":"3 minutos"},"schema":{"@context":"https:\/\/schema.org","@graph":[{"@type":"Article","@id":"https:\/\/proyectum.com\/sistema\/blog\/tiempos-actuales-exigen-un-management-moderno\/#article","isPartOf":{"@id":"https:\/\/proyectum.com\/sistema\/blog\/tiempos-actuales-exigen-un-management-moderno\/"},"author":{"name":"Omar Garc\u00eda","@id":"https:\/\/proyectum.com\/sistema\/#\/schema\/person\/2c2f3285c31a3a005b11add8832ae8f7"},"headline":"Tiempos actuales exigen un Management moderno","datePublished":"2013-03-04T16:56:47+00:00","mainEntityOfPage":{"@id":"https:\/\/proyectum.com\/sistema\/blog\/tiempos-actuales-exigen-un-management-moderno\/"},"wordCount":686,"commentCount":0,"publisher":{"@id":"https:\/\/proyectum.com\/sistema\/#organization"},"image":{"@id":"https:\/\/proyectum.com\/sistema\/blog\/tiempos-actuales-exigen-un-management-moderno\/#primaryimage"},"thumbnailUrl":"","keywords":["direcci\u00f3n de proyectos","director de proyecto","Innovaci\u00f3n","liderazgo","trabajadores del conocimiento"],"articleSection":["BPM","Business Management","Comunicaci\u00f3n","Direcci\u00f3n de Proyectos","Innovaci\u00f3n","Liderazgo","Recursos Humanos"],"inLanguage":"es","potentialAction":[{"@type":"CommentAction","name":"Comment","target":["https:\/\/proyectum.com\/sistema\/blog\/tiempos-actuales-exigen-un-management-moderno\/#respond"]}]},{"@type":"WebPage","@id":"https:\/\/proyectum.com\/sistema\/blog\/tiempos-actuales-exigen-un-management-moderno\/","url":"https:\/\/proyectum.com\/sistema\/blog\/tiempos-actuales-exigen-un-management-moderno\/","name":"Tiempos actuales exigen un Management moderno - Proyectum","isPartOf":{"@id":"https:\/\/proyectum.com\/sistema\/#website"},"primaryImageOfPage":{"@id":"https:\/\/proyectum.com\/sistema\/blog\/tiempos-actuales-exigen-un-management-moderno\/#primaryimage"},"image":{"@id":"https:\/\/proyectum.com\/sistema\/blog\/tiempos-actuales-exigen-un-management-moderno\/#primaryimage"},"thumbnailUrl":"","datePublished":"2013-03-04T16:56:47+00:00","description":"Con apenas dos meses cumplidos del nuevo a\u00f1o, la tecnolog\u00eda nos ha presentado un gran n\u00famero de nuevos dispositivos y plataformas, y nos sigue demostrando","breadcrumb":{"@id":"https:\/\/proyectum.com\/sistema\/blog\/tiempos-actuales-exigen-un-management-moderno\/#breadcrumb"},"inLanguage":"es","potentialAction":[{"@type":"ReadAction","target":["https:\/\/proyectum.com\/sistema\/blog\/tiempos-actuales-exigen-un-management-moderno\/"]}]},{"@type":"ImageObject","inLanguage":"es","@id":"https:\/\/proyectum.com\/sistema\/blog\/tiempos-actuales-exigen-un-management-moderno\/#primaryimage","url":"","contentUrl":""},{"@type":"BreadcrumbList","@id":"https:\/\/proyectum.com\/sistema\/blog\/tiempos-actuales-exigen-un-management-moderno\/#breadcrumb","itemListElement":[{"@type":"ListItem","position":1,"name":"Home","item":"https:\/\/proyectum.com\/sistema\/"},{"@type":"ListItem","position":2,"name":"Tiempos actuales exigen un Management moderno"}]},{"@type":"WebSite","@id":"https:\/\/proyectum.com\/sistema\/#website","url":"https:\/\/proyectum.com\/sistema\/","name":"Proyectum","description":"Direcci\u00f3n de Proyectos y M\u00e9todos \u00c1giles","publisher":{"@id":"https:\/\/proyectum.com\/sistema\/#organization"},"potentialAction":[{"@type":"SearchAction","target":{"@type":"EntryPoint","urlTemplate":"https:\/\/proyectum.com\/sistema\/?s={search_term_string}"},"query-input":{"@type":"PropertyValueSpecification","valueRequired":true,"valueName":"search_term_string"}}],"inLanguage":"es"},{"@type":"Organization","@id":"https:\/\/proyectum.com\/sistema\/#organization","name":"Proyectum","url":"https:\/\/proyectum.com\/sistema\/","logo":{"@type":"ImageObject","inLanguage":"es","@id":"https:\/\/proyectum.com\/sistema\/#\/schema\/logo\/image\/","url":"https:\/\/www.proyectum.com\/sistema\/wp-content\/uploads\/2020\/04\/proyectum-logo-snippet.png","contentUrl":"https:\/\/www.proyectum.com\/sistema\/wp-content\/uploads\/2020\/04\/proyectum-logo-snippet.png","width":600,"height":315,"caption":"Proyectum"},"image":{"@id":"https:\/\/proyectum.com\/sistema\/#\/schema\/logo\/image\/"},"sameAs":["https:\/\/www.facebook.com\/proyectum\/","https:\/\/www.linkedin.com\/company\/sistemaproyectum\/","https:\/\/www.youtube.com\/channel\/UCljouWimyhK_cNcC2jniUgw"]},{"@type":"Person","@id":"https:\/\/proyectum.com\/sistema\/#\/schema\/person\/2c2f3285c31a3a005b11add8832ae8f7","name":"Omar Garc\u00eda","image":{"@type":"ImageObject","inLanguage":"es","@id":"https:\/\/secure.gravatar.com\/avatar\/6287ae96abd3e19dcc272b2c1ff8c5c0a0fcf3149e67894ce1b778f4232770a9?s=96&d=mm&r=g","url":"https:\/\/secure.gravatar.com\/avatar\/6287ae96abd3e19dcc272b2c1ff8c5c0a0fcf3149e67894ce1b778f4232770a9?s=96&d=mm&r=g","contentUrl":"https:\/\/secure.gravatar.com\/avatar\/6287ae96abd3e19dcc272b2c1ff8c5c0a0fcf3149e67894ce1b778f4232770a9?s=96&d=mm&r=g","caption":"Omar Garc\u00eda"},"description":"Creador de contenidos en Proyectum. Para seguir la conversaci\u00f3n puedes escribirme en: @omarzgarcia","sameAs":["https:\/\/x.com\/@omarzgarcia"],"url":"https:\/\/proyectum.com\/sistema\/author\/omarzgarcia\/"}]}},"_links":{"self":[{"href":"https:\/\/proyectum.com\/sistema\/wp-json\/wp\/v2\/posts\/796","targetHints":{"allow":["GET"]}}],"collection":[{"href":"https:\/\/proyectum.com\/sistema\/wp-json\/wp\/v2\/posts"}],"about":[{"href":"https:\/\/proyectum.com\/sistema\/wp-json\/wp\/v2\/types\/post"}],"author":[{"embeddable":true,"href":"https:\/\/proyectum.com\/sistema\/wp-json\/wp\/v2\/users\/46"}],"replies":[{"embeddable":true,"href":"https:\/\/proyectum.com\/sistema\/wp-json\/wp\/v2\/comments?post=796"}],"version-history":[{"count":0,"href":"https:\/\/proyectum.com\/sistema\/wp-json\/wp\/v2\/posts\/796\/revisions"}],"wp:featuredmedia":[{"embeddable":true,"href":"https:\/\/proyectum.com\/sistema\/wp-json\/"}],"wp:attachment":[{"href":"https:\/\/proyectum.com\/sistema\/wp-json\/wp\/v2\/media?parent=796"}],"wp:term":[{"taxonomy":"category","embeddable":true,"href":"https:\/\/proyectum.com\/sistema\/wp-json\/wp\/v2\/categories?post=796"},{"taxonomy":"post_tag","embeddable":true,"href":"https:\/\/proyectum.com\/sistema\/wp-json\/wp\/v2\/tags?post=796"}],"curies":[{"name":"wp","href":"https:\/\/api.w.org\/{rel}","templated":true}]}}