{"id":8380,"date":"2015-03-10T23:50:21","date_gmt":"2015-03-11T05:50:21","guid":{"rendered":"https:\/\/proyectum.wordpress.com\/?p=1636"},"modified":"2015-03-10T23:50:21","modified_gmt":"2015-03-11T05:50:21","slug":"el-origen-de-donde-aprendi-el-arte-de-la-direccion-de-proyectos","status":"publish","type":"post","link":"https:\/\/proyectum.com\/sistema\/blog\/el-origen-de-donde-aprendi-el-arte-de-la-direccion-de-proyectos\/","title":{"rendered":"El origen de d\u00f3nde aprend\u00ed el arte de la Direcci\u00f3n de Proyectos"},"content":{"rendered":"\n[et_pb_section admin_label=\u00bbsection\u00bb][et_pb_row admin_label=\u00bbrow\u00bb][et_pb_column type=\u00bb4_4&#8243;][et_pb_text admin_label=\u00bbText\u00bb background_layout=\u00bblight\u00bb text_orientation=\u00bbleft\u00bb text_font_size=\u00bb17&#8243; text_line_height=\u00bb2.5em\u00bb use_border_color=\u00bboff\u00bb border_color=\u00bb#ffffff\u00bb border_style=\u00bbsolid\u00bb]\n\n<strong>Por Julio Jes\u00fas Matus Nakamura, PMP.<\/strong>\n\nHace algunos a\u00f1os, recuerdo que uno de los <strong>cap\u00edtulos del PMI<\/strong> que m\u00e1s admiro en el mundo por innovadores, lanzaba un estudio relacionado con el cromosoma XX de la <strong>Direcci\u00f3n de Proyectos<\/strong>; en realidad no tengo m\u00e1s informaci\u00f3n al respecto pero me llam\u00f3 mucho la atenci\u00f3n el tema, as\u00ed que solicite a una gran colega de esta regi\u00f3n situada en el viejo continente, que compartiera los resultados del estudio conmigo, para compartir a su vez con ustedes queridos lectores, este conocimiento tan sui generis.\n\nEllo dio pie a que reflexionara recientemente sobre una pregunta: \u00bf<strong>De d\u00f3nde surge mi gusto, amor y gran pasi\u00f3n que tengo por la Direcci\u00f3n de Proyectos<\/strong>? Y despu\u00e9s de dar varias vueltas en distintos aspectos tanto personales como profesionales, tengo una teor\u00eda bastante s\u00f3lida al respecto.\n\nSi bien comenc\u00e9 los estudios de la disciplina de forma profesional all\u00e1 en los finales de los 90\u2019s, gracias a que una empresa tan importante como IBM me permiti\u00f3 aprender, practicar y disfrutar de tan maravillosa profesi\u00f3n, considero que el origen se remonta todav\u00eda unos a\u00f1os antes.\n\nBien, pues al igual que muchos de ustedes, <strong>aprend\u00ed a dirigir proyectos de forma pr\u00e1ctica<\/strong>, sin <strong>conocimiento de procesos<\/strong>, <strong>grupos de procesos<\/strong> o <strong>\u00e1reas de conocimiento<\/strong>; simple y sencillamente definiendo el objetivo, a veces planeando y si no, directamente ejecutando hasta obtener los resultados planteados. Probablemente todo ello por imitaci\u00f3n, as\u00ed es\u2026 recuerdo mis <strong>primeros proyectos en la vida<\/strong> por ejemplo, armar un rompecabezas probablemente de un m\u00e1ximo de 10 piezas, o realizar figuras de plastilina, o llenar una plana de un cuaderno con el nombre de un animal; proyectos que quiz\u00e1 hoy en d\u00eda suenen bastante triviales pero que en su momento fueron un reto. Evidentemente, nada de ello habr\u00eda concluido  exitosamente de no haber contado con un <strong>Project Manager<\/strong> que dirigiera e hiciera las veces de mentor, tal y como lo se\u00f1ala el <strong>PMBOK<\/strong>. \n\nAs\u00ed que si hay alguien capaz de manejar con maestr\u00eda la <strong>triple restricci\u00f3n<\/strong>, es quien desempe\u00f1o esta figura de <strong>Project Manager<\/strong> que les comento y prueba de ello es que en la casa nunca falto comida, vestido o lo necesario para estudiar. Grandes lecciones de c\u00f3mo administrar eficientemente el tiempo vienen a mi mente hoy que recuerdo como este gran <strong>PM<\/strong> ten\u00eda que distribuirlo entre mi hermana y yo. De igual forma puedo recordar excelentes negociaciones realizadas para abastecimientos, con stakeholders de diversas categor\u00edas, muchas veces duras pero siempre saliendo avante. La calidad por ejemplo, nunca fue cuestionada o puesta en duda para ninguno de los proyectos que manejo este <strong>PM<\/strong> y hasta la fecha, sigue realizando con la m\u00e1xima perfecci\u00f3n  cada detalle en los WBS\u2019s a su cargo. Y qu\u00e9 decir del <strong>manejo de riesgos<\/strong>, si estaba nublado siempre nos abrigaba, si escuchaba un ligero tosido o un estornudo, a medir la temperatura; no se le escapaba el menor s\u00edntoma de la detonaci\u00f3n de un riesgo para inmediatamente tomar acciones preventivas y en el peor de los casos correctivas. El \u00e1rea de conocimiento de comunicaci\u00f3n probablemente es la m\u00e1s complicada de manejar para este gran <strong>PM<\/strong>, al igual que para cualquiera de nosotros; pues imaginen como har\u00edan ya no para entender a la perfecci\u00f3n al cliente, sino para comunicarse con alguien que no sabe hablar; fueron a\u00f1os de esfuerzo, paciencia y dedicaci\u00f3n de tan maravilloso PM para lograr una excelente comunicaci\u00f3n que trasciende el lenguaje\u2026 as\u00ed es, probablemente ya adivinaron quien es este <strong>PM<\/strong>; a tan solo unos d\u00edas de haberse celebrado el <strong>d\u00eda internacional de la mujer<\/strong>, sirva este breve art\u00edculo para hacer un <strong>homenaje a todas las madres del mundo<\/strong> que nos han dado grandes lecciones de c\u00f3mo <strong>dirigir proyectos<\/strong> sin estar certificadas. Los invito a ver este maravilloso video, no es nuevo, pero vale la pena:\n\n<iframe loading=\"lazy\" title=\"Una entrevista para el trabajo m\u00e1s dif\u00edcil del mundo.\" width=\"1140\" height=\"641\" src=\"https:\/\/www.youtube.com\/embed\/aqbr2HbhPuw?feature=oembed\" frameborder=\"0\" allow=\"accelerometer; autoplay; clipboard-write; encrypted-media; gyroscope; picture-in-picture\" allowfullscreen><\/iframe>\n\nCito a <strong>George Washington<\/strong>, quien dec\u00eda: \u201c<strong>Todo lo que soy se lo debo a mi madre. Atribuyo todos mis \u00e9xitos en esta vida a la formaci\u00f3n moral, intelectual y f\u00edsica que recib\u00ed de ella.<\/strong>\u201d\n\nDedicarse a la <strong>profesi\u00f3n de Project Manager<\/strong> es un gran reto, pero considero que la maternidad es la vocaci\u00f3n m\u00e1s noble de la tierra, la m\u00e1s bella de todas las artes y la m\u00e1s grande de todas las profesiones. Sin duda alguna, nuestras madres merecen el m\u00e1s alto honor que podamos rendirles.\n\n[\/et_pb_text][\/et_pb_column][\/et_pb_row][\/et_pb_section]\n    \t","protected":false},"excerpt":{"rendered":"[et_pb_section admin_label=\"section\"][et_pb_row admin_label=\"row\"][et_pb_column type=\"4_4\"][et_pb_text admin_label=\"Text\" background_layout=\"light\" text_orientation=\"left\" text_font_size=\"17\" text_line_height=\"2.5em\" use_border_color=\"off\" border_color=\"#ffffff\" border_style=\"solid\"] Por Julio Jes\u00fas Matus Nakamura, PMP. Hace algunos a\u00f1os, recuerdo que uno de los cap\u00edtulos del PMI que m\u00e1s admiro en el mundo por innovadores, lanzaba un estudio relacionado con el cromosoma XX de la Direcci\u00f3n de Proyectos; en realidad no tengo m\u00e1s [...]","protected":false},"author":24,"featured_media":5106,"comment_status":"open","ping_status":"open","sticky":false,"template":"","format":"standard","meta":{"_acf_changed":false,"content-type":"","footnotes":""},"categories":[57,62],"tags":[260,122,561,92,564],"class_list":["post-8380","post","type-post","status-publish","format-standard","has-post-thumbnail","hentry","category-direccion-de-proyectos","category-reflexiones","tag-dia-internacional-de-la-mujer","tag-direccion-de-proyectos-2","tag-grupos-de-procesos","tag-pmbok","tag-project-manager"],"acf":[],"featured_image_src":{"landsacpe":["https:\/\/proyectum.com\/sistema\/wp-content\/uploads\/2015\/03\/Mam\u00e102-1140x445.jpg",1140,445,true],"list":["https:\/\/proyectum.com\/sistema\/wp-content\/uploads\/2015\/03\/Mam\u00e102-463x348.jpg",463,348,true],"medium":["https:\/\/proyectum.com\/sistema\/wp-content\/uploads\/2015\/03\/Mam\u00e102-300x200.jpg",300,200,true],"full":["https:\/\/proyectum.com\/sistema\/wp-content\/uploads\/2015\/03\/Mam\u00e102.jpg",1980,1320,false]},"yoast_head":"<!-- This site is optimized with the Yoast SEO plugin v27.5 - https:\/\/yoast.com\/product\/yoast-seo-wordpress\/ -->\n<title>El origen de d\u00f3nde aprend\u00ed el arte de la Direcci\u00f3n de Proyectos - Proyectum<\/title>\n<meta name=\"description\" content=\"Por Julio Jes\u00fas Matus Nakamura, PMP. Hace algunos a\u00f1os, recuerdo que uno de los cap\u00edtulos del PMI que m\u00e1s admiro en el mundo por innovadores, lanzaba un\" \/>\n<meta name=\"robots\" content=\"index, follow, max-snippet:-1, max-image-preview:large, max-video-preview:-1\" \/>\n<link rel=\"canonical\" href=\"https:\/\/proyectum.com\/sistema\/blog\/el-origen-de-donde-aprendi-el-arte-de-la-direccion-de-proyectos\/\" \/>\n<meta property=\"og:locale\" content=\"es_ES\" \/>\n<meta property=\"og:type\" content=\"article\" \/>\n<meta property=\"og:title\" content=\"El origen de d\u00f3nde aprend\u00ed el arte de la Direcci\u00f3n de Proyectos - Proyectum\" \/>\n<meta property=\"og:description\" content=\"Por Julio Jes\u00fas Matus Nakamura, PMP. Hace algunos a\u00f1os, recuerdo que uno de los cap\u00edtulos del PMI que m\u00e1s admiro en el mundo por innovadores, lanzaba un\" \/>\n<meta property=\"og:url\" content=\"https:\/\/proyectum.com\/sistema\/blog\/el-origen-de-donde-aprendi-el-arte-de-la-direccion-de-proyectos\/\" \/>\n<meta property=\"og:site_name\" content=\"Proyectum\" \/>\n<meta property=\"article:publisher\" content=\"https:\/\/www.facebook.com\/proyectum\/\" \/>\n<meta property=\"article:published_time\" content=\"2015-03-11T05:50:21+00:00\" \/>\n<meta property=\"og:image\" content=\"https:\/\/proyectum.com\/sistema\/wp-content\/uploads\/2015\/03\/Mam\u00e102.jpg\" \/>\n\t<meta property=\"og:image:width\" content=\"1980\" \/>\n\t<meta property=\"og:image:height\" content=\"1320\" \/>\n\t<meta property=\"og:image:type\" content=\"image\/jpeg\" \/>\n<meta name=\"author\" content=\"Julio Matus\" \/>\n<meta name=\"twitter:card\" content=\"summary_large_image\" \/>\n<meta name=\"twitter:label1\" content=\"Escrito por\" \/>\n\t<meta name=\"twitter:data1\" content=\"Julio Matus\" \/>\n\t<meta name=\"twitter:label2\" content=\"Tiempo de lectura\" \/>\n\t<meta name=\"twitter:data2\" content=\"4 minutos\" \/>\n<script type=\"application\/ld+json\" class=\"yoast-schema-graph\">{\"@context\":\"https:\\\/\\\/schema.org\",\"@graph\":[{\"@type\":\"Article\",\"@id\":\"https:\\\/\\\/proyectum.com\\\/sistema\\\/blog\\\/el-origen-de-donde-aprendi-el-arte-de-la-direccion-de-proyectos\\\/#article\",\"isPartOf\":{\"@id\":\"https:\\\/\\\/proyectum.com\\\/sistema\\\/blog\\\/el-origen-de-donde-aprendi-el-arte-de-la-direccion-de-proyectos\\\/\"},\"author\":{\"name\":\"Julio Matus\",\"@id\":\"https:\\\/\\\/proyectum.com\\\/sistema\\\/#\\\/schema\\\/person\\\/eb3db81e033495b255321db17bbc3641\"},\"headline\":\"El origen de d\u00f3nde aprend\u00ed el arte de la Direcci\u00f3n de Proyectos\",\"datePublished\":\"2015-03-11T05:50:21+00:00\",\"mainEntityOfPage\":{\"@id\":\"https:\\\/\\\/proyectum.com\\\/sistema\\\/blog\\\/el-origen-de-donde-aprendi-el-arte-de-la-direccion-de-proyectos\\\/\"},\"wordCount\":845,\"commentCount\":0,\"publisher\":{\"@id\":\"https:\\\/\\\/proyectum.com\\\/sistema\\\/#organization\"},\"image\":{\"@id\":\"https:\\\/\\\/proyectum.com\\\/sistema\\\/blog\\\/el-origen-de-donde-aprendi-el-arte-de-la-direccion-de-proyectos\\\/#primaryimage\"},\"thumbnailUrl\":\"https:\\\/\\\/proyectum.com\\\/sistema\\\/wp-content\\\/uploads\\\/2015\\\/03\\\/Mam\u00e102.jpg\",\"keywords\":[\"d\u00eda internacional de la mujer\",\"direcci\u00f3n de proyectos\",\"grupos de procesos\",\"PMBOK\",\"Project Manager\"],\"articleSection\":[\"Direcci\u00f3n de Proyectos\",\"Reflexiones\"],\"inLanguage\":\"es\",\"potentialAction\":[{\"@type\":\"CommentAction\",\"name\":\"Comment\",\"target\":[\"https:\\\/\\\/proyectum.com\\\/sistema\\\/blog\\\/el-origen-de-donde-aprendi-el-arte-de-la-direccion-de-proyectos\\\/#respond\"]}]},{\"@type\":\"WebPage\",\"@id\":\"https:\\\/\\\/proyectum.com\\\/sistema\\\/blog\\\/el-origen-de-donde-aprendi-el-arte-de-la-direccion-de-proyectos\\\/\",\"url\":\"https:\\\/\\\/proyectum.com\\\/sistema\\\/blog\\\/el-origen-de-donde-aprendi-el-arte-de-la-direccion-de-proyectos\\\/\",\"name\":\"El origen de d\u00f3nde aprend\u00ed el arte de la Direcci\u00f3n de Proyectos - Proyectum\",\"isPartOf\":{\"@id\":\"https:\\\/\\\/proyectum.com\\\/sistema\\\/#website\"},\"primaryImageOfPage\":{\"@id\":\"https:\\\/\\\/proyectum.com\\\/sistema\\\/blog\\\/el-origen-de-donde-aprendi-el-arte-de-la-direccion-de-proyectos\\\/#primaryimage\"},\"image\":{\"@id\":\"https:\\\/\\\/proyectum.com\\\/sistema\\\/blog\\\/el-origen-de-donde-aprendi-el-arte-de-la-direccion-de-proyectos\\\/#primaryimage\"},\"thumbnailUrl\":\"https:\\\/\\\/proyectum.com\\\/sistema\\\/wp-content\\\/uploads\\\/2015\\\/03\\\/Mam\u00e102.jpg\",\"datePublished\":\"2015-03-11T05:50:21+00:00\",\"description\":\"Por Julio Jes\u00fas Matus Nakamura, PMP. Hace algunos a\u00f1os, recuerdo que uno de los cap\u00edtulos del PMI que m\u00e1s admiro en el mundo por innovadores, lanzaba un\",\"breadcrumb\":{\"@id\":\"https:\\\/\\\/proyectum.com\\\/sistema\\\/blog\\\/el-origen-de-donde-aprendi-el-arte-de-la-direccion-de-proyectos\\\/#breadcrumb\"},\"inLanguage\":\"es\",\"potentialAction\":[{\"@type\":\"ReadAction\",\"target\":[\"https:\\\/\\\/proyectum.com\\\/sistema\\\/blog\\\/el-origen-de-donde-aprendi-el-arte-de-la-direccion-de-proyectos\\\/\"]}]},{\"@type\":\"ImageObject\",\"inLanguage\":\"es\",\"@id\":\"https:\\\/\\\/proyectum.com\\\/sistema\\\/blog\\\/el-origen-de-donde-aprendi-el-arte-de-la-direccion-de-proyectos\\\/#primaryimage\",\"url\":\"https:\\\/\\\/proyectum.com\\\/sistema\\\/wp-content\\\/uploads\\\/2015\\\/03\\\/Mam\u00e102.jpg\",\"contentUrl\":\"https:\\\/\\\/proyectum.com\\\/sistema\\\/wp-content\\\/uploads\\\/2015\\\/03\\\/Mam\u00e102.jpg\",\"width\":1980,\"height\":1320,\"caption\":\"Mam\u00e1 Direcci\u00f3n de Proyectos\"},{\"@type\":\"BreadcrumbList\",\"@id\":\"https:\\\/\\\/proyectum.com\\\/sistema\\\/blog\\\/el-origen-de-donde-aprendi-el-arte-de-la-direccion-de-proyectos\\\/#breadcrumb\",\"itemListElement\":[{\"@type\":\"ListItem\",\"position\":1,\"name\":\"Home\",\"item\":\"https:\\\/\\\/proyectum.com\\\/sistema\\\/\"},{\"@type\":\"ListItem\",\"position\":2,\"name\":\"El origen de d\u00f3nde aprend\u00ed el arte de la Direcci\u00f3n de Proyectos\"}]},{\"@type\":\"WebSite\",\"@id\":\"https:\\\/\\\/proyectum.com\\\/sistema\\\/#website\",\"url\":\"https:\\\/\\\/proyectum.com\\\/sistema\\\/\",\"name\":\"Proyectum\",\"description\":\"Direcci\u00f3n de Proyectos y M\u00e9todos \u00c1giles\",\"publisher\":{\"@id\":\"https:\\\/\\\/proyectum.com\\\/sistema\\\/#organization\"},\"potentialAction\":[{\"@type\":\"SearchAction\",\"target\":{\"@type\":\"EntryPoint\",\"urlTemplate\":\"https:\\\/\\\/proyectum.com\\\/sistema\\\/?s={search_term_string}\"},\"query-input\":{\"@type\":\"PropertyValueSpecification\",\"valueRequired\":true,\"valueName\":\"search_term_string\"}}],\"inLanguage\":\"es\"},{\"@type\":\"Organization\",\"@id\":\"https:\\\/\\\/proyectum.com\\\/sistema\\\/#organization\",\"name\":\"Proyectum\",\"url\":\"https:\\\/\\\/proyectum.com\\\/sistema\\\/\",\"logo\":{\"@type\":\"ImageObject\",\"inLanguage\":\"es\",\"@id\":\"https:\\\/\\\/proyectum.com\\\/sistema\\\/#\\\/schema\\\/logo\\\/image\\\/\",\"url\":\"https:\\\/\\\/www.proyectum.com\\\/sistema\\\/wp-content\\\/uploads\\\/2020\\\/04\\\/proyectum-logo-snippet.png\",\"contentUrl\":\"https:\\\/\\\/www.proyectum.com\\\/sistema\\\/wp-content\\\/uploads\\\/2020\\\/04\\\/proyectum-logo-snippet.png\",\"width\":600,\"height\":315,\"caption\":\"Proyectum\"},\"image\":{\"@id\":\"https:\\\/\\\/proyectum.com\\\/sistema\\\/#\\\/schema\\\/logo\\\/image\\\/\"},\"sameAs\":[\"https:\\\/\\\/www.facebook.com\\\/proyectum\\\/\",\"https:\\\/\\\/www.linkedin.com\\\/company\\\/sistemaproyectum\\\/\",\"https:\\\/\\\/www.youtube.com\\\/channel\\\/UCljouWimyhK_cNcC2jniUgw\"]},{\"@type\":\"Person\",\"@id\":\"https:\\\/\\\/proyectum.com\\\/sistema\\\/#\\\/schema\\\/person\\\/eb3db81e033495b255321db17bbc3641\",\"name\":\"Julio Matus\",\"image\":{\"@type\":\"ImageObject\",\"inLanguage\":\"es\",\"@id\":\"https:\\\/\\\/secure.gravatar.com\\\/avatar\\\/4bae6efb4b3de2c4762b5e2a0492ab6aa0832920d916bacd814743a4279c41e4?s=96&d=mm&r=g\",\"url\":\"https:\\\/\\\/secure.gravatar.com\\\/avatar\\\/4bae6efb4b3de2c4762b5e2a0492ab6aa0832920d916bacd814743a4279c41e4?s=96&d=mm&r=g\",\"contentUrl\":\"https:\\\/\\\/secure.gravatar.com\\\/avatar\\\/4bae6efb4b3de2c4762b5e2a0492ab6aa0832920d916bacd814743a4279c41e4?s=96&d=mm&r=g\",\"caption\":\"Julio Matus\"},\"url\":\"https:\\\/\\\/proyectum.com\\\/sistema\\\/author\\\/juliomatus\\\/\"}]}<\/script>\n<!-- \/ Yoast SEO plugin. -->","yoast_head_json":{"title":"El origen de d\u00f3nde aprend\u00ed el arte de la Direcci\u00f3n de Proyectos - Proyectum","description":"Por Julio Jes\u00fas Matus Nakamura, PMP. Hace algunos a\u00f1os, recuerdo que uno de los cap\u00edtulos del PMI que m\u00e1s admiro en el mundo por innovadores, lanzaba un","robots":{"index":"index","follow":"follow","max-snippet":"max-snippet:-1","max-image-preview":"max-image-preview:large","max-video-preview":"max-video-preview:-1"},"canonical":"https:\/\/proyectum.com\/sistema\/blog\/el-origen-de-donde-aprendi-el-arte-de-la-direccion-de-proyectos\/","og_locale":"es_ES","og_type":"article","og_title":"El origen de d\u00f3nde aprend\u00ed el arte de la Direcci\u00f3n de Proyectos - Proyectum","og_description":"Por Julio Jes\u00fas Matus Nakamura, PMP. Hace algunos a\u00f1os, recuerdo que uno de los cap\u00edtulos del PMI que m\u00e1s admiro en el mundo por innovadores, lanzaba un","og_url":"https:\/\/proyectum.com\/sistema\/blog\/el-origen-de-donde-aprendi-el-arte-de-la-direccion-de-proyectos\/","og_site_name":"Proyectum","article_publisher":"https:\/\/www.facebook.com\/proyectum\/","article_published_time":"2015-03-11T05:50:21+00:00","og_image":[{"width":1980,"height":1320,"url":"https:\/\/proyectum.com\/sistema\/wp-content\/uploads\/2015\/03\/Mam\u00e102.jpg","type":"image\/jpeg"}],"author":"Julio Matus","twitter_card":"summary_large_image","twitter_misc":{"Escrito por":"Julio Matus","Tiempo de lectura":"4 minutos"},"schema":{"@context":"https:\/\/schema.org","@graph":[{"@type":"Article","@id":"https:\/\/proyectum.com\/sistema\/blog\/el-origen-de-donde-aprendi-el-arte-de-la-direccion-de-proyectos\/#article","isPartOf":{"@id":"https:\/\/proyectum.com\/sistema\/blog\/el-origen-de-donde-aprendi-el-arte-de-la-direccion-de-proyectos\/"},"author":{"name":"Julio Matus","@id":"https:\/\/proyectum.com\/sistema\/#\/schema\/person\/eb3db81e033495b255321db17bbc3641"},"headline":"El origen de d\u00f3nde aprend\u00ed el arte de la Direcci\u00f3n de Proyectos","datePublished":"2015-03-11T05:50:21+00:00","mainEntityOfPage":{"@id":"https:\/\/proyectum.com\/sistema\/blog\/el-origen-de-donde-aprendi-el-arte-de-la-direccion-de-proyectos\/"},"wordCount":845,"commentCount":0,"publisher":{"@id":"https:\/\/proyectum.com\/sistema\/#organization"},"image":{"@id":"https:\/\/proyectum.com\/sistema\/blog\/el-origen-de-donde-aprendi-el-arte-de-la-direccion-de-proyectos\/#primaryimage"},"thumbnailUrl":"https:\/\/proyectum.com\/sistema\/wp-content\/uploads\/2015\/03\/Mam\u00e102.jpg","keywords":["d\u00eda internacional de la mujer","direcci\u00f3n de proyectos","grupos de procesos","PMBOK","Project Manager"],"articleSection":["Direcci\u00f3n de Proyectos","Reflexiones"],"inLanguage":"es","potentialAction":[{"@type":"CommentAction","name":"Comment","target":["https:\/\/proyectum.com\/sistema\/blog\/el-origen-de-donde-aprendi-el-arte-de-la-direccion-de-proyectos\/#respond"]}]},{"@type":"WebPage","@id":"https:\/\/proyectum.com\/sistema\/blog\/el-origen-de-donde-aprendi-el-arte-de-la-direccion-de-proyectos\/","url":"https:\/\/proyectum.com\/sistema\/blog\/el-origen-de-donde-aprendi-el-arte-de-la-direccion-de-proyectos\/","name":"El origen de d\u00f3nde aprend\u00ed el arte de la Direcci\u00f3n de Proyectos - Proyectum","isPartOf":{"@id":"https:\/\/proyectum.com\/sistema\/#website"},"primaryImageOfPage":{"@id":"https:\/\/proyectum.com\/sistema\/blog\/el-origen-de-donde-aprendi-el-arte-de-la-direccion-de-proyectos\/#primaryimage"},"image":{"@id":"https:\/\/proyectum.com\/sistema\/blog\/el-origen-de-donde-aprendi-el-arte-de-la-direccion-de-proyectos\/#primaryimage"},"thumbnailUrl":"https:\/\/proyectum.com\/sistema\/wp-content\/uploads\/2015\/03\/Mam\u00e102.jpg","datePublished":"2015-03-11T05:50:21+00:00","description":"Por Julio Jes\u00fas Matus Nakamura, PMP. Hace algunos a\u00f1os, recuerdo que uno de los cap\u00edtulos del PMI que m\u00e1s admiro en el mundo por innovadores, lanzaba un","breadcrumb":{"@id":"https:\/\/proyectum.com\/sistema\/blog\/el-origen-de-donde-aprendi-el-arte-de-la-direccion-de-proyectos\/#breadcrumb"},"inLanguage":"es","potentialAction":[{"@type":"ReadAction","target":["https:\/\/proyectum.com\/sistema\/blog\/el-origen-de-donde-aprendi-el-arte-de-la-direccion-de-proyectos\/"]}]},{"@type":"ImageObject","inLanguage":"es","@id":"https:\/\/proyectum.com\/sistema\/blog\/el-origen-de-donde-aprendi-el-arte-de-la-direccion-de-proyectos\/#primaryimage","url":"https:\/\/proyectum.com\/sistema\/wp-content\/uploads\/2015\/03\/Mam\u00e102.jpg","contentUrl":"https:\/\/proyectum.com\/sistema\/wp-content\/uploads\/2015\/03\/Mam\u00e102.jpg","width":1980,"height":1320,"caption":"Mam\u00e1 Direcci\u00f3n de Proyectos"},{"@type":"BreadcrumbList","@id":"https:\/\/proyectum.com\/sistema\/blog\/el-origen-de-donde-aprendi-el-arte-de-la-direccion-de-proyectos\/#breadcrumb","itemListElement":[{"@type":"ListItem","position":1,"name":"Home","item":"https:\/\/proyectum.com\/sistema\/"},{"@type":"ListItem","position":2,"name":"El origen de d\u00f3nde aprend\u00ed el arte de la Direcci\u00f3n de Proyectos"}]},{"@type":"WebSite","@id":"https:\/\/proyectum.com\/sistema\/#website","url":"https:\/\/proyectum.com\/sistema\/","name":"Proyectum","description":"Direcci\u00f3n de Proyectos y M\u00e9todos \u00c1giles","publisher":{"@id":"https:\/\/proyectum.com\/sistema\/#organization"},"potentialAction":[{"@type":"SearchAction","target":{"@type":"EntryPoint","urlTemplate":"https:\/\/proyectum.com\/sistema\/?s={search_term_string}"},"query-input":{"@type":"PropertyValueSpecification","valueRequired":true,"valueName":"search_term_string"}}],"inLanguage":"es"},{"@type":"Organization","@id":"https:\/\/proyectum.com\/sistema\/#organization","name":"Proyectum","url":"https:\/\/proyectum.com\/sistema\/","logo":{"@type":"ImageObject","inLanguage":"es","@id":"https:\/\/proyectum.com\/sistema\/#\/schema\/logo\/image\/","url":"https:\/\/www.proyectum.com\/sistema\/wp-content\/uploads\/2020\/04\/proyectum-logo-snippet.png","contentUrl":"https:\/\/www.proyectum.com\/sistema\/wp-content\/uploads\/2020\/04\/proyectum-logo-snippet.png","width":600,"height":315,"caption":"Proyectum"},"image":{"@id":"https:\/\/proyectum.com\/sistema\/#\/schema\/logo\/image\/"},"sameAs":["https:\/\/www.facebook.com\/proyectum\/","https:\/\/www.linkedin.com\/company\/sistemaproyectum\/","https:\/\/www.youtube.com\/channel\/UCljouWimyhK_cNcC2jniUgw"]},{"@type":"Person","@id":"https:\/\/proyectum.com\/sistema\/#\/schema\/person\/eb3db81e033495b255321db17bbc3641","name":"Julio Matus","image":{"@type":"ImageObject","inLanguage":"es","@id":"https:\/\/secure.gravatar.com\/avatar\/4bae6efb4b3de2c4762b5e2a0492ab6aa0832920d916bacd814743a4279c41e4?s=96&d=mm&r=g","url":"https:\/\/secure.gravatar.com\/avatar\/4bae6efb4b3de2c4762b5e2a0492ab6aa0832920d916bacd814743a4279c41e4?s=96&d=mm&r=g","contentUrl":"https:\/\/secure.gravatar.com\/avatar\/4bae6efb4b3de2c4762b5e2a0492ab6aa0832920d916bacd814743a4279c41e4?s=96&d=mm&r=g","caption":"Julio Matus"},"url":"https:\/\/proyectum.com\/sistema\/author\/juliomatus\/"}]}},"_links":{"self":[{"href":"https:\/\/proyectum.com\/sistema\/wp-json\/wp\/v2\/posts\/8380","targetHints":{"allow":["GET"]}}],"collection":[{"href":"https:\/\/proyectum.com\/sistema\/wp-json\/wp\/v2\/posts"}],"about":[{"href":"https:\/\/proyectum.com\/sistema\/wp-json\/wp\/v2\/types\/post"}],"author":[{"embeddable":true,"href":"https:\/\/proyectum.com\/sistema\/wp-json\/wp\/v2\/users\/24"}],"replies":[{"embeddable":true,"href":"https:\/\/proyectum.com\/sistema\/wp-json\/wp\/v2\/comments?post=8380"}],"version-history":[{"count":0,"href":"https:\/\/proyectum.com\/sistema\/wp-json\/wp\/v2\/posts\/8380\/revisions"}],"wp:featuredmedia":[{"embeddable":true,"href":"https:\/\/proyectum.com\/sistema\/wp-json\/wp\/v2\/media\/5106"}],"wp:attachment":[{"href":"https:\/\/proyectum.com\/sistema\/wp-json\/wp\/v2\/media?parent=8380"}],"wp:term":[{"taxonomy":"category","embeddable":true,"href":"https:\/\/proyectum.com\/sistema\/wp-json\/wp\/v2\/categories?post=8380"},{"taxonomy":"post_tag","embeddable":true,"href":"https:\/\/proyectum.com\/sistema\/wp-json\/wp\/v2\/tags?post=8380"}],"curies":[{"name":"wp","href":"https:\/\/api.w.org\/{rel}","templated":true}]}}