{"id":8394,"date":"2016-08-03T03:10:49","date_gmt":"2016-08-03T08:10:49","guid":{"rendered":"http:\/\/www.proyectum.lat\/?p=2837"},"modified":"2020-02-05T14:01:29","modified_gmt":"2020-02-05T17:01:29","slug":"el-problema-de-no-abrir-la-boca-en-las-reuniones","status":"publish","type":"post","link":"https:\/\/proyectum.com\/sistema\/blog\/el-problema-de-no-abrir-la-boca-en-las-reuniones\/","title":{"rendered":"El problema de no abrir la boca en las reuniones"},"content":{"rendered":"<p>Existen diversas barreras que impiden <strong>hablar con franqueza<\/strong> en un entorno laboral, desde el miedo a ofender a alguien, hasta preferir guardar silencio para no sentirse avergonzado.<\/p>\n<p>Las reuniones de trabajo en donde se requiere retroalimentaci\u00f3n para resolver un problema o tomar decisiones importantes, muchas veces se llenan de verdades a medias, silencios sepulcrales o adulaciones enga\u00f1osas. Todo lo anterior, a pesar de que la cultura de la organizaci\u00f3n fomente la comunicaci\u00f3n abierta. <\/p>\n<p>Y es que el origen del problema es tan profundo como la misma condici\u00f3n social del ser humano, la cual, nos impide decir la verdad a quien percibimos en una posici\u00f3n de m\u00e1s poder. No se trata de que una persona decida mentir, muchas veces esto ni siquiera pasa por su mente, m\u00e1s bien se enfoca en cuidar lo que saldr\u00e1 de su boca para no quedar mal en medio de una reuni\u00f3n importante.<\/p>\n<p>En el libro \u201c<strong>Creativity Inc.<\/strong>\u201d de <strong>Ed Catmull<\/strong>, presidente y cofundador del estudio de animaci\u00f3n <strong>Pixar<\/strong>, menciona lo siguiente: \u201c<em>\u2026Hay muchas razones para ser cuidadoso con lo que dice, quiere ser educado, quiere respetar y adherirse a lo que los dem\u00e1s dicen y no quiere pasar verg\u00fcenza o parecer que tiene todas las respuestas. Antes de hablar, por muy seguro que est\u00e9, usted se preguntar\u00e1: \u00bfes una buena idea o una estupidez? \u00bfCu\u00e1ntas veces puedo decir algo tonto antes de que los dem\u00e1s empiecen a dudar de m\u00ed? [\u2026]No es que usted quiera ser deshonesto o no comunicar su opini\u00f3n a los dem\u00e1s. En esta etapa, ni siquiera est\u00e1 pensando en ser franco. Est\u00e1 pensando en no quedar como una idiota.<\/em>\u201d.<\/p>\n<p>Creo que m\u00e1s de uno nos hemos identificado con el texto de <strong>Ed Catmull<\/strong>. En ocasiones, el suavizar las palabras para procurar no ofender, cambia por completo el contexto del mensaje que quer\u00edamos comunicar. A veces, simplemente decidimos guardar silencio para no comprometernos con lo que decimos.<\/p>\n<p>Cuidar las palabras para no herir susceptibilidades por supuesto que es importante, sin embargo no podemos simplemente quedarnos callados ante algo relevante que debe ser comentado. Si en verdad se busca tener una autentica retroalimentaci\u00f3n por parte del equipo de trabajo es necesario encontrar un <strong>balance entre la franqueza y la cortes\u00eda<\/strong>. Pero para llegar a este balance, antes se debi\u00f3 de haber trabajado en crear un ambiente que brinde total <strong>libertad de expresi\u00f3n<\/strong> y en donde todas las opiniones sean validas.<\/p>\n<p>Nuestros colaboradores deben estar convencidos que pueden expresar con total libertad sus opiniones sin sentirse intimidados, para esto, como l\u00edderes podemos y tenemos la obligaci\u00f3n de implementar mecanismos que rompan cualquier tipo de barreras de comunicaci\u00f3n, esto puede ir desde cosas tan simples como la forma de distribuir los asientos en las reuniones de trabajo o incluso el mismo lugar para realizar las reuniones. Si las reuniones siempre se llevan a cabo alrededor de una mesa donde en una de las cabeceras se sienta la persona de mayor rango, con mirada intimidatoria y apariencia de juez, \u00bfcrees que tu equipo tendr\u00e1 los \u00e1nimos para opinar? <\/p>\n<p>Las barreras de comunicaci\u00f3n pueden comenzar a derribarse con peque\u00f1os cambios que tendr\u00e1n un efecto positivo en la retroalimentaci\u00f3n y <strong>generaci\u00f3n de nuevas ideas<\/strong>. Una vez derribadas las barreras, la comunicaci\u00f3n debe ser franca <strong>sin necesidad de ser cruel ni destructiva<\/strong>. Y por \u00faltimo, quien recibe la retroalimentaci\u00f3n debe estar <strong>abierto a las cr\u00edticas sin ponerse a la defensiva<\/strong>.<\/p>\n<p>\u201c<em>Cr\u00e9ame, usted no deber\u00eda estar en una empresa en la que se vea m\u00e1s franqueza en los pasillos que en las salas de reuniones\u2026<\/em>\u201d \u2013 <strong>Ed Catmull<\/strong>.<\/p>\n<p>Sobre el autor: <a href=\"http:\/\/about.me\/omargarcia\" target=\"_blank\" rel=\"noopener noreferrer\">Omar Garc\u00eda<\/a><\/p>\n","protected":false},"excerpt":{"rendered":"<p>Existen diversas barreras que impiden hablar con franqueza en un entorno laboral, desde el miedo a ofender a alguien, hasta preferir guardar silencio para no sentirse avergonzado. Las reuniones de trabajo en donde se requiere retroalimentaci\u00f3n para resolver un problema o tomar decisiones importantes, muchas veces se llenan de verdades a medias, silencios sepulcrales o [&hellip;]<\/p>\n","protected":false},"author":46,"featured_media":2844,"comment_status":"open","ping_status":"open","sticky":false,"template":"","format":"standard","meta":{"_acf_changed":false,"content-type":"","footnotes":""},"categories":[67],"tags":[993,1101,827],"class_list":["post-8394","post","type-post","status-publish","format-standard","has-post-thumbnail","hentry","category-comunicacion","tag-ed-catmull","tag-ed-catmull-creativity-inc","tag-libro-de-ed-catmull"],"acf":[],"featured_image_src":{"landsacpe":["https:\/\/proyectum.com\/sistema\/wp-content\/uploads\/2016\/08\/Silencio-en-reuniones-de-trabajo.jpg",1024,419,false],"list":["https:\/\/proyectum.com\/sistema\/wp-content\/uploads\/2016\/08\/Silencio-en-reuniones-de-trabajo-463x348.jpg",463,348,true],"medium":["https:\/\/proyectum.com\/sistema\/wp-content\/uploads\/2016\/08\/Silencio-en-reuniones-de-trabajo-300x123.jpg",300,123,true],"full":["https:\/\/proyectum.com\/sistema\/wp-content\/uploads\/2016\/08\/Silencio-en-reuniones-de-trabajo.jpg",1024,419,false]},"yoast_head":"<!-- This site is optimized with the Yoast SEO plugin v27.4 - https:\/\/yoast.com\/product\/yoast-seo-wordpress\/ -->\n<title>El problema de no abrir la boca en las reuniones - Proyectum<\/title>\n<meta name=\"description\" content=\"Existen diversas barreras que impiden hablar con franqueza en un entorno laboral, desde el miedo a ofender a alguien, hasta preferir guardar silencio para\" \/>\n<meta name=\"robots\" content=\"index, follow, max-snippet:-1, max-image-preview:large, max-video-preview:-1\" \/>\n<link rel=\"canonical\" href=\"https:\/\/proyectum.com\/sistema\/blog\/el-problema-de-no-abrir-la-boca-en-las-reuniones\/\" \/>\n<meta property=\"og:locale\" content=\"es_ES\" \/>\n<meta property=\"og:type\" content=\"article\" \/>\n<meta property=\"og:title\" content=\"El problema de no abrir la boca en las reuniones - Proyectum\" \/>\n<meta property=\"og:description\" content=\"Existen diversas barreras que impiden hablar con franqueza en un entorno laboral, desde el miedo a ofender a alguien, hasta preferir guardar silencio para\" \/>\n<meta property=\"og:url\" content=\"https:\/\/proyectum.com\/sistema\/blog\/el-problema-de-no-abrir-la-boca-en-las-reuniones\/\" \/>\n<meta property=\"og:site_name\" content=\"Proyectum\" \/>\n<meta property=\"article:publisher\" content=\"https:\/\/www.facebook.com\/proyectum\/\" \/>\n<meta property=\"article:published_time\" content=\"2016-08-03T08:10:49+00:00\" \/>\n<meta property=\"article:modified_time\" content=\"2020-02-05T17:01:29+00:00\" \/>\n<meta property=\"og:image\" content=\"https:\/\/proyectum.com\/sistema\/wp-content\/uploads\/2016\/08\/Silencio-en-reuniones-de-trabajo.jpg\" \/>\n\t<meta property=\"og:image:width\" content=\"1024\" \/>\n\t<meta property=\"og:image:height\" content=\"419\" \/>\n\t<meta property=\"og:image:type\" content=\"image\/jpeg\" \/>\n<meta name=\"author\" content=\"Omar Garc\u00eda\" \/>\n<meta name=\"twitter:card\" content=\"summary_large_image\" \/>\n<meta name=\"twitter:creator\" content=\"@omarzgarcia\" \/>\n<meta name=\"twitter:label1\" content=\"Escrito por\" \/>\n\t<meta name=\"twitter:data1\" content=\"Omar Garc\u00eda\" \/>\n\t<meta name=\"twitter:label2\" content=\"Tiempo de lectura\" \/>\n\t<meta name=\"twitter:data2\" content=\"3 minutos\" \/>\n<script type=\"application\/ld+json\" class=\"yoast-schema-graph\">{\"@context\":\"https:\\\/\\\/schema.org\",\"@graph\":[{\"@type\":\"Article\",\"@id\":\"https:\\\/\\\/proyectum.com\\\/sistema\\\/blog\\\/el-problema-de-no-abrir-la-boca-en-las-reuniones\\\/#article\",\"isPartOf\":{\"@id\":\"https:\\\/\\\/proyectum.com\\\/sistema\\\/blog\\\/el-problema-de-no-abrir-la-boca-en-las-reuniones\\\/\"},\"author\":{\"name\":\"Omar Garc\u00eda\",\"@id\":\"https:\\\/\\\/proyectum.com\\\/sistema\\\/#\\\/schema\\\/person\\\/2c2f3285c31a3a005b11add8832ae8f7\"},\"headline\":\"El problema de no abrir la boca en las reuniones\",\"datePublished\":\"2016-08-03T08:10:49+00:00\",\"dateModified\":\"2020-02-05T17:01:29+00:00\",\"mainEntityOfPage\":{\"@id\":\"https:\\\/\\\/proyectum.com\\\/sistema\\\/blog\\\/el-problema-de-no-abrir-la-boca-en-las-reuniones\\\/\"},\"wordCount\":638,\"commentCount\":2,\"publisher\":{\"@id\":\"https:\\\/\\\/proyectum.com\\\/sistema\\\/#organization\"},\"image\":{\"@id\":\"https:\\\/\\\/proyectum.com\\\/sistema\\\/blog\\\/el-problema-de-no-abrir-la-boca-en-las-reuniones\\\/#primaryimage\"},\"thumbnailUrl\":\"https:\\\/\\\/proyectum.com\\\/sistema\\\/wp-content\\\/uploads\\\/2016\\\/08\\\/Silencio-en-reuniones-de-trabajo.jpg\",\"keywords\":[\"Ed Catmull\",\"Ed Catmull Creativity Inc\",\"Libro de Ed Catmull\"],\"articleSection\":[\"Comunicaci\u00f3n\"],\"inLanguage\":\"es\",\"potentialAction\":[{\"@type\":\"CommentAction\",\"name\":\"Comment\",\"target\":[\"https:\\\/\\\/proyectum.com\\\/sistema\\\/blog\\\/el-problema-de-no-abrir-la-boca-en-las-reuniones\\\/#respond\"]}]},{\"@type\":\"WebPage\",\"@id\":\"https:\\\/\\\/proyectum.com\\\/sistema\\\/blog\\\/el-problema-de-no-abrir-la-boca-en-las-reuniones\\\/\",\"url\":\"https:\\\/\\\/proyectum.com\\\/sistema\\\/blog\\\/el-problema-de-no-abrir-la-boca-en-las-reuniones\\\/\",\"name\":\"El problema de no abrir la boca en las reuniones - Proyectum\",\"isPartOf\":{\"@id\":\"https:\\\/\\\/proyectum.com\\\/sistema\\\/#website\"},\"primaryImageOfPage\":{\"@id\":\"https:\\\/\\\/proyectum.com\\\/sistema\\\/blog\\\/el-problema-de-no-abrir-la-boca-en-las-reuniones\\\/#primaryimage\"},\"image\":{\"@id\":\"https:\\\/\\\/proyectum.com\\\/sistema\\\/blog\\\/el-problema-de-no-abrir-la-boca-en-las-reuniones\\\/#primaryimage\"},\"thumbnailUrl\":\"https:\\\/\\\/proyectum.com\\\/sistema\\\/wp-content\\\/uploads\\\/2016\\\/08\\\/Silencio-en-reuniones-de-trabajo.jpg\",\"datePublished\":\"2016-08-03T08:10:49+00:00\",\"dateModified\":\"2020-02-05T17:01:29+00:00\",\"description\":\"Existen diversas barreras que impiden hablar con franqueza en un entorno laboral, desde el miedo a ofender a alguien, hasta preferir guardar silencio para\",\"breadcrumb\":{\"@id\":\"https:\\\/\\\/proyectum.com\\\/sistema\\\/blog\\\/el-problema-de-no-abrir-la-boca-en-las-reuniones\\\/#breadcrumb\"},\"inLanguage\":\"es\",\"potentialAction\":[{\"@type\":\"ReadAction\",\"target\":[\"https:\\\/\\\/proyectum.com\\\/sistema\\\/blog\\\/el-problema-de-no-abrir-la-boca-en-las-reuniones\\\/\"]}]},{\"@type\":\"ImageObject\",\"inLanguage\":\"es\",\"@id\":\"https:\\\/\\\/proyectum.com\\\/sistema\\\/blog\\\/el-problema-de-no-abrir-la-boca-en-las-reuniones\\\/#primaryimage\",\"url\":\"https:\\\/\\\/proyectum.com\\\/sistema\\\/wp-content\\\/uploads\\\/2016\\\/08\\\/Silencio-en-reuniones-de-trabajo.jpg\",\"contentUrl\":\"https:\\\/\\\/proyectum.com\\\/sistema\\\/wp-content\\\/uploads\\\/2016\\\/08\\\/Silencio-en-reuniones-de-trabajo.jpg\",\"width\":1024,\"height\":419,\"caption\":\"Silencio reuniones de trabajo\"},{\"@type\":\"BreadcrumbList\",\"@id\":\"https:\\\/\\\/proyectum.com\\\/sistema\\\/blog\\\/el-problema-de-no-abrir-la-boca-en-las-reuniones\\\/#breadcrumb\",\"itemListElement\":[{\"@type\":\"ListItem\",\"position\":1,\"name\":\"Home\",\"item\":\"https:\\\/\\\/proyectum.com\\\/sistema\\\/\"},{\"@type\":\"ListItem\",\"position\":2,\"name\":\"El problema de no abrir la boca en las reuniones\"}]},{\"@type\":\"WebSite\",\"@id\":\"https:\\\/\\\/proyectum.com\\\/sistema\\\/#website\",\"url\":\"https:\\\/\\\/proyectum.com\\\/sistema\\\/\",\"name\":\"Proyectum\",\"description\":\"Direcci\u00f3n de Proyectos y M\u00e9todos \u00c1giles\",\"publisher\":{\"@id\":\"https:\\\/\\\/proyectum.com\\\/sistema\\\/#organization\"},\"potentialAction\":[{\"@type\":\"SearchAction\",\"target\":{\"@type\":\"EntryPoint\",\"urlTemplate\":\"https:\\\/\\\/proyectum.com\\\/sistema\\\/?s={search_term_string}\"},\"query-input\":{\"@type\":\"PropertyValueSpecification\",\"valueRequired\":true,\"valueName\":\"search_term_string\"}}],\"inLanguage\":\"es\"},{\"@type\":\"Organization\",\"@id\":\"https:\\\/\\\/proyectum.com\\\/sistema\\\/#organization\",\"name\":\"Proyectum\",\"url\":\"https:\\\/\\\/proyectum.com\\\/sistema\\\/\",\"logo\":{\"@type\":\"ImageObject\",\"inLanguage\":\"es\",\"@id\":\"https:\\\/\\\/proyectum.com\\\/sistema\\\/#\\\/schema\\\/logo\\\/image\\\/\",\"url\":\"https:\\\/\\\/www.proyectum.com\\\/sistema\\\/wp-content\\\/uploads\\\/2020\\\/04\\\/proyectum-logo-snippet.png\",\"contentUrl\":\"https:\\\/\\\/www.proyectum.com\\\/sistema\\\/wp-content\\\/uploads\\\/2020\\\/04\\\/proyectum-logo-snippet.png\",\"width\":600,\"height\":315,\"caption\":\"Proyectum\"},\"image\":{\"@id\":\"https:\\\/\\\/proyectum.com\\\/sistema\\\/#\\\/schema\\\/logo\\\/image\\\/\"},\"sameAs\":[\"https:\\\/\\\/www.facebook.com\\\/proyectum\\\/\",\"https:\\\/\\\/www.linkedin.com\\\/company\\\/sistemaproyectum\\\/\",\"https:\\\/\\\/www.youtube.com\\\/channel\\\/UCljouWimyhK_cNcC2jniUgw\"]},{\"@type\":\"Person\",\"@id\":\"https:\\\/\\\/proyectum.com\\\/sistema\\\/#\\\/schema\\\/person\\\/2c2f3285c31a3a005b11add8832ae8f7\",\"name\":\"Omar Garc\u00eda\",\"image\":{\"@type\":\"ImageObject\",\"inLanguage\":\"es\",\"@id\":\"https:\\\/\\\/secure.gravatar.com\\\/avatar\\\/6287ae96abd3e19dcc272b2c1ff8c5c0a0fcf3149e67894ce1b778f4232770a9?s=96&d=mm&r=g\",\"url\":\"https:\\\/\\\/secure.gravatar.com\\\/avatar\\\/6287ae96abd3e19dcc272b2c1ff8c5c0a0fcf3149e67894ce1b778f4232770a9?s=96&d=mm&r=g\",\"contentUrl\":\"https:\\\/\\\/secure.gravatar.com\\\/avatar\\\/6287ae96abd3e19dcc272b2c1ff8c5c0a0fcf3149e67894ce1b778f4232770a9?s=96&d=mm&r=g\",\"caption\":\"Omar Garc\u00eda\"},\"description\":\"Creador de contenidos en Proyectum. Para seguir la conversaci\u00f3n puedes escribirme en: @omarzgarcia\",\"sameAs\":[\"https:\\\/\\\/x.com\\\/@omarzgarcia\"],\"url\":\"https:\\\/\\\/proyectum.com\\\/sistema\\\/author\\\/omarzgarcia\\\/\"}]}<\/script>\n<!-- \/ Yoast SEO plugin. -->","yoast_head_json":{"title":"El problema de no abrir la boca en las reuniones - Proyectum","description":"Existen diversas barreras que impiden hablar con franqueza en un entorno laboral, desde el miedo a ofender a alguien, hasta preferir guardar silencio para","robots":{"index":"index","follow":"follow","max-snippet":"max-snippet:-1","max-image-preview":"max-image-preview:large","max-video-preview":"max-video-preview:-1"},"canonical":"https:\/\/proyectum.com\/sistema\/blog\/el-problema-de-no-abrir-la-boca-en-las-reuniones\/","og_locale":"es_ES","og_type":"article","og_title":"El problema de no abrir la boca en las reuniones - Proyectum","og_description":"Existen diversas barreras que impiden hablar con franqueza en un entorno laboral, desde el miedo a ofender a alguien, hasta preferir guardar silencio para","og_url":"https:\/\/proyectum.com\/sistema\/blog\/el-problema-de-no-abrir-la-boca-en-las-reuniones\/","og_site_name":"Proyectum","article_publisher":"https:\/\/www.facebook.com\/proyectum\/","article_published_time":"2016-08-03T08:10:49+00:00","article_modified_time":"2020-02-05T17:01:29+00:00","og_image":[{"width":1024,"height":419,"url":"https:\/\/proyectum.com\/sistema\/wp-content\/uploads\/2016\/08\/Silencio-en-reuniones-de-trabajo.jpg","type":"image\/jpeg"}],"author":"Omar Garc\u00eda","twitter_card":"summary_large_image","twitter_creator":"@omarzgarcia","twitter_misc":{"Escrito por":"Omar Garc\u00eda","Tiempo de lectura":"3 minutos"},"schema":{"@context":"https:\/\/schema.org","@graph":[{"@type":"Article","@id":"https:\/\/proyectum.com\/sistema\/blog\/el-problema-de-no-abrir-la-boca-en-las-reuniones\/#article","isPartOf":{"@id":"https:\/\/proyectum.com\/sistema\/blog\/el-problema-de-no-abrir-la-boca-en-las-reuniones\/"},"author":{"name":"Omar Garc\u00eda","@id":"https:\/\/proyectum.com\/sistema\/#\/schema\/person\/2c2f3285c31a3a005b11add8832ae8f7"},"headline":"El problema de no abrir la boca en las reuniones","datePublished":"2016-08-03T08:10:49+00:00","dateModified":"2020-02-05T17:01:29+00:00","mainEntityOfPage":{"@id":"https:\/\/proyectum.com\/sistema\/blog\/el-problema-de-no-abrir-la-boca-en-las-reuniones\/"},"wordCount":638,"commentCount":2,"publisher":{"@id":"https:\/\/proyectum.com\/sistema\/#organization"},"image":{"@id":"https:\/\/proyectum.com\/sistema\/blog\/el-problema-de-no-abrir-la-boca-en-las-reuniones\/#primaryimage"},"thumbnailUrl":"https:\/\/proyectum.com\/sistema\/wp-content\/uploads\/2016\/08\/Silencio-en-reuniones-de-trabajo.jpg","keywords":["Ed Catmull","Ed Catmull Creativity Inc","Libro de Ed Catmull"],"articleSection":["Comunicaci\u00f3n"],"inLanguage":"es","potentialAction":[{"@type":"CommentAction","name":"Comment","target":["https:\/\/proyectum.com\/sistema\/blog\/el-problema-de-no-abrir-la-boca-en-las-reuniones\/#respond"]}]},{"@type":"WebPage","@id":"https:\/\/proyectum.com\/sistema\/blog\/el-problema-de-no-abrir-la-boca-en-las-reuniones\/","url":"https:\/\/proyectum.com\/sistema\/blog\/el-problema-de-no-abrir-la-boca-en-las-reuniones\/","name":"El problema de no abrir la boca en las reuniones - Proyectum","isPartOf":{"@id":"https:\/\/proyectum.com\/sistema\/#website"},"primaryImageOfPage":{"@id":"https:\/\/proyectum.com\/sistema\/blog\/el-problema-de-no-abrir-la-boca-en-las-reuniones\/#primaryimage"},"image":{"@id":"https:\/\/proyectum.com\/sistema\/blog\/el-problema-de-no-abrir-la-boca-en-las-reuniones\/#primaryimage"},"thumbnailUrl":"https:\/\/proyectum.com\/sistema\/wp-content\/uploads\/2016\/08\/Silencio-en-reuniones-de-trabajo.jpg","datePublished":"2016-08-03T08:10:49+00:00","dateModified":"2020-02-05T17:01:29+00:00","description":"Existen diversas barreras que impiden hablar con franqueza en un entorno laboral, desde el miedo a ofender a alguien, hasta preferir guardar silencio para","breadcrumb":{"@id":"https:\/\/proyectum.com\/sistema\/blog\/el-problema-de-no-abrir-la-boca-en-las-reuniones\/#breadcrumb"},"inLanguage":"es","potentialAction":[{"@type":"ReadAction","target":["https:\/\/proyectum.com\/sistema\/blog\/el-problema-de-no-abrir-la-boca-en-las-reuniones\/"]}]},{"@type":"ImageObject","inLanguage":"es","@id":"https:\/\/proyectum.com\/sistema\/blog\/el-problema-de-no-abrir-la-boca-en-las-reuniones\/#primaryimage","url":"https:\/\/proyectum.com\/sistema\/wp-content\/uploads\/2016\/08\/Silencio-en-reuniones-de-trabajo.jpg","contentUrl":"https:\/\/proyectum.com\/sistema\/wp-content\/uploads\/2016\/08\/Silencio-en-reuniones-de-trabajo.jpg","width":1024,"height":419,"caption":"Silencio reuniones de trabajo"},{"@type":"BreadcrumbList","@id":"https:\/\/proyectum.com\/sistema\/blog\/el-problema-de-no-abrir-la-boca-en-las-reuniones\/#breadcrumb","itemListElement":[{"@type":"ListItem","position":1,"name":"Home","item":"https:\/\/proyectum.com\/sistema\/"},{"@type":"ListItem","position":2,"name":"El problema de no abrir la boca en las reuniones"}]},{"@type":"WebSite","@id":"https:\/\/proyectum.com\/sistema\/#website","url":"https:\/\/proyectum.com\/sistema\/","name":"Proyectum","description":"Direcci\u00f3n de Proyectos y M\u00e9todos \u00c1giles","publisher":{"@id":"https:\/\/proyectum.com\/sistema\/#organization"},"potentialAction":[{"@type":"SearchAction","target":{"@type":"EntryPoint","urlTemplate":"https:\/\/proyectum.com\/sistema\/?s={search_term_string}"},"query-input":{"@type":"PropertyValueSpecification","valueRequired":true,"valueName":"search_term_string"}}],"inLanguage":"es"},{"@type":"Organization","@id":"https:\/\/proyectum.com\/sistema\/#organization","name":"Proyectum","url":"https:\/\/proyectum.com\/sistema\/","logo":{"@type":"ImageObject","inLanguage":"es","@id":"https:\/\/proyectum.com\/sistema\/#\/schema\/logo\/image\/","url":"https:\/\/www.proyectum.com\/sistema\/wp-content\/uploads\/2020\/04\/proyectum-logo-snippet.png","contentUrl":"https:\/\/www.proyectum.com\/sistema\/wp-content\/uploads\/2020\/04\/proyectum-logo-snippet.png","width":600,"height":315,"caption":"Proyectum"},"image":{"@id":"https:\/\/proyectum.com\/sistema\/#\/schema\/logo\/image\/"},"sameAs":["https:\/\/www.facebook.com\/proyectum\/","https:\/\/www.linkedin.com\/company\/sistemaproyectum\/","https:\/\/www.youtube.com\/channel\/UCljouWimyhK_cNcC2jniUgw"]},{"@type":"Person","@id":"https:\/\/proyectum.com\/sistema\/#\/schema\/person\/2c2f3285c31a3a005b11add8832ae8f7","name":"Omar Garc\u00eda","image":{"@type":"ImageObject","inLanguage":"es","@id":"https:\/\/secure.gravatar.com\/avatar\/6287ae96abd3e19dcc272b2c1ff8c5c0a0fcf3149e67894ce1b778f4232770a9?s=96&d=mm&r=g","url":"https:\/\/secure.gravatar.com\/avatar\/6287ae96abd3e19dcc272b2c1ff8c5c0a0fcf3149e67894ce1b778f4232770a9?s=96&d=mm&r=g","contentUrl":"https:\/\/secure.gravatar.com\/avatar\/6287ae96abd3e19dcc272b2c1ff8c5c0a0fcf3149e67894ce1b778f4232770a9?s=96&d=mm&r=g","caption":"Omar Garc\u00eda"},"description":"Creador de contenidos en Proyectum. Para seguir la conversaci\u00f3n puedes escribirme en: @omarzgarcia","sameAs":["https:\/\/x.com\/@omarzgarcia"],"url":"https:\/\/proyectum.com\/sistema\/author\/omarzgarcia\/"}]}},"_links":{"self":[{"href":"https:\/\/proyectum.com\/sistema\/wp-json\/wp\/v2\/posts\/8394","targetHints":{"allow":["GET"]}}],"collection":[{"href":"https:\/\/proyectum.com\/sistema\/wp-json\/wp\/v2\/posts"}],"about":[{"href":"https:\/\/proyectum.com\/sistema\/wp-json\/wp\/v2\/types\/post"}],"author":[{"embeddable":true,"href":"https:\/\/proyectum.com\/sistema\/wp-json\/wp\/v2\/users\/46"}],"replies":[{"embeddable":true,"href":"https:\/\/proyectum.com\/sistema\/wp-json\/wp\/v2\/comments?post=8394"}],"version-history":[{"count":0,"href":"https:\/\/proyectum.com\/sistema\/wp-json\/wp\/v2\/posts\/8394\/revisions"}],"wp:featuredmedia":[{"embeddable":true,"href":"https:\/\/proyectum.com\/sistema\/wp-json\/wp\/v2\/media\/2844"}],"wp:attachment":[{"href":"https:\/\/proyectum.com\/sistema\/wp-json\/wp\/v2\/media?parent=8394"}],"wp:term":[{"taxonomy":"category","embeddable":true,"href":"https:\/\/proyectum.com\/sistema\/wp-json\/wp\/v2\/categories?post=8394"},{"taxonomy":"post_tag","embeddable":true,"href":"https:\/\/proyectum.com\/sistema\/wp-json\/wp\/v2\/tags?post=8394"}],"curies":[{"name":"wp","href":"https:\/\/api.w.org\/{rel}","templated":true}]}}