{"id":8402,"date":"2017-01-26T09:38:04","date_gmt":"2017-01-26T15:38:04","guid":{"rendered":"http:\/\/www.proyectum.lat\/?p=3041"},"modified":"2020-02-05T13:58:44","modified_gmt":"2020-02-05T16:58:44","slug":"los-lideres-tienen-de-frente-un-panorama-complicado-como-lo-superaran","status":"publish","type":"post","link":"https:\/\/proyectum.com\/sistema\/blog\/los-lideres-tienen-de-frente-un-panorama-complicado-como-lo-superaran\/","title":{"rendered":"Los l\u00edderes tienen de frente un panorama complicado \u00bfC\u00f3mo lo superar\u00e1n?"},"content":{"rendered":"<p>Los l\u00edderes tienen de frente un panorama <strong>Vol\u00e1til, Incierto, Complejo y Ambiguo<\/strong> (<a href=\"http:\/\/www.proyectum.lat\/2016\/05\/25\/el-design-thinking-vs-un-mundo-vuca\/\" target=\"_blank\" rel=\"noopener noreferrer\">VUCA<\/a>, por sus siglas en ingl\u00e9s), que sin duda los reta a demostrar sus mejores habilidades y actuar de forma din\u00e1mica ante aquellos retos que en ocasiones los han hecho fallar.<\/p>\n<p>Escribo estas l\u00edneas un par de d\u00edas despu\u00e9s de que el presidente n\u00famero 45 de los Estados Unidos ha tomado posesi\u00f3n de su cargo. Obama acaba de dejar la <strong>posici\u00f3n de liderazgo<\/strong> que lo mantuvo durante 8 a\u00f1os en la Casa Blanca, ha cedido el lugar a un <strong>Donald Trump<\/strong> que en cada momento refleja todo lo contrario a lo que se esperar\u00eda de un buen l\u00edder y que desde semanas atr\u00e1s, ha venido realizando importantes aportaciones para que este panorama mundial se volviera aun m\u00e1s <strong>VUCA<\/strong>.<\/p>\n<p>Cuando las cosas marchan bien en una organizaci\u00f3n, frecuentemente se relacionan con las decisiones que ha tomado el l\u00edder o principales l\u00edderes. Los buenos tiempos hacen ver a los l\u00edderes como las personas que han sabido tomar las mejores decisiones, dejando de lado los factores externos que influyeron positivamente. Sin embargo, sucede lo contrario cuando estos factores influyen de manera negativa. Resulta m\u00e1s f\u00e1cil atribuirle a estos factores externos los fracasos que se pudieran llegar a tener en la organizaci\u00f3n, que a las decisiones tomadas por un l\u00edder.<\/p>\n<p>De acuerdo a Klaus Schwab, fundador del <strong>World Economic Forum<\/strong>, \u201c<em>los lideres deben entender que estamos viviendo en un mundo marcado por la incertidumbre, la volatilidad y profundos cambios transformacionales<\/em>\u201d. Entendido lo anterior, la capacidad de un buen l\u00edder para conseguir resultados exitosos se deber\u00e1n reforzar con una visi\u00f3n panor\u00e1mica de los factores externos, la capacidad para adaptarse r\u00e1pidamente a los cambios, asumir responsabilidades y tomar decisiones que resultan desagradables pero necesarias.  <\/p>\n<p>Una visi\u00f3n panor\u00e1mica de los factores externos no es para vivir sumergidos en la negatividad que encontramos en todos lados y en cada momento. Sino m\u00e1s bien, para que los l\u00edderes aumenten su capacidad de actuar anticipadamente, con una visi\u00f3n a futuro y no solo de forma reactiva para responder las dificultades que van apareciendo. <\/p>\n<p>Asumir la responsabilidad en este panorama incierto, debe ir m\u00e1s all\u00e1 de las tareas que com\u00fanmente se esperar\u00eda de una persona con el <strong>papel de liderazgo<\/strong>. Esta responsabilidad va desde, proyectar una seguridad que se encuentre alejada de la arrogancia y que contagie al equipo al grado de que ellos sientan que su l\u00edder tiene reservados diversos planes para conseguir grandes cosas a pesar del entorno, hasta asumir aquellas responsabilidades que tal vez ha ido postergando por resultar incomodas, como puede ser el caso de prescindir de un miembro del equipo de colaboradores que nunca ha convencido su trabajo y que sin embargo se ha mantenido por m\u00e1s tiempo del debido.<\/p>\n<p>Los l\u00edderes en estos d\u00edas tienen de frente un panorama complicado. Una ola de cambios que comienza a formarse y de la que se prev\u00e9 un crecimiento exponencial, no solo por el tema en Estados Unidos, diversos campos como el imparable ritmo de avances tecnol\u00f3gicos y la <strong>Cuarta Revoluci\u00f3n Industrial<\/strong>, van nutriendo este panorama <strong>VUCA<\/strong> que dejar\u00e1 paralizado a m\u00e1s de un l\u00edder que no tenga la capacidad de adaptarse r\u00e1pidamente al cambio. <\/p>\n<p>La pregunta queda en el aire \u00bf<strong>tu liderazgo lograr\u00e1 adaptarse a esta serie de cambios<\/strong>?<\/p>\n<p>Sobre el autor: <a href=\"http:\/\/about.me\/omargarcia\" target=\"_blank\" rel=\"noopener noreferrer\">Omar Garc\u00eda<\/a><\/p>\n","protected":false},"excerpt":{"rendered":"<p>Los l\u00edderes tienen de frente un panorama Vol\u00e1til, Incierto, Complejo y Ambiguo (VUCA, por sus siglas en ingl\u00e9s), que sin duda los reta a demostrar sus mejores habilidades y actuar de forma din\u00e1mica ante aquellos retos que en ocasiones los han hecho fallar. Escribo estas l\u00edneas un par de d\u00edas despu\u00e9s de que el presidente [&hellip;]<\/p>\n","protected":false},"author":46,"featured_media":7589,"comment_status":"open","ping_status":"open","sticky":false,"template":"","format":"standard","meta":{"_acf_changed":false,"content-type":"","footnotes":""},"categories":[55,61],"tags":[1369,1376,1149,1267],"class_list":["post-8402","post","type-post","status-publish","format-standard","has-post-thumbnail","hentry","category-liderazgo","category-recursos-humanos","tag-cuarta-revolucion-industrial","tag-donald-trump","tag-vuca","tag-world-economic-forum"],"acf":[],"featured_image_src":{"landsacpe":["https:\/\/proyectum.com\/sistema\/wp-content\/uploads\/2017\/01\/VUCA-Incertidumbre-822x445.jpg",822,445,true],"list":["https:\/\/proyectum.com\/sistema\/wp-content\/uploads\/2017\/01\/VUCA-Incertidumbre-463x348.jpg",463,348,true],"medium":["https:\/\/proyectum.com\/sistema\/wp-content\/uploads\/2017\/01\/VUCA-Incertidumbre-300x168.jpg",300,168,true],"full":["https:\/\/proyectum.com\/sistema\/wp-content\/uploads\/2017\/01\/VUCA-Incertidumbre.jpg",822,460,false]},"yoast_head":"<!-- This site is optimized with the Yoast SEO plugin v27.5 - https:\/\/yoast.com\/product\/yoast-seo-wordpress\/ -->\n<title>Los l\u00edderes tienen de frente un panorama complicado \u00bfC\u00f3mo lo superar\u00e1n? - Proyectum<\/title>\n<meta name=\"description\" content=\"Los l\u00edderes tienen de frente un panorama Vol\u00e1til, Incierto, Complejo y Ambiguo (VUCA, por sus siglas en ingl\u00e9s), que sin duda los reta a demostrar sus\" \/>\n<meta name=\"robots\" content=\"index, follow, max-snippet:-1, max-image-preview:large, max-video-preview:-1\" \/>\n<link rel=\"canonical\" href=\"https:\/\/proyectum.com\/sistema\/blog\/los-lideres-tienen-de-frente-un-panorama-complicado-como-lo-superaran\/\" \/>\n<meta property=\"og:locale\" content=\"es_ES\" \/>\n<meta property=\"og:type\" content=\"article\" \/>\n<meta property=\"og:title\" content=\"Los l\u00edderes tienen de frente un panorama complicado \u00bfC\u00f3mo lo superar\u00e1n? - Proyectum\" \/>\n<meta property=\"og:description\" content=\"Los l\u00edderes tienen de frente un panorama Vol\u00e1til, Incierto, Complejo y Ambiguo (VUCA, por sus siglas en ingl\u00e9s), que sin duda los reta a demostrar sus\" \/>\n<meta property=\"og:url\" content=\"https:\/\/proyectum.com\/sistema\/blog\/los-lideres-tienen-de-frente-un-panorama-complicado-como-lo-superaran\/\" \/>\n<meta property=\"og:site_name\" content=\"Proyectum\" \/>\n<meta property=\"article:publisher\" content=\"https:\/\/www.facebook.com\/proyectum\/\" \/>\n<meta property=\"article:published_time\" content=\"2017-01-26T15:38:04+00:00\" \/>\n<meta property=\"article:modified_time\" content=\"2020-02-05T16:58:44+00:00\" \/>\n<meta property=\"og:image\" content=\"https:\/\/proyectum.com\/sistema\/wp-content\/uploads\/2017\/01\/VUCA-Incertidumbre.jpg\" \/>\n\t<meta property=\"og:image:width\" content=\"822\" \/>\n\t<meta property=\"og:image:height\" content=\"460\" \/>\n\t<meta property=\"og:image:type\" content=\"image\/jpeg\" \/>\n<meta name=\"author\" content=\"Omar Garc\u00eda\" \/>\n<meta name=\"twitter:card\" content=\"summary_large_image\" \/>\n<meta name=\"twitter:creator\" content=\"@omarzgarcia\" \/>\n<meta name=\"twitter:label1\" content=\"Escrito por\" \/>\n\t<meta name=\"twitter:data1\" content=\"Omar Garc\u00eda\" \/>\n\t<meta name=\"twitter:label2\" content=\"Tiempo de lectura\" \/>\n\t<meta name=\"twitter:data2\" content=\"3 minutos\" \/>\n<script type=\"application\/ld+json\" class=\"yoast-schema-graph\">{\"@context\":\"https:\\\/\\\/schema.org\",\"@graph\":[{\"@type\":\"Article\",\"@id\":\"https:\\\/\\\/proyectum.com\\\/sistema\\\/blog\\\/los-lideres-tienen-de-frente-un-panorama-complicado-como-lo-superaran\\\/#article\",\"isPartOf\":{\"@id\":\"https:\\\/\\\/proyectum.com\\\/sistema\\\/blog\\\/los-lideres-tienen-de-frente-un-panorama-complicado-como-lo-superaran\\\/\"},\"author\":{\"name\":\"Omar Garc\u00eda\",\"@id\":\"https:\\\/\\\/proyectum.com\\\/sistema\\\/#\\\/schema\\\/person\\\/2c2f3285c31a3a005b11add8832ae8f7\"},\"headline\":\"Los l\u00edderes tienen de frente un panorama complicado \u00bfC\u00f3mo lo superar\u00e1n?\",\"datePublished\":\"2017-01-26T15:38:04+00:00\",\"dateModified\":\"2020-02-05T16:58:44+00:00\",\"mainEntityOfPage\":{\"@id\":\"https:\\\/\\\/proyectum.com\\\/sistema\\\/blog\\\/los-lideres-tienen-de-frente-un-panorama-complicado-como-lo-superaran\\\/\"},\"wordCount\":607,\"commentCount\":0,\"publisher\":{\"@id\":\"https:\\\/\\\/proyectum.com\\\/sistema\\\/#organization\"},\"image\":{\"@id\":\"https:\\\/\\\/proyectum.com\\\/sistema\\\/blog\\\/los-lideres-tienen-de-frente-un-panorama-complicado-como-lo-superaran\\\/#primaryimage\"},\"thumbnailUrl\":\"https:\\\/\\\/proyectum.com\\\/sistema\\\/wp-content\\\/uploads\\\/2017\\\/01\\\/VUCA-Incertidumbre.jpg\",\"keywords\":[\"Cuarta Revoluci\u00f3n Industrial\",\"Donald Trump\",\"VUCA\",\"World Economic Forum\"],\"articleSection\":[\"Liderazgo\",\"Recursos Humanos\"],\"inLanguage\":\"es\",\"potentialAction\":[{\"@type\":\"CommentAction\",\"name\":\"Comment\",\"target\":[\"https:\\\/\\\/proyectum.com\\\/sistema\\\/blog\\\/los-lideres-tienen-de-frente-un-panorama-complicado-como-lo-superaran\\\/#respond\"]}]},{\"@type\":\"WebPage\",\"@id\":\"https:\\\/\\\/proyectum.com\\\/sistema\\\/blog\\\/los-lideres-tienen-de-frente-un-panorama-complicado-como-lo-superaran\\\/\",\"url\":\"https:\\\/\\\/proyectum.com\\\/sistema\\\/blog\\\/los-lideres-tienen-de-frente-un-panorama-complicado-como-lo-superaran\\\/\",\"name\":\"Los l\u00edderes tienen de frente un panorama complicado \u00bfC\u00f3mo lo superar\u00e1n? - Proyectum\",\"isPartOf\":{\"@id\":\"https:\\\/\\\/proyectum.com\\\/sistema\\\/#website\"},\"primaryImageOfPage\":{\"@id\":\"https:\\\/\\\/proyectum.com\\\/sistema\\\/blog\\\/los-lideres-tienen-de-frente-un-panorama-complicado-como-lo-superaran\\\/#primaryimage\"},\"image\":{\"@id\":\"https:\\\/\\\/proyectum.com\\\/sistema\\\/blog\\\/los-lideres-tienen-de-frente-un-panorama-complicado-como-lo-superaran\\\/#primaryimage\"},\"thumbnailUrl\":\"https:\\\/\\\/proyectum.com\\\/sistema\\\/wp-content\\\/uploads\\\/2017\\\/01\\\/VUCA-Incertidumbre.jpg\",\"datePublished\":\"2017-01-26T15:38:04+00:00\",\"dateModified\":\"2020-02-05T16:58:44+00:00\",\"description\":\"Los l\u00edderes tienen de frente un panorama Vol\u00e1til, Incierto, Complejo y Ambiguo (VUCA, por sus siglas en ingl\u00e9s), que sin duda los reta a demostrar sus\",\"breadcrumb\":{\"@id\":\"https:\\\/\\\/proyectum.com\\\/sistema\\\/blog\\\/los-lideres-tienen-de-frente-un-panorama-complicado-como-lo-superaran\\\/#breadcrumb\"},\"inLanguage\":\"es\",\"potentialAction\":[{\"@type\":\"ReadAction\",\"target\":[\"https:\\\/\\\/proyectum.com\\\/sistema\\\/blog\\\/los-lideres-tienen-de-frente-un-panorama-complicado-como-lo-superaran\\\/\"]}]},{\"@type\":\"ImageObject\",\"inLanguage\":\"es\",\"@id\":\"https:\\\/\\\/proyectum.com\\\/sistema\\\/blog\\\/los-lideres-tienen-de-frente-un-panorama-complicado-como-lo-superaran\\\/#primaryimage\",\"url\":\"https:\\\/\\\/proyectum.com\\\/sistema\\\/wp-content\\\/uploads\\\/2017\\\/01\\\/VUCA-Incertidumbre.jpg\",\"contentUrl\":\"https:\\\/\\\/proyectum.com\\\/sistema\\\/wp-content\\\/uploads\\\/2017\\\/01\\\/VUCA-Incertidumbre.jpg\",\"width\":822,\"height\":460,\"caption\":\"VUCA Incertidumbre\"},{\"@type\":\"BreadcrumbList\",\"@id\":\"https:\\\/\\\/proyectum.com\\\/sistema\\\/blog\\\/los-lideres-tienen-de-frente-un-panorama-complicado-como-lo-superaran\\\/#breadcrumb\",\"itemListElement\":[{\"@type\":\"ListItem\",\"position\":1,\"name\":\"Home\",\"item\":\"https:\\\/\\\/proyectum.com\\\/sistema\\\/\"},{\"@type\":\"ListItem\",\"position\":2,\"name\":\"Los l\u00edderes tienen de frente un panorama complicado \u00bfC\u00f3mo lo superar\u00e1n?\"}]},{\"@type\":\"WebSite\",\"@id\":\"https:\\\/\\\/proyectum.com\\\/sistema\\\/#website\",\"url\":\"https:\\\/\\\/proyectum.com\\\/sistema\\\/\",\"name\":\"Proyectum\",\"description\":\"Direcci\u00f3n de Proyectos y M\u00e9todos \u00c1giles\",\"publisher\":{\"@id\":\"https:\\\/\\\/proyectum.com\\\/sistema\\\/#organization\"},\"potentialAction\":[{\"@type\":\"SearchAction\",\"target\":{\"@type\":\"EntryPoint\",\"urlTemplate\":\"https:\\\/\\\/proyectum.com\\\/sistema\\\/?s={search_term_string}\"},\"query-input\":{\"@type\":\"PropertyValueSpecification\",\"valueRequired\":true,\"valueName\":\"search_term_string\"}}],\"inLanguage\":\"es\"},{\"@type\":\"Organization\",\"@id\":\"https:\\\/\\\/proyectum.com\\\/sistema\\\/#organization\",\"name\":\"Proyectum\",\"url\":\"https:\\\/\\\/proyectum.com\\\/sistema\\\/\",\"logo\":{\"@type\":\"ImageObject\",\"inLanguage\":\"es\",\"@id\":\"https:\\\/\\\/proyectum.com\\\/sistema\\\/#\\\/schema\\\/logo\\\/image\\\/\",\"url\":\"https:\\\/\\\/www.proyectum.com\\\/sistema\\\/wp-content\\\/uploads\\\/2020\\\/04\\\/proyectum-logo-snippet.png\",\"contentUrl\":\"https:\\\/\\\/www.proyectum.com\\\/sistema\\\/wp-content\\\/uploads\\\/2020\\\/04\\\/proyectum-logo-snippet.png\",\"width\":600,\"height\":315,\"caption\":\"Proyectum\"},\"image\":{\"@id\":\"https:\\\/\\\/proyectum.com\\\/sistema\\\/#\\\/schema\\\/logo\\\/image\\\/\"},\"sameAs\":[\"https:\\\/\\\/www.facebook.com\\\/proyectum\\\/\",\"https:\\\/\\\/www.linkedin.com\\\/company\\\/sistemaproyectum\\\/\",\"https:\\\/\\\/www.youtube.com\\\/channel\\\/UCljouWimyhK_cNcC2jniUgw\"]},{\"@type\":\"Person\",\"@id\":\"https:\\\/\\\/proyectum.com\\\/sistema\\\/#\\\/schema\\\/person\\\/2c2f3285c31a3a005b11add8832ae8f7\",\"name\":\"Omar Garc\u00eda\",\"image\":{\"@type\":\"ImageObject\",\"inLanguage\":\"es\",\"@id\":\"https:\\\/\\\/secure.gravatar.com\\\/avatar\\\/6287ae96abd3e19dcc272b2c1ff8c5c0a0fcf3149e67894ce1b778f4232770a9?s=96&d=mm&r=g\",\"url\":\"https:\\\/\\\/secure.gravatar.com\\\/avatar\\\/6287ae96abd3e19dcc272b2c1ff8c5c0a0fcf3149e67894ce1b778f4232770a9?s=96&d=mm&r=g\",\"contentUrl\":\"https:\\\/\\\/secure.gravatar.com\\\/avatar\\\/6287ae96abd3e19dcc272b2c1ff8c5c0a0fcf3149e67894ce1b778f4232770a9?s=96&d=mm&r=g\",\"caption\":\"Omar Garc\u00eda\"},\"description\":\"Creador de contenidos en Proyectum. Para seguir la conversaci\u00f3n puedes escribirme en: @omarzgarcia\",\"sameAs\":[\"https:\\\/\\\/x.com\\\/@omarzgarcia\"],\"url\":\"https:\\\/\\\/proyectum.com\\\/sistema\\\/author\\\/omarzgarcia\\\/\"}]}<\/script>\n<!-- \/ Yoast SEO plugin. -->","yoast_head_json":{"title":"Los l\u00edderes tienen de frente un panorama complicado \u00bfC\u00f3mo lo superar\u00e1n? - Proyectum","description":"Los l\u00edderes tienen de frente un panorama Vol\u00e1til, Incierto, Complejo y Ambiguo (VUCA, por sus siglas en ingl\u00e9s), que sin duda los reta a demostrar sus","robots":{"index":"index","follow":"follow","max-snippet":"max-snippet:-1","max-image-preview":"max-image-preview:large","max-video-preview":"max-video-preview:-1"},"canonical":"https:\/\/proyectum.com\/sistema\/blog\/los-lideres-tienen-de-frente-un-panorama-complicado-como-lo-superaran\/","og_locale":"es_ES","og_type":"article","og_title":"Los l\u00edderes tienen de frente un panorama complicado \u00bfC\u00f3mo lo superar\u00e1n? - Proyectum","og_description":"Los l\u00edderes tienen de frente un panorama Vol\u00e1til, Incierto, Complejo y Ambiguo (VUCA, por sus siglas en ingl\u00e9s), que sin duda los reta a demostrar sus","og_url":"https:\/\/proyectum.com\/sistema\/blog\/los-lideres-tienen-de-frente-un-panorama-complicado-como-lo-superaran\/","og_site_name":"Proyectum","article_publisher":"https:\/\/www.facebook.com\/proyectum\/","article_published_time":"2017-01-26T15:38:04+00:00","article_modified_time":"2020-02-05T16:58:44+00:00","og_image":[{"width":822,"height":460,"url":"https:\/\/proyectum.com\/sistema\/wp-content\/uploads\/2017\/01\/VUCA-Incertidumbre.jpg","type":"image\/jpeg"}],"author":"Omar Garc\u00eda","twitter_card":"summary_large_image","twitter_creator":"@omarzgarcia","twitter_misc":{"Escrito por":"Omar Garc\u00eda","Tiempo de lectura":"3 minutos"},"schema":{"@context":"https:\/\/schema.org","@graph":[{"@type":"Article","@id":"https:\/\/proyectum.com\/sistema\/blog\/los-lideres-tienen-de-frente-un-panorama-complicado-como-lo-superaran\/#article","isPartOf":{"@id":"https:\/\/proyectum.com\/sistema\/blog\/los-lideres-tienen-de-frente-un-panorama-complicado-como-lo-superaran\/"},"author":{"name":"Omar Garc\u00eda","@id":"https:\/\/proyectum.com\/sistema\/#\/schema\/person\/2c2f3285c31a3a005b11add8832ae8f7"},"headline":"Los l\u00edderes tienen de frente un panorama complicado \u00bfC\u00f3mo lo superar\u00e1n?","datePublished":"2017-01-26T15:38:04+00:00","dateModified":"2020-02-05T16:58:44+00:00","mainEntityOfPage":{"@id":"https:\/\/proyectum.com\/sistema\/blog\/los-lideres-tienen-de-frente-un-panorama-complicado-como-lo-superaran\/"},"wordCount":607,"commentCount":0,"publisher":{"@id":"https:\/\/proyectum.com\/sistema\/#organization"},"image":{"@id":"https:\/\/proyectum.com\/sistema\/blog\/los-lideres-tienen-de-frente-un-panorama-complicado-como-lo-superaran\/#primaryimage"},"thumbnailUrl":"https:\/\/proyectum.com\/sistema\/wp-content\/uploads\/2017\/01\/VUCA-Incertidumbre.jpg","keywords":["Cuarta Revoluci\u00f3n Industrial","Donald Trump","VUCA","World Economic Forum"],"articleSection":["Liderazgo","Recursos Humanos"],"inLanguage":"es","potentialAction":[{"@type":"CommentAction","name":"Comment","target":["https:\/\/proyectum.com\/sistema\/blog\/los-lideres-tienen-de-frente-un-panorama-complicado-como-lo-superaran\/#respond"]}]},{"@type":"WebPage","@id":"https:\/\/proyectum.com\/sistema\/blog\/los-lideres-tienen-de-frente-un-panorama-complicado-como-lo-superaran\/","url":"https:\/\/proyectum.com\/sistema\/blog\/los-lideres-tienen-de-frente-un-panorama-complicado-como-lo-superaran\/","name":"Los l\u00edderes tienen de frente un panorama complicado \u00bfC\u00f3mo lo superar\u00e1n? - Proyectum","isPartOf":{"@id":"https:\/\/proyectum.com\/sistema\/#website"},"primaryImageOfPage":{"@id":"https:\/\/proyectum.com\/sistema\/blog\/los-lideres-tienen-de-frente-un-panorama-complicado-como-lo-superaran\/#primaryimage"},"image":{"@id":"https:\/\/proyectum.com\/sistema\/blog\/los-lideres-tienen-de-frente-un-panorama-complicado-como-lo-superaran\/#primaryimage"},"thumbnailUrl":"https:\/\/proyectum.com\/sistema\/wp-content\/uploads\/2017\/01\/VUCA-Incertidumbre.jpg","datePublished":"2017-01-26T15:38:04+00:00","dateModified":"2020-02-05T16:58:44+00:00","description":"Los l\u00edderes tienen de frente un panorama Vol\u00e1til, Incierto, Complejo y Ambiguo (VUCA, por sus siglas en ingl\u00e9s), que sin duda los reta a demostrar sus","breadcrumb":{"@id":"https:\/\/proyectum.com\/sistema\/blog\/los-lideres-tienen-de-frente-un-panorama-complicado-como-lo-superaran\/#breadcrumb"},"inLanguage":"es","potentialAction":[{"@type":"ReadAction","target":["https:\/\/proyectum.com\/sistema\/blog\/los-lideres-tienen-de-frente-un-panorama-complicado-como-lo-superaran\/"]}]},{"@type":"ImageObject","inLanguage":"es","@id":"https:\/\/proyectum.com\/sistema\/blog\/los-lideres-tienen-de-frente-un-panorama-complicado-como-lo-superaran\/#primaryimage","url":"https:\/\/proyectum.com\/sistema\/wp-content\/uploads\/2017\/01\/VUCA-Incertidumbre.jpg","contentUrl":"https:\/\/proyectum.com\/sistema\/wp-content\/uploads\/2017\/01\/VUCA-Incertidumbre.jpg","width":822,"height":460,"caption":"VUCA Incertidumbre"},{"@type":"BreadcrumbList","@id":"https:\/\/proyectum.com\/sistema\/blog\/los-lideres-tienen-de-frente-un-panorama-complicado-como-lo-superaran\/#breadcrumb","itemListElement":[{"@type":"ListItem","position":1,"name":"Home","item":"https:\/\/proyectum.com\/sistema\/"},{"@type":"ListItem","position":2,"name":"Los l\u00edderes tienen de frente un panorama complicado \u00bfC\u00f3mo lo superar\u00e1n?"}]},{"@type":"WebSite","@id":"https:\/\/proyectum.com\/sistema\/#website","url":"https:\/\/proyectum.com\/sistema\/","name":"Proyectum","description":"Direcci\u00f3n de Proyectos y M\u00e9todos \u00c1giles","publisher":{"@id":"https:\/\/proyectum.com\/sistema\/#organization"},"potentialAction":[{"@type":"SearchAction","target":{"@type":"EntryPoint","urlTemplate":"https:\/\/proyectum.com\/sistema\/?s={search_term_string}"},"query-input":{"@type":"PropertyValueSpecification","valueRequired":true,"valueName":"search_term_string"}}],"inLanguage":"es"},{"@type":"Organization","@id":"https:\/\/proyectum.com\/sistema\/#organization","name":"Proyectum","url":"https:\/\/proyectum.com\/sistema\/","logo":{"@type":"ImageObject","inLanguage":"es","@id":"https:\/\/proyectum.com\/sistema\/#\/schema\/logo\/image\/","url":"https:\/\/www.proyectum.com\/sistema\/wp-content\/uploads\/2020\/04\/proyectum-logo-snippet.png","contentUrl":"https:\/\/www.proyectum.com\/sistema\/wp-content\/uploads\/2020\/04\/proyectum-logo-snippet.png","width":600,"height":315,"caption":"Proyectum"},"image":{"@id":"https:\/\/proyectum.com\/sistema\/#\/schema\/logo\/image\/"},"sameAs":["https:\/\/www.facebook.com\/proyectum\/","https:\/\/www.linkedin.com\/company\/sistemaproyectum\/","https:\/\/www.youtube.com\/channel\/UCljouWimyhK_cNcC2jniUgw"]},{"@type":"Person","@id":"https:\/\/proyectum.com\/sistema\/#\/schema\/person\/2c2f3285c31a3a005b11add8832ae8f7","name":"Omar Garc\u00eda","image":{"@type":"ImageObject","inLanguage":"es","@id":"https:\/\/secure.gravatar.com\/avatar\/6287ae96abd3e19dcc272b2c1ff8c5c0a0fcf3149e67894ce1b778f4232770a9?s=96&d=mm&r=g","url":"https:\/\/secure.gravatar.com\/avatar\/6287ae96abd3e19dcc272b2c1ff8c5c0a0fcf3149e67894ce1b778f4232770a9?s=96&d=mm&r=g","contentUrl":"https:\/\/secure.gravatar.com\/avatar\/6287ae96abd3e19dcc272b2c1ff8c5c0a0fcf3149e67894ce1b778f4232770a9?s=96&d=mm&r=g","caption":"Omar Garc\u00eda"},"description":"Creador de contenidos en Proyectum. Para seguir la conversaci\u00f3n puedes escribirme en: @omarzgarcia","sameAs":["https:\/\/x.com\/@omarzgarcia"],"url":"https:\/\/proyectum.com\/sistema\/author\/omarzgarcia\/"}]}},"_links":{"self":[{"href":"https:\/\/proyectum.com\/sistema\/wp-json\/wp\/v2\/posts\/8402","targetHints":{"allow":["GET"]}}],"collection":[{"href":"https:\/\/proyectum.com\/sistema\/wp-json\/wp\/v2\/posts"}],"about":[{"href":"https:\/\/proyectum.com\/sistema\/wp-json\/wp\/v2\/types\/post"}],"author":[{"embeddable":true,"href":"https:\/\/proyectum.com\/sistema\/wp-json\/wp\/v2\/users\/46"}],"replies":[{"embeddable":true,"href":"https:\/\/proyectum.com\/sistema\/wp-json\/wp\/v2\/comments?post=8402"}],"version-history":[{"count":0,"href":"https:\/\/proyectum.com\/sistema\/wp-json\/wp\/v2\/posts\/8402\/revisions"}],"wp:featuredmedia":[{"embeddable":true,"href":"https:\/\/proyectum.com\/sistema\/wp-json\/wp\/v2\/media\/7589"}],"wp:attachment":[{"href":"https:\/\/proyectum.com\/sistema\/wp-json\/wp\/v2\/media?parent=8402"}],"wp:term":[{"taxonomy":"category","embeddable":true,"href":"https:\/\/proyectum.com\/sistema\/wp-json\/wp\/v2\/categories?post=8402"},{"taxonomy":"post_tag","embeddable":true,"href":"https:\/\/proyectum.com\/sistema\/wp-json\/wp\/v2\/tags?post=8402"}],"curies":[{"name":"wp","href":"https:\/\/api.w.org\/{rel}","templated":true}]}}