{"id":8421,"date":"2019-02-21T11:00:48","date_gmt":"2019-02-21T17:00:48","guid":{"rendered":"http:\/\/www.proyectum.lat\/?p=5018"},"modified":"2019-02-21T11:00:48","modified_gmt":"2019-02-21T17:00:48","slug":"la-transformacion-digital-amenaza-oportunidad-o-solo-una-moda","status":"publish","type":"post","link":"https:\/\/proyectum.com\/sistema\/blog\/la-transformacion-digital-amenaza-oportunidad-o-solo-una-moda\/","title":{"rendered":"La transformaci\u00f3n digital: \u00bfAmenaza, Oportunidad o s\u00f3lo una Moda?"},"content":{"rendered":"\n<p>Cada cierto\ntiempo en el mundo de los negocios surgen pr\u00e1cticas y conceptos que pretenden\ncambiarlo todo: quien no los adopte no sobrevivir\u00e1. \u00bf<strong>Es la transformaci\u00f3n digital una de esas modas de las cuales todos\nhablan pero que en pocos a\u00f1os nadie recordar\u00e1?<\/strong><\/p>\n\n\n\n<p>Lo primero que debemos preguntarnos es <strong>qu\u00e9 entendemos por transformaci\u00f3n digital<\/strong>. Tengo la impresi\u00f3n de que para muchos significa adoptar el m\u00e1ximo de tecnolog\u00eda digital. Por ejemplo, hace poco escuch\u00e9 un comercial que invitaba a comenzar la transformaci\u00f3n digital de una empresa comprando un software de gesti\u00f3n contable administrativa. \u00bfLes parece que esto es una transformaci\u00f3n? A m\u00ed me parece m\u00e1s bien una optimizaci\u00f3n de un proceso ya existente.<\/p>\n\n\n\n<p>Si bien no existe\nuna definici\u00f3n oficial de Transformaci\u00f3n Digital pienso que el \u00e9nfasis est\u00e1 en\nla palabra Transformaci\u00f3n<strong>: &nbsp;la organizaci\u00f3n que se transforme no solo\nincorpora algunas pr\u00e1cticas o metodolog\u00edas, sino que cambia sustancialmente, ya\nno es la misma que antes.<\/strong><\/p>\n\n\n\n<p>\u00bfPero, por qu\u00e9\ndebemos transformarnos si somos el l\u00edder de mercado, si somos exitosos y\n\u201csiempre lo hemos hecho as\u00ed\u201d? Posiblemente as\u00ed pensaron Kodak, Blockbuster,\nSears y tantos m\u00e1s. <strong>Estaban en su zona de\nconfort y ya no est\u00e1n\u2026<\/strong><\/p>\n\n\n\n<p>El origen del\nproblema radica en que <strong>el continuo y\nacelerado desarrollo tecnol\u00f3gico genera oportunidades para proponer soluciones nuevas\ny disruptivas y que tienen un alto impacto en sus usuarios<\/strong>. \u00bfNos hab\u00edamos\npodido imaginar que pod\u00edamos escuchar la m\u00fasica que quisi\u00e9ramos cuando\nquisi\u00e9ramos sin tener que comprar antes un disco? Pero ahora que tenemos la\nsoluci\u00f3n, \u00bfvolver\u00edamos atr\u00e1s? \u00bfEstar\u00edamos dispuestos a tener que ir a un v\u00eddeo\nclub a arrendar la pel\u00edcula que queremos ver en vez de seleccionarla con\nnuestro control remoto? \u00bfO a esperar un proceso de revelado para poder ver las\nfotos que tomamos?<\/p>\n\n\n\n<p>Hasta el momento los grandes innovadores han sido <strong>empresas emergentes, altamente flexibles<\/strong>, con un estilo organizacional relacional, con una alta orientaci\u00f3n al cliente. En general son empresas j\u00f3venes, compuestas por personas motivadas y empoderadas con un prop\u00f3sito de hacer mejor al mundo. Esta nueva manera de entender una empresa est\u00e1 siendo abordado por modelos como la <a href=\"https:\/\/www.proyectum.lat\/2019\/01\/03\/agilidad-de-negocios-hacia-un-nuevo-paradigma\/\" target=\"_blank\" rel=\"noreferrer noopener\" aria-label=\"Agilidad de Negocios (opens in a new tab)\">Agilidad de Negocios<\/a> (Ref. 1 y 2) y Management 3.0 (Ref. 3).<\/p>\n\n\n\n<p>\u00bfPuede una empresa exitosa de hoy transformarse? No es f\u00e1cil <strong>salir del modelo tradicional de las grandes organizaciones jer\u00e1rquicas<\/strong>, llenas de procesos r\u00edgidos que dificultan la <strong>creatividad y la innovaci\u00f3n<\/strong>, que castigan el error. El problema principal es que precisamente quienes lideraron el \u00e9xito pasado de la organizaci\u00f3n pueden constituirse en el principal obst\u00e1culo. Para el ser humano el cambio es muy dif\u00edcil, casi imposible cuando la forma de comportarme nos ha tra\u00eddo \u00e9xito y satisfacci\u00f3n. Cambiar una organizaci\u00f3n es a\u00fan m\u00e1s complejo<strong>. <\/strong>Sin embargo, quien no se transforme puede tener sus d\u00edas contados\u2026<\/p>\n\n\n\n<p><strong>\u00bfConocen casos de empresas tradicionales que hayan logrado esta transformaci\u00f3n? <\/strong>Los invito a compartirlos en el blog.<\/p>\n\n\n\n<p>Si bien la <strong>transformaci\u00f3n cultural es esencial<\/strong>, una transformaci\u00f3n digital tambi\u00e9n debe estar guiada por una estrategia. Sobre este tema un aporte significativo lo encontramos en David L. Rogers (Ref. 4) que indica que <strong>la estrategia de la transformaci\u00f3n digital<\/strong> se sustenta en 4 dimensiones:<\/p>\n\n\n\n<ul class=\"wp-block-list\"><li><strong>Clientes. <\/strong>Antiguamente las empresas se comunicaban\nunidireccionalmente con los clientes, era un mercado de masas. Hoy tenemos\nclientes en red, que interact\u00faan e influyen entre s\u00ed. Por ejemplo, antes de arrendar\nun apartamento en Airbnb nos fijamos en las referencias. Aparecen los\ninfluencers en las redes sociales. Por ello, Rogers plantea que una estrategia\nde Transformaci\u00f3n Digital debe \u201c<strong>aprovechar\nlas redes de clientes\u201d.<\/strong><\/li><li><strong>Competencia. <\/strong>Nuestros competidores ya no est\u00e1n necesariamente\nen nuestro mercado, nuestra fortaleza no est\u00e1 en ser due\u00f1os de los activos,\ncomo sabemos Airbnb es la principal empresa hotelera del mundo y no tiene\nning\u00fan hotel, as\u00ed como Uber es la principal empresa de transporte y no tiene ning\u00fan\nauto. Rogers nos invita a \u201c<strong>construir\nplataformas, no solo productos\u201d. <\/strong><\/li><li><strong>Informaci\u00f3n. <\/strong>Los datos son generados en todas partes, y ya no\nes solo informaci\u00f3n estructurada. Nuestro desaf\u00edo es convertir los datos en\ninformaci\u00f3n de valor: \u201c<strong>convertir datos\nen activos\u201d. <\/strong>Por ejemplo, The Weather Channel utiliza la informaci\u00f3n sobre\nel clima para ayudar a las compa\u00f1\u00edas a determinar en qu\u00e9 momento lanzar la\npublicidad de productos estacionales, o para que compa\u00f1\u00edas de seguro alerten a\nsus clientes de riesgos clim\u00e1ticos como nieve o granizo.<\/li><li><strong>Innovaci\u00f3n: <\/strong>Debemos generar una cultura de innovaci\u00f3n, basada\nen la experimentaci\u00f3n, donde aceptemos el fracaso como parte del proceso de\naprendizaje. Enamorarnos del problema y no de la soluci\u00f3n. \u201c<strong>Innovar por r\u00e1pida experimentaci\u00f3n\u201d.<\/strong><\/li><li><strong>Valor: <\/strong>Ya no podemos concebir que nuestra propuesta de\nvalor es est\u00e1tica, esta debe estar continuamente evolucionando seg\u00fan\nevolucionan las necesidades de nuestros clientes y las posibilidades que nos\notorga la tecnolog\u00eda. Debemos continuamente \u201c<strong>adaptar nuestra propuesta de valor\u201d.<\/strong><\/li><\/ul>\n\n\n\n<p>Vivimos en un mundo apasionante y desafiante. Lo \u00fanico que est\u00e1 claro es que no podemos quedarnos donde estamos. Tenemos que estar constantemente evolucionando. Si lo hacemos, podemos o no tener \u00e9xito, pero si no lo hacemos solo tenemos una opci\u00f3n: <strong>desaparecer del mercado<\/strong>, tarde o temprano.<\/p>\n\n\n\n<p>Los invito a profundizar estos temas en nuestro pr\u00f3ximo <a rel=\"noreferrer noopener\" aria-label=\"Webinar Proyectum del 6 de Marzo (opens in a new tab)\" href=\"http:\/\/bit.ly\/2TdXYzQ\" target=\"_blank\">Webinar Proyectum del 6 de Marzo<\/a>, es gratuito y puedes <a rel=\"noreferrer noopener\" aria-label=\"registrarte aqu\u00ed (opens in a new tab)\" href=\"http:\/\/bit.ly\/2TdXYzQ\" target=\"_blank\">registrarte aqu\u00ed<\/a>. Mientras tanto, sigamos esta conversaci\u00f3n en nuestro blog.<\/p>\n\n\n\n<p>Referencias<\/p>\n\n\n\n<ol class=\"wp-block-list\"><li>Vald\u00e9s Garciatorres, Jorge, \u201c<em>Agilidad de Negocios: Hacia un nuevo\nparadigma<\/em>\u201d Proyectum Webinars, Enero 2019.<\/li><li>Leybourn, Evan \u201c<em>Los dominios de la agilidad de negocios<\/em>\u201d\nversi\u00f3n en espa\u00f1ol por Jorge Vald\u00e9s Garciatorres, Mayo 2018.<\/li><li>Apelo, Jurgen \u201c<em>Management\n3.0 Leading Agile Developers, Developing Agile Leaders<\/em>\u201c (Addison-Wesley\nSignature Series) Diciembre 2010<\/li><li>Rogers, David \u201c<em>The\nDigital Transformation Playbook<\/em>\u201d (Columbia University Press), 2016<\/li><\/ol>\n    \t","protected":false},"excerpt":{"rendered":"<p>Cada cierto tiempo en el mundo de los negocios surgen pr\u00e1cticas y conceptos que pretenden cambiarlo todo: quien no los adopte no sobrevivir\u00e1. \u00bfEs la transformaci\u00f3n digital una de esas modas de las cuales todos hablan pero que en pocos a\u00f1os nadie recordar\u00e1? Lo primero que debemos preguntarnos es qu\u00e9 entendemos por transformaci\u00f3n digital. Tengo [&hellip;]<\/p>\n","protected":false},"author":38,"featured_media":7985,"comment_status":"open","ping_status":"open","sticky":false,"template":"","format":"standard","meta":{"_acf_changed":false,"content-type":"","footnotes":""},"categories":[2144,82,55],"tags":[2608,2609,2610,2611,2612,2613,2614,2615,1635,2616],"class_list":["post-8421","post","type-post","status-publish","format-standard","has-post-thumbnail","hentry","category-agil","category-innovacion","category-liderazgo","tag-altamente-flexibles","tag-creatividad-y-la-innovacion","tag-desaparecer-del-mercado","tag-empresas-emergentes","tag-la-estrategia-de-la-transformacion-digital","tag-que-entendemos-por-transformacion-digital","tag-salir-del-modelo-tradicional-de-las-grandes-organizaciones-jerarquicas","tag-transformacion-cultural-es-esencial","tag-transformacion-digital","tag-transformacion-digital-una-de-esas-modas"],"acf":[],"featured_image_src":{"landsacpe":["https:\/\/proyectum.com\/sistema\/wp-content\/uploads\/2019\/02\/Transformaci\u00f3n-digital-1140x445.jpg",1140,445,true],"list":["https:\/\/proyectum.com\/sistema\/wp-content\/uploads\/2019\/02\/Transformaci\u00f3n-digital-463x348.jpg",463,348,true],"medium":["https:\/\/proyectum.com\/sistema\/wp-content\/uploads\/2019\/02\/Transformaci\u00f3n-digital-300x187.jpg",300,187,true],"full":["https:\/\/proyectum.com\/sistema\/wp-content\/uploads\/2019\/02\/Transformaci\u00f3n-digital.jpg",1980,1237,false]},"yoast_head":"<!-- This site is optimized with the Yoast SEO plugin v27.4 - https:\/\/yoast.com\/product\/yoast-seo-wordpress\/ -->\n<title>La transformaci\u00f3n digital: \u00bfAmenaza, Oportunidad o s\u00f3lo una Moda? - Proyectum<\/title>\n<meta name=\"description\" content=\"Cada cierto tiempo en el mundo de los negocios surgen pr\u00e1cticas y conceptos que pretenden cambiarlo todo: quien no los adopte no sobrevivir\u00e1. \u00bfEs la\" \/>\n<meta name=\"robots\" content=\"index, follow, max-snippet:-1, max-image-preview:large, max-video-preview:-1\" \/>\n<link rel=\"canonical\" href=\"https:\/\/proyectum.com\/sistema\/blog\/la-transformacion-digital-amenaza-oportunidad-o-solo-una-moda\/\" \/>\n<meta property=\"og:locale\" content=\"es_ES\" \/>\n<meta property=\"og:type\" content=\"article\" \/>\n<meta property=\"og:title\" content=\"La transformaci\u00f3n digital: \u00bfAmenaza, Oportunidad o s\u00f3lo una Moda? - Proyectum\" \/>\n<meta property=\"og:description\" content=\"Cada cierto tiempo en el mundo de los negocios surgen pr\u00e1cticas y conceptos que pretenden cambiarlo todo: quien no los adopte no sobrevivir\u00e1. \u00bfEs la\" \/>\n<meta property=\"og:url\" content=\"https:\/\/proyectum.com\/sistema\/blog\/la-transformacion-digital-amenaza-oportunidad-o-solo-una-moda\/\" \/>\n<meta property=\"og:site_name\" content=\"Proyectum\" \/>\n<meta property=\"article:publisher\" content=\"https:\/\/www.facebook.com\/proyectum\/\" \/>\n<meta property=\"article:published_time\" content=\"2019-02-21T17:00:48+00:00\" \/>\n<meta property=\"og:image\" content=\"https:\/\/proyectum.com\/sistema\/wp-content\/uploads\/2019\/02\/Transformaci\u00f3n-digital.jpg\" \/>\n\t<meta property=\"og:image:width\" content=\"1980\" \/>\n\t<meta property=\"og:image:height\" content=\"1237\" \/>\n\t<meta property=\"og:image:type\" content=\"image\/jpeg\" \/>\n<meta name=\"author\" content=\"Javier Gonz\u00e1lez\" \/>\n<meta name=\"twitter:card\" content=\"summary_large_image\" \/>\n<meta name=\"twitter:label1\" content=\"Escrito por\" \/>\n\t<meta name=\"twitter:data1\" content=\"Javier Gonz\u00e1lez\" \/>\n\t<meta name=\"twitter:label2\" content=\"Tiempo de lectura\" \/>\n\t<meta name=\"twitter:data2\" content=\"5 minutos\" \/>\n<script type=\"application\/ld+json\" class=\"yoast-schema-graph\">{\"@context\":\"https:\\\/\\\/schema.org\",\"@graph\":[{\"@type\":\"Article\",\"@id\":\"https:\\\/\\\/proyectum.com\\\/sistema\\\/blog\\\/la-transformacion-digital-amenaza-oportunidad-o-solo-una-moda\\\/#article\",\"isPartOf\":{\"@id\":\"https:\\\/\\\/proyectum.com\\\/sistema\\\/blog\\\/la-transformacion-digital-amenaza-oportunidad-o-solo-una-moda\\\/\"},\"author\":{\"name\":\"Javier Gonz\u00e1lez\",\"@id\":\"https:\\\/\\\/proyectum.com\\\/sistema\\\/#\\\/schema\\\/person\\\/8e9c9155ae730dfcf243f34f1a9a67d9\"},\"headline\":\"La transformaci\u00f3n digital: \u00bfAmenaza, Oportunidad o s\u00f3lo una Moda?\",\"datePublished\":\"2019-02-21T17:00:48+00:00\",\"mainEntityOfPage\":{\"@id\":\"https:\\\/\\\/proyectum.com\\\/sistema\\\/blog\\\/la-transformacion-digital-amenaza-oportunidad-o-solo-una-moda\\\/\"},\"wordCount\":998,\"commentCount\":0,\"publisher\":{\"@id\":\"https:\\\/\\\/proyectum.com\\\/sistema\\\/#organization\"},\"image\":{\"@id\":\"https:\\\/\\\/proyectum.com\\\/sistema\\\/blog\\\/la-transformacion-digital-amenaza-oportunidad-o-solo-una-moda\\\/#primaryimage\"},\"thumbnailUrl\":\"https:\\\/\\\/proyectum.com\\\/sistema\\\/wp-content\\\/uploads\\\/2019\\\/02\\\/Transformaci\u00f3n-digital.jpg\",\"keywords\":[\"altamente flexibles\",\"creatividad y la innovaci\u00f3n\",\"desaparecer del mercado\",\"empresas emergentes\",\"la estrategia de la transformaci\u00f3n digital\",\"qu\u00e9 entendemos por transformaci\u00f3n digital\",\"salir del modelo tradicional de las grandes organizaciones jer\u00e1rquicas\",\"transformaci\u00f3n cultural es esencial\",\"transformaci\u00f3n digital\",\"transformaci\u00f3n digital una de esas modas\"],\"articleSection\":[\"\u00c1gil\",\"Innovaci\u00f3n\",\"Liderazgo\"],\"inLanguage\":\"es\",\"potentialAction\":[{\"@type\":\"CommentAction\",\"name\":\"Comment\",\"target\":[\"https:\\\/\\\/proyectum.com\\\/sistema\\\/blog\\\/la-transformacion-digital-amenaza-oportunidad-o-solo-una-moda\\\/#respond\"]}]},{\"@type\":\"WebPage\",\"@id\":\"https:\\\/\\\/proyectum.com\\\/sistema\\\/blog\\\/la-transformacion-digital-amenaza-oportunidad-o-solo-una-moda\\\/\",\"url\":\"https:\\\/\\\/proyectum.com\\\/sistema\\\/blog\\\/la-transformacion-digital-amenaza-oportunidad-o-solo-una-moda\\\/\",\"name\":\"La transformaci\u00f3n digital: \u00bfAmenaza, Oportunidad o s\u00f3lo una Moda? - Proyectum\",\"isPartOf\":{\"@id\":\"https:\\\/\\\/proyectum.com\\\/sistema\\\/#website\"},\"primaryImageOfPage\":{\"@id\":\"https:\\\/\\\/proyectum.com\\\/sistema\\\/blog\\\/la-transformacion-digital-amenaza-oportunidad-o-solo-una-moda\\\/#primaryimage\"},\"image\":{\"@id\":\"https:\\\/\\\/proyectum.com\\\/sistema\\\/blog\\\/la-transformacion-digital-amenaza-oportunidad-o-solo-una-moda\\\/#primaryimage\"},\"thumbnailUrl\":\"https:\\\/\\\/proyectum.com\\\/sistema\\\/wp-content\\\/uploads\\\/2019\\\/02\\\/Transformaci\u00f3n-digital.jpg\",\"datePublished\":\"2019-02-21T17:00:48+00:00\",\"description\":\"Cada cierto tiempo en el mundo de los negocios surgen pr\u00e1cticas y conceptos que pretenden cambiarlo todo: quien no los adopte no sobrevivir\u00e1. \u00bfEs la\",\"breadcrumb\":{\"@id\":\"https:\\\/\\\/proyectum.com\\\/sistema\\\/blog\\\/la-transformacion-digital-amenaza-oportunidad-o-solo-una-moda\\\/#breadcrumb\"},\"inLanguage\":\"es\",\"potentialAction\":[{\"@type\":\"ReadAction\",\"target\":[\"https:\\\/\\\/proyectum.com\\\/sistema\\\/blog\\\/la-transformacion-digital-amenaza-oportunidad-o-solo-una-moda\\\/\"]}]},{\"@type\":\"ImageObject\",\"inLanguage\":\"es\",\"@id\":\"https:\\\/\\\/proyectum.com\\\/sistema\\\/blog\\\/la-transformacion-digital-amenaza-oportunidad-o-solo-una-moda\\\/#primaryimage\",\"url\":\"https:\\\/\\\/proyectum.com\\\/sistema\\\/wp-content\\\/uploads\\\/2019\\\/02\\\/Transformaci\u00f3n-digital.jpg\",\"contentUrl\":\"https:\\\/\\\/proyectum.com\\\/sistema\\\/wp-content\\\/uploads\\\/2019\\\/02\\\/Transformaci\u00f3n-digital.jpg\",\"width\":1980,\"height\":1237,\"caption\":\"Transformaci\u00f3n digital\"},{\"@type\":\"BreadcrumbList\",\"@id\":\"https:\\\/\\\/proyectum.com\\\/sistema\\\/blog\\\/la-transformacion-digital-amenaza-oportunidad-o-solo-una-moda\\\/#breadcrumb\",\"itemListElement\":[{\"@type\":\"ListItem\",\"position\":1,\"name\":\"Home\",\"item\":\"https:\\\/\\\/proyectum.com\\\/sistema\\\/\"},{\"@type\":\"ListItem\",\"position\":2,\"name\":\"La transformaci\u00f3n digital: \u00bfAmenaza, Oportunidad o s\u00f3lo una Moda?\"}]},{\"@type\":\"WebSite\",\"@id\":\"https:\\\/\\\/proyectum.com\\\/sistema\\\/#website\",\"url\":\"https:\\\/\\\/proyectum.com\\\/sistema\\\/\",\"name\":\"Proyectum\",\"description\":\"Direcci\u00f3n de Proyectos y M\u00e9todos \u00c1giles\",\"publisher\":{\"@id\":\"https:\\\/\\\/proyectum.com\\\/sistema\\\/#organization\"},\"potentialAction\":[{\"@type\":\"SearchAction\",\"target\":{\"@type\":\"EntryPoint\",\"urlTemplate\":\"https:\\\/\\\/proyectum.com\\\/sistema\\\/?s={search_term_string}\"},\"query-input\":{\"@type\":\"PropertyValueSpecification\",\"valueRequired\":true,\"valueName\":\"search_term_string\"}}],\"inLanguage\":\"es\"},{\"@type\":\"Organization\",\"@id\":\"https:\\\/\\\/proyectum.com\\\/sistema\\\/#organization\",\"name\":\"Proyectum\",\"url\":\"https:\\\/\\\/proyectum.com\\\/sistema\\\/\",\"logo\":{\"@type\":\"ImageObject\",\"inLanguage\":\"es\",\"@id\":\"https:\\\/\\\/proyectum.com\\\/sistema\\\/#\\\/schema\\\/logo\\\/image\\\/\",\"url\":\"https:\\\/\\\/www.proyectum.com\\\/sistema\\\/wp-content\\\/uploads\\\/2020\\\/04\\\/proyectum-logo-snippet.png\",\"contentUrl\":\"https:\\\/\\\/www.proyectum.com\\\/sistema\\\/wp-content\\\/uploads\\\/2020\\\/04\\\/proyectum-logo-snippet.png\",\"width\":600,\"height\":315,\"caption\":\"Proyectum\"},\"image\":{\"@id\":\"https:\\\/\\\/proyectum.com\\\/sistema\\\/#\\\/schema\\\/logo\\\/image\\\/\"},\"sameAs\":[\"https:\\\/\\\/www.facebook.com\\\/proyectum\\\/\",\"https:\\\/\\\/www.linkedin.com\\\/company\\\/sistemaproyectum\\\/\",\"https:\\\/\\\/www.youtube.com\\\/channel\\\/UCljouWimyhK_cNcC2jniUgw\"]},{\"@type\":\"Person\",\"@id\":\"https:\\\/\\\/proyectum.com\\\/sistema\\\/#\\\/schema\\\/person\\\/8e9c9155ae730dfcf243f34f1a9a67d9\",\"name\":\"Javier Gonz\u00e1lez\",\"image\":{\"@type\":\"ImageObject\",\"inLanguage\":\"es\",\"@id\":\"https:\\\/\\\/secure.gravatar.com\\\/avatar\\\/ec8d5593c2f075f1ac4e00963152be2aca9624d4a8e58fe447150e40af6661fa?s=96&d=mm&r=g\",\"url\":\"https:\\\/\\\/secure.gravatar.com\\\/avatar\\\/ec8d5593c2f075f1ac4e00963152be2aca9624d4a8e58fe447150e40af6661fa?s=96&d=mm&r=g\",\"contentUrl\":\"https:\\\/\\\/secure.gravatar.com\\\/avatar\\\/ec8d5593c2f075f1ac4e00963152be2aca9624d4a8e58fe447150e40af6661fa?s=96&d=mm&r=g\",\"caption\":\"Javier Gonz\u00e1lez\"},\"url\":\"https:\\\/\\\/proyectum.com\\\/sistema\\\/author\\\/javiergonzalez\\\/\"}]}<\/script>\n<!-- \/ Yoast SEO plugin. -->","yoast_head_json":{"title":"La transformaci\u00f3n digital: \u00bfAmenaza, Oportunidad o s\u00f3lo una Moda? - Proyectum","description":"Cada cierto tiempo en el mundo de los negocios surgen pr\u00e1cticas y conceptos que pretenden cambiarlo todo: quien no los adopte no sobrevivir\u00e1. \u00bfEs la","robots":{"index":"index","follow":"follow","max-snippet":"max-snippet:-1","max-image-preview":"max-image-preview:large","max-video-preview":"max-video-preview:-1"},"canonical":"https:\/\/proyectum.com\/sistema\/blog\/la-transformacion-digital-amenaza-oportunidad-o-solo-una-moda\/","og_locale":"es_ES","og_type":"article","og_title":"La transformaci\u00f3n digital: \u00bfAmenaza, Oportunidad o s\u00f3lo una Moda? - Proyectum","og_description":"Cada cierto tiempo en el mundo de los negocios surgen pr\u00e1cticas y conceptos que pretenden cambiarlo todo: quien no los adopte no sobrevivir\u00e1. \u00bfEs la","og_url":"https:\/\/proyectum.com\/sistema\/blog\/la-transformacion-digital-amenaza-oportunidad-o-solo-una-moda\/","og_site_name":"Proyectum","article_publisher":"https:\/\/www.facebook.com\/proyectum\/","article_published_time":"2019-02-21T17:00:48+00:00","og_image":[{"width":1980,"height":1237,"url":"https:\/\/proyectum.com\/sistema\/wp-content\/uploads\/2019\/02\/Transformaci\u00f3n-digital.jpg","type":"image\/jpeg"}],"author":"Javier Gonz\u00e1lez","twitter_card":"summary_large_image","twitter_misc":{"Escrito por":"Javier Gonz\u00e1lez","Tiempo de lectura":"5 minutos"},"schema":{"@context":"https:\/\/schema.org","@graph":[{"@type":"Article","@id":"https:\/\/proyectum.com\/sistema\/blog\/la-transformacion-digital-amenaza-oportunidad-o-solo-una-moda\/#article","isPartOf":{"@id":"https:\/\/proyectum.com\/sistema\/blog\/la-transformacion-digital-amenaza-oportunidad-o-solo-una-moda\/"},"author":{"name":"Javier Gonz\u00e1lez","@id":"https:\/\/proyectum.com\/sistema\/#\/schema\/person\/8e9c9155ae730dfcf243f34f1a9a67d9"},"headline":"La transformaci\u00f3n digital: \u00bfAmenaza, Oportunidad o s\u00f3lo una Moda?","datePublished":"2019-02-21T17:00:48+00:00","mainEntityOfPage":{"@id":"https:\/\/proyectum.com\/sistema\/blog\/la-transformacion-digital-amenaza-oportunidad-o-solo-una-moda\/"},"wordCount":998,"commentCount":0,"publisher":{"@id":"https:\/\/proyectum.com\/sistema\/#organization"},"image":{"@id":"https:\/\/proyectum.com\/sistema\/blog\/la-transformacion-digital-amenaza-oportunidad-o-solo-una-moda\/#primaryimage"},"thumbnailUrl":"https:\/\/proyectum.com\/sistema\/wp-content\/uploads\/2019\/02\/Transformaci\u00f3n-digital.jpg","keywords":["altamente flexibles","creatividad y la innovaci\u00f3n","desaparecer del mercado","empresas emergentes","la estrategia de la transformaci\u00f3n digital","qu\u00e9 entendemos por transformaci\u00f3n digital","salir del modelo tradicional de las grandes organizaciones jer\u00e1rquicas","transformaci\u00f3n cultural es esencial","transformaci\u00f3n digital","transformaci\u00f3n digital una de esas modas"],"articleSection":["\u00c1gil","Innovaci\u00f3n","Liderazgo"],"inLanguage":"es","potentialAction":[{"@type":"CommentAction","name":"Comment","target":["https:\/\/proyectum.com\/sistema\/blog\/la-transformacion-digital-amenaza-oportunidad-o-solo-una-moda\/#respond"]}]},{"@type":"WebPage","@id":"https:\/\/proyectum.com\/sistema\/blog\/la-transformacion-digital-amenaza-oportunidad-o-solo-una-moda\/","url":"https:\/\/proyectum.com\/sistema\/blog\/la-transformacion-digital-amenaza-oportunidad-o-solo-una-moda\/","name":"La transformaci\u00f3n digital: \u00bfAmenaza, Oportunidad o s\u00f3lo una Moda? - Proyectum","isPartOf":{"@id":"https:\/\/proyectum.com\/sistema\/#website"},"primaryImageOfPage":{"@id":"https:\/\/proyectum.com\/sistema\/blog\/la-transformacion-digital-amenaza-oportunidad-o-solo-una-moda\/#primaryimage"},"image":{"@id":"https:\/\/proyectum.com\/sistema\/blog\/la-transformacion-digital-amenaza-oportunidad-o-solo-una-moda\/#primaryimage"},"thumbnailUrl":"https:\/\/proyectum.com\/sistema\/wp-content\/uploads\/2019\/02\/Transformaci\u00f3n-digital.jpg","datePublished":"2019-02-21T17:00:48+00:00","description":"Cada cierto tiempo en el mundo de los negocios surgen pr\u00e1cticas y conceptos que pretenden cambiarlo todo: quien no los adopte no sobrevivir\u00e1. \u00bfEs la","breadcrumb":{"@id":"https:\/\/proyectum.com\/sistema\/blog\/la-transformacion-digital-amenaza-oportunidad-o-solo-una-moda\/#breadcrumb"},"inLanguage":"es","potentialAction":[{"@type":"ReadAction","target":["https:\/\/proyectum.com\/sistema\/blog\/la-transformacion-digital-amenaza-oportunidad-o-solo-una-moda\/"]}]},{"@type":"ImageObject","inLanguage":"es","@id":"https:\/\/proyectum.com\/sistema\/blog\/la-transformacion-digital-amenaza-oportunidad-o-solo-una-moda\/#primaryimage","url":"https:\/\/proyectum.com\/sistema\/wp-content\/uploads\/2019\/02\/Transformaci\u00f3n-digital.jpg","contentUrl":"https:\/\/proyectum.com\/sistema\/wp-content\/uploads\/2019\/02\/Transformaci\u00f3n-digital.jpg","width":1980,"height":1237,"caption":"Transformaci\u00f3n digital"},{"@type":"BreadcrumbList","@id":"https:\/\/proyectum.com\/sistema\/blog\/la-transformacion-digital-amenaza-oportunidad-o-solo-una-moda\/#breadcrumb","itemListElement":[{"@type":"ListItem","position":1,"name":"Home","item":"https:\/\/proyectum.com\/sistema\/"},{"@type":"ListItem","position":2,"name":"La transformaci\u00f3n digital: \u00bfAmenaza, Oportunidad o s\u00f3lo una Moda?"}]},{"@type":"WebSite","@id":"https:\/\/proyectum.com\/sistema\/#website","url":"https:\/\/proyectum.com\/sistema\/","name":"Proyectum","description":"Direcci\u00f3n de Proyectos y M\u00e9todos \u00c1giles","publisher":{"@id":"https:\/\/proyectum.com\/sistema\/#organization"},"potentialAction":[{"@type":"SearchAction","target":{"@type":"EntryPoint","urlTemplate":"https:\/\/proyectum.com\/sistema\/?s={search_term_string}"},"query-input":{"@type":"PropertyValueSpecification","valueRequired":true,"valueName":"search_term_string"}}],"inLanguage":"es"},{"@type":"Organization","@id":"https:\/\/proyectum.com\/sistema\/#organization","name":"Proyectum","url":"https:\/\/proyectum.com\/sistema\/","logo":{"@type":"ImageObject","inLanguage":"es","@id":"https:\/\/proyectum.com\/sistema\/#\/schema\/logo\/image\/","url":"https:\/\/www.proyectum.com\/sistema\/wp-content\/uploads\/2020\/04\/proyectum-logo-snippet.png","contentUrl":"https:\/\/www.proyectum.com\/sistema\/wp-content\/uploads\/2020\/04\/proyectum-logo-snippet.png","width":600,"height":315,"caption":"Proyectum"},"image":{"@id":"https:\/\/proyectum.com\/sistema\/#\/schema\/logo\/image\/"},"sameAs":["https:\/\/www.facebook.com\/proyectum\/","https:\/\/www.linkedin.com\/company\/sistemaproyectum\/","https:\/\/www.youtube.com\/channel\/UCljouWimyhK_cNcC2jniUgw"]},{"@type":"Person","@id":"https:\/\/proyectum.com\/sistema\/#\/schema\/person\/8e9c9155ae730dfcf243f34f1a9a67d9","name":"Javier Gonz\u00e1lez","image":{"@type":"ImageObject","inLanguage":"es","@id":"https:\/\/secure.gravatar.com\/avatar\/ec8d5593c2f075f1ac4e00963152be2aca9624d4a8e58fe447150e40af6661fa?s=96&d=mm&r=g","url":"https:\/\/secure.gravatar.com\/avatar\/ec8d5593c2f075f1ac4e00963152be2aca9624d4a8e58fe447150e40af6661fa?s=96&d=mm&r=g","contentUrl":"https:\/\/secure.gravatar.com\/avatar\/ec8d5593c2f075f1ac4e00963152be2aca9624d4a8e58fe447150e40af6661fa?s=96&d=mm&r=g","caption":"Javier Gonz\u00e1lez"},"url":"https:\/\/proyectum.com\/sistema\/author\/javiergonzalez\/"}]}},"_links":{"self":[{"href":"https:\/\/proyectum.com\/sistema\/wp-json\/wp\/v2\/posts\/8421","targetHints":{"allow":["GET"]}}],"collection":[{"href":"https:\/\/proyectum.com\/sistema\/wp-json\/wp\/v2\/posts"}],"about":[{"href":"https:\/\/proyectum.com\/sistema\/wp-json\/wp\/v2\/types\/post"}],"author":[{"embeddable":true,"href":"https:\/\/proyectum.com\/sistema\/wp-json\/wp\/v2\/users\/38"}],"replies":[{"embeddable":true,"href":"https:\/\/proyectum.com\/sistema\/wp-json\/wp\/v2\/comments?post=8421"}],"version-history":[{"count":0,"href":"https:\/\/proyectum.com\/sistema\/wp-json\/wp\/v2\/posts\/8421\/revisions"}],"wp:featuredmedia":[{"embeddable":true,"href":"https:\/\/proyectum.com\/sistema\/wp-json\/wp\/v2\/media\/7985"}],"wp:attachment":[{"href":"https:\/\/proyectum.com\/sistema\/wp-json\/wp\/v2\/media?parent=8421"}],"wp:term":[{"taxonomy":"category","embeddable":true,"href":"https:\/\/proyectum.com\/sistema\/wp-json\/wp\/v2\/categories?post=8421"},{"taxonomy":"post_tag","embeddable":true,"href":"https:\/\/proyectum.com\/sistema\/wp-json\/wp\/v2\/tags?post=8421"}],"curies":[{"name":"wp","href":"https:\/\/api.w.org\/{rel}","templated":true}]}}