{"id":8561,"date":"2020-01-21T11:54:20","date_gmt":"2020-01-21T14:54:20","guid":{"rendered":"https:\/\/www.proyectum.com\/sistema\/?p=8561"},"modified":"2020-01-21T16:20:12","modified_gmt":"2020-01-21T19:20:12","slug":"encontrar-quien-en-lugar-de-enfocarnos-en-el-como","status":"publish","type":"post","link":"https:\/\/proyectum.com\/sistema\/blog\/encontrar-quien-en-lugar-de-enfocarnos-en-el-como\/","title":{"rendered":"Encontrar \u201cQui\u00e9n\u201d en lugar de enfocarnos en el \u201cC\u00f3mo\u201d"},"content":{"rendered":"<p>Por: <strong>Omar Garc\u00eda<\/strong>.<\/p>\n<p>Muchas ideas que ten\u00edan el gran potencial de llevar a tu organizaci\u00f3n al siguiente nivel se han quedado muertas antes de nacer. En el mejor de los casos se quedaron a nivel de planeaci\u00f3n como una iniciativa m\u00e1s, que ojal\u00e1, alg\u00fan d\u00eda se lleve a cabo.<\/p>\n<p>Uno de los principales problemas por los que las ideas no maduran y se vuelven una realidad es porque nos metemos a los detalles de forma minuciosa, es decir, nos ponemos a pensar en el \u201c<strong>c\u00f3mo<\/strong>\u201d lo vamos a hacer. Al tener este enfoque, por muy buena que sea la idea, corre el riesgo de ser vista como <strong>un objetivo muy alejado que va a requerir de mucho esfuerzo para hacerla realidad<\/strong>.<\/p>\n<p><strong>Peter Diamandis<\/strong>, emprendedor de m\u00e1s de 20 empresas en \u00e1reas como, longevidad, espacio, capital de riesgo y educaci\u00f3n, ha mencionado que su coach, de nombre <strong>Dan Sullivan<\/strong>, le ha ense\u00f1ado un poderoso<strong> atajo para implementar nuevas ideas<\/strong> y participar en un n\u00famero cada vez mayor de proyectos comerciales.<\/p>\n<p>Este atajo consiste en <strong>dejar de concentrarse en el \u201cc\u00f3mo\u201d y poner atenci\u00f3n en el \u201cqui\u00e9n\u201d<\/strong>. Esto quiere decir que cuando una idea con gran valor le llega a la mente, en lugar de concentrarse en todos los detalles del proyecto que se van a requerir para poder implementarse, <strong>se enfoca en identificar a la o las personas adecuadas para llevar a cabo el proyecto<\/strong> y hacer realidad la idea.<\/p>\n<p>Dan explica que es <strong>normal que al inicio nos concentremos en el \u201cc\u00f3mo\u201d<\/strong>, pues tal vez tu carrera profesional o tu empresa van iniciando y <strong>no tienes a \u201cqui\u00e9n\u201d delegar<\/strong>. Pero a medida que pasa el tiempo, tienes un equipo de trabajo y <strong>seguir enfocado en el \u201cc\u00f3mo\u201d se convierte en un mal h\u00e1bito<\/strong>.<\/p>\n<p>Cuando nos preguntamos \u201c<strong>\u00bfC\u00f3mo hago esto?<\/strong>\u201d, muchas veces la respuesta nos genera <strong>ansiedad y desmotivaci\u00f3n<\/strong> por todas las cosas que se tienen que hacer para poder cumplir la idea y <strong>esto nos lleva a procrastinar<\/strong>. En cambio, cuando nos preguntamos \u201c<strong>\u00bfQui\u00e9n puede hacer esto?<\/strong>\u201d La energ\u00eda y la motivaci\u00f3n aumentan.<\/p>\n<p>El trabajo como l\u00edder es tener totalmente clara esa idea, definir por qu\u00e9 lo quieres, por qu\u00e9 es importante, los criterios que van a medir el \u00e9xito, encontrar a las personas adecuadas y saber explicarlo de la mejor manera para que ellos completen las acciones necesarias.<\/p>\n<p><strong>Escalar de forma exponencial con la tecnolog\u00eda<\/strong><\/p>\n<p>En este proceso de cambiar viejos paradigmas es importante tomar en cuenta que nos encontramos en una \u00e9poca donde la tecnolog\u00eda puede <strong>ayudarnos a encontrar a ese \u201cqui\u00e9n\u201d<\/strong> adecuado. E incluso <strong>se puede convertir en nuestro \u201cqui\u00e9n\u201d<\/strong>.<\/p>\n<p>Si deseas crear un impacto masivo, donde el crecimiento de los resultados, <strong>pasen de ser lineales a exponenciales<\/strong>, debes contemplar seriamente el software, la Inteligencia Artificial y otras tecnolog\u00edas. El <strong>software como servicio<\/strong> (<strong>SaaS<\/strong>), puede ofrecernos el \u201cqui\u00e9n\u201d que buscamos, muchas veces m\u00e1s r\u00e1pido y m\u00e1s barato.<\/p>\n<p>Diamandis menciona que estamos en: \u201c<em>una era en la que <strong>casi cualquier problema comercial tiene un software correspondiente<\/strong> que le cuesta casi nada, le permite escalar indefinidamente y lo transforma de un negocio lineal a una fuerza exponencial<\/em>\u201d.<\/p>\n<p>Las bondades de la tecnolog\u00eda nos ayudan a <strong>no detenernos por no tener a un \u201cqui\u00e9n\u201d adecuado<\/strong> al interior de nuestra organizaci\u00f3n. En el mejor de los casos <strong>ya habr\u00e1 un software que nos pueda ayudar<\/strong> a implementar nuestra idea, de no ser as\u00ed, podemos encontrar a profesionales de cualquier parte del mundo a unos cuantos clics de distancia, gracias a plataformas como Upwork.com, Freelance.com o Gigster.com, entre muchas m\u00e1s, que nos permiten <strong>contratar a expertos independientes para proyectos espec\u00edficos<\/strong>.<\/p>\n<p>Es momento de desempolvar esas grandes ideas. La capacidad para lograrlas no tiene que preocuparnos si logramos <strong>cambiar el enfoque del \u201cc\u00f3mo\u201d por el \u201cqui\u00e9n\u201d<\/strong>. Acepta que la mejor persona para realizar la acci\u00f3n no tienes que ser t\u00fa.<\/p>\n<p>Por \u00faltimo, comparto una frase de <strong>Peter Dimandis<\/strong>: \u201c<em>Encontrar tus \u201cqui\u00e9nes\u201d har\u00e1 que tus \u201cc\u00f3mos\u201d sucedan m\u00e1s r\u00e1pido y m\u00e1s barato que nunca<\/em>\u201d.<\/p>\n<p>Me encantar\u00eda conocer tu opini\u00f3n, as\u00ed que te invito a dejar tus comentarios.<\/p>\n<p><strong>Referencias:<\/strong><\/p>\n<p><a href=\"https:\/\/www.diamandis.com\/blog\/who-not-how\">Diamandis.com<\/a><\/p>\n<p><a href=\"http:\/\/podcast.diamandis.com\/2018\/08\/07\/episode-57-who-not-how\/?utm_campaign=Tech%20Blog&amp;utm_source=hs_email&amp;utm_medium=email&amp;_hsenc=p2ANqtz--OFMuAUNzVq61P947G2Q2vRxBD31ljSNJefQHtr1eZMKMfKTzgu8ZiRDUFuYlHWD_StGgD\">Podcast.diamandis.com<\/a><\/p>\n<p><a href=\"https:\/\/resources.strategiccoach.com\/quarterly-books\/whonothow\">Strategiccoach.com<\/a><\/p>\n","protected":false},"excerpt":{"rendered":"<p>Por: Omar Garc\u00eda. Muchas ideas que ten\u00edan el gran potencial de llevar a tu organizaci\u00f3n al siguiente nivel se han quedado muertas antes de nacer. En el mejor de los casos se quedaron a nivel de planeaci\u00f3n como una iniciativa m\u00e1s, que ojal\u00e1, alg\u00fan d\u00eda se lleve a cabo. Uno de los principales problemas por [&hellip;]<\/p>\n","protected":false},"author":46,"featured_media":8563,"comment_status":"closed","ping_status":"closed","sticky":false,"template":"","format":"standard","meta":{"_acf_changed":false,"content-type":"","footnotes":""},"categories":[57,82,55],"tags":[3248,3242,3255,3244,3254,3241,3243,3240,3239,3249,3247,3245,3246,3250,1935,3252,3251,3238,3253],"class_list":["post-8561","post","type-post","status-publish","format-standard","has-post-thumbnail","hentry","category-direccion-de-proyectos","category-innovacion","category-liderazgo","tag-quien-puede-hacer-esto","tag-atajo-para-implementar-nuevas-ideas","tag-cambiar-el-enfoque-del-como-por-el-quien","tag-concentrarse-en-el-quien","tag-contratar-a-expertos-independientes-para-proyectos-especificos","tag-dan-sullivan","tag-dejar-de-concentrarse-en-el-como","tag-enfocado-en-el-como","tag-enfocado-en-el-quien","tag-escalar-de-forma-exponencial-con-la-tecnologia","tag-esto-nos-lleva-a-procrastinar","tag-identificar-a-la-persona-adecuada-para-llevar-el-proyecto","tag-no-tienes-a-quien-delegar","tag-pasen-de-ser-lineales-a-exponenciales","tag-peter-diamandis","tag-software-as-a-service","tag-software-como-servicio","tag-un-objetivo-muy-alejado-que-va-a-requerir-de-mucho-esfuerzo-para-hacerla-realidad","tag-ya-habra-un-software-que-nos-pueda-ayudar"],"acf":[],"featured_image_src":{"landsacpe":["https:\/\/proyectum.com\/sistema\/wp-content\/uploads\/2020\/01\/Enfocado-en-el-quien-1140x445.jpg",1140,445,true],"list":["https:\/\/proyectum.com\/sistema\/wp-content\/uploads\/2020\/01\/Enfocado-en-el-quien-463x348.jpg",463,348,true],"medium":["https:\/\/proyectum.com\/sistema\/wp-content\/uploads\/2020\/01\/Enfocado-en-el-quien-300x200.jpg",300,200,true],"full":["https:\/\/proyectum.com\/sistema\/wp-content\/uploads\/2020\/01\/Enfocado-en-el-quien.jpg",1800,1200,false]},"yoast_head":"<!-- This site is optimized with the Yoast SEO plugin v27.5 - https:\/\/yoast.com\/product\/yoast-seo-wordpress\/ -->\n<title>Encontrar \u201cQui\u00e9n\u201d en lugar de enfocarnos en el \u201cC\u00f3mo\u201d - Proyectum<\/title>\n<meta name=\"description\" content=\"Por: Omar Garc\u00eda. Muchas ideas que ten\u00edan el gran potencial de llevar a tu organizaci\u00f3n al siguiente nivel se han quedado muertas antes de nacer. En el\" \/>\n<meta name=\"robots\" content=\"index, follow, max-snippet:-1, max-image-preview:large, max-video-preview:-1\" \/>\n<link rel=\"canonical\" href=\"https:\/\/proyectum.com\/sistema\/blog\/encontrar-quien-en-lugar-de-enfocarnos-en-el-como\/\" \/>\n<meta property=\"og:locale\" content=\"es_ES\" \/>\n<meta property=\"og:type\" content=\"article\" \/>\n<meta property=\"og:title\" content=\"Encontrar \u201cQui\u00e9n\u201d en lugar de enfocarnos en el \u201cC\u00f3mo\u201d - Proyectum\" \/>\n<meta property=\"og:description\" content=\"Por: Omar Garc\u00eda. Muchas ideas que ten\u00edan el gran potencial de llevar a tu organizaci\u00f3n al siguiente nivel se han quedado muertas antes de nacer. En el\" \/>\n<meta property=\"og:url\" content=\"https:\/\/proyectum.com\/sistema\/blog\/encontrar-quien-en-lugar-de-enfocarnos-en-el-como\/\" \/>\n<meta property=\"og:site_name\" content=\"Proyectum\" \/>\n<meta property=\"article:publisher\" content=\"https:\/\/www.facebook.com\/proyectum\/\" \/>\n<meta property=\"article:published_time\" content=\"2020-01-21T14:54:20+00:00\" \/>\n<meta property=\"article:modified_time\" content=\"2020-01-21T19:20:12+00:00\" \/>\n<meta property=\"og:image\" content=\"https:\/\/proyectum.com\/sistema\/wp-content\/uploads\/2020\/01\/Enfocado-en-el-quien.jpg\" \/>\n\t<meta property=\"og:image:width\" content=\"1800\" \/>\n\t<meta property=\"og:image:height\" content=\"1200\" \/>\n\t<meta property=\"og:image:type\" content=\"image\/jpeg\" \/>\n<meta name=\"author\" content=\"Omar Garc\u00eda\" \/>\n<meta name=\"twitter:card\" content=\"summary_large_image\" \/>\n<meta name=\"twitter:creator\" content=\"@omarzgarcia\" \/>\n<meta name=\"twitter:label1\" content=\"Escrito por\" \/>\n\t<meta name=\"twitter:data1\" content=\"Omar Garc\u00eda\" \/>\n\t<meta name=\"twitter:label2\" content=\"Tiempo de lectura\" \/>\n\t<meta name=\"twitter:data2\" content=\"4 minutos\" \/>\n<script type=\"application\/ld+json\" class=\"yoast-schema-graph\">{\"@context\":\"https:\\\/\\\/schema.org\",\"@graph\":[{\"@type\":\"Article\",\"@id\":\"https:\\\/\\\/proyectum.com\\\/sistema\\\/blog\\\/encontrar-quien-en-lugar-de-enfocarnos-en-el-como\\\/#article\",\"isPartOf\":{\"@id\":\"https:\\\/\\\/proyectum.com\\\/sistema\\\/blog\\\/encontrar-quien-en-lugar-de-enfocarnos-en-el-como\\\/\"},\"author\":{\"name\":\"Omar Garc\u00eda\",\"@id\":\"https:\\\/\\\/proyectum.com\\\/sistema\\\/#\\\/schema\\\/person\\\/2c2f3285c31a3a005b11add8832ae8f7\"},\"headline\":\"Encontrar \u201cQui\u00e9n\u201d en lugar de enfocarnos en el \u201cC\u00f3mo\u201d\",\"datePublished\":\"2020-01-21T14:54:20+00:00\",\"dateModified\":\"2020-01-21T19:20:12+00:00\",\"mainEntityOfPage\":{\"@id\":\"https:\\\/\\\/proyectum.com\\\/sistema\\\/blog\\\/encontrar-quien-en-lugar-de-enfocarnos-en-el-como\\\/\"},\"wordCount\":743,\"publisher\":{\"@id\":\"https:\\\/\\\/proyectum.com\\\/sistema\\\/#organization\"},\"image\":{\"@id\":\"https:\\\/\\\/proyectum.com\\\/sistema\\\/blog\\\/encontrar-quien-en-lugar-de-enfocarnos-en-el-como\\\/#primaryimage\"},\"thumbnailUrl\":\"https:\\\/\\\/proyectum.com\\\/sistema\\\/wp-content\\\/uploads\\\/2020\\\/01\\\/Enfocado-en-el-quien.jpg\",\"keywords\":[\"\u00bfQui\u00e9n puede hacer esto?\",\"atajo para implementar nuevas ideas\",\"cambiar el enfoque del c\u00f3mo por el qui\u00e9n\",\"concentrarse en el quien\",\"contratar a expertos independientes para proyectos espec\u00edficos\",\"Dan Sullivan\",\"dejar de concentrarse en el como\",\"enfocado en el como\",\"Enfocado en el quien\",\"Escalar de forma exponencial con la tecnolog\u00eda\",\"esto nos lleva a procrastinar\",\"identificar a la persona adecuada para llevar el proyecto\",\"no tienes a quien delegar\",\"pasen de ser lineales a exponenciales\",\"peter diamandis\",\"software as a service\",\"software como servicio\",\"un objetivo muy alejado que va a requerir de mucho esfuerzo para hacerla realidad\",\"ya habr\u00e1 un software que nos pueda ayudar\"],\"articleSection\":[\"Direcci\u00f3n de Proyectos\",\"Innovaci\u00f3n\",\"Liderazgo\"],\"inLanguage\":\"es\"},{\"@type\":\"WebPage\",\"@id\":\"https:\\\/\\\/proyectum.com\\\/sistema\\\/blog\\\/encontrar-quien-en-lugar-de-enfocarnos-en-el-como\\\/\",\"url\":\"https:\\\/\\\/proyectum.com\\\/sistema\\\/blog\\\/encontrar-quien-en-lugar-de-enfocarnos-en-el-como\\\/\",\"name\":\"Encontrar \u201cQui\u00e9n\u201d en lugar de enfocarnos en el \u201cC\u00f3mo\u201d - Proyectum\",\"isPartOf\":{\"@id\":\"https:\\\/\\\/proyectum.com\\\/sistema\\\/#website\"},\"primaryImageOfPage\":{\"@id\":\"https:\\\/\\\/proyectum.com\\\/sistema\\\/blog\\\/encontrar-quien-en-lugar-de-enfocarnos-en-el-como\\\/#primaryimage\"},\"image\":{\"@id\":\"https:\\\/\\\/proyectum.com\\\/sistema\\\/blog\\\/encontrar-quien-en-lugar-de-enfocarnos-en-el-como\\\/#primaryimage\"},\"thumbnailUrl\":\"https:\\\/\\\/proyectum.com\\\/sistema\\\/wp-content\\\/uploads\\\/2020\\\/01\\\/Enfocado-en-el-quien.jpg\",\"datePublished\":\"2020-01-21T14:54:20+00:00\",\"dateModified\":\"2020-01-21T19:20:12+00:00\",\"description\":\"Por: Omar Garc\u00eda. Muchas ideas que ten\u00edan el gran potencial de llevar a tu organizaci\u00f3n al siguiente nivel se han quedado muertas antes de nacer. En el\",\"breadcrumb\":{\"@id\":\"https:\\\/\\\/proyectum.com\\\/sistema\\\/blog\\\/encontrar-quien-en-lugar-de-enfocarnos-en-el-como\\\/#breadcrumb\"},\"inLanguage\":\"es\",\"potentialAction\":[{\"@type\":\"ReadAction\",\"target\":[\"https:\\\/\\\/proyectum.com\\\/sistema\\\/blog\\\/encontrar-quien-en-lugar-de-enfocarnos-en-el-como\\\/\"]}]},{\"@type\":\"ImageObject\",\"inLanguage\":\"es\",\"@id\":\"https:\\\/\\\/proyectum.com\\\/sistema\\\/blog\\\/encontrar-quien-en-lugar-de-enfocarnos-en-el-como\\\/#primaryimage\",\"url\":\"https:\\\/\\\/proyectum.com\\\/sistema\\\/wp-content\\\/uploads\\\/2020\\\/01\\\/Enfocado-en-el-quien.jpg\",\"contentUrl\":\"https:\\\/\\\/proyectum.com\\\/sistema\\\/wp-content\\\/uploads\\\/2020\\\/01\\\/Enfocado-en-el-quien.jpg\",\"width\":1800,\"height\":1200,\"caption\":\"Enfocado en el quien\"},{\"@type\":\"BreadcrumbList\",\"@id\":\"https:\\\/\\\/proyectum.com\\\/sistema\\\/blog\\\/encontrar-quien-en-lugar-de-enfocarnos-en-el-como\\\/#breadcrumb\",\"itemListElement\":[{\"@type\":\"ListItem\",\"position\":1,\"name\":\"Home\",\"item\":\"https:\\\/\\\/proyectum.com\\\/sistema\\\/\"},{\"@type\":\"ListItem\",\"position\":2,\"name\":\"Encontrar \u201cQui\u00e9n\u201d en lugar de enfocarnos en el \u201cC\u00f3mo\u201d\"}]},{\"@type\":\"WebSite\",\"@id\":\"https:\\\/\\\/proyectum.com\\\/sistema\\\/#website\",\"url\":\"https:\\\/\\\/proyectum.com\\\/sistema\\\/\",\"name\":\"Proyectum\",\"description\":\"Direcci\u00f3n de Proyectos y M\u00e9todos \u00c1giles\",\"publisher\":{\"@id\":\"https:\\\/\\\/proyectum.com\\\/sistema\\\/#organization\"},\"potentialAction\":[{\"@type\":\"SearchAction\",\"target\":{\"@type\":\"EntryPoint\",\"urlTemplate\":\"https:\\\/\\\/proyectum.com\\\/sistema\\\/?s={search_term_string}\"},\"query-input\":{\"@type\":\"PropertyValueSpecification\",\"valueRequired\":true,\"valueName\":\"search_term_string\"}}],\"inLanguage\":\"es\"},{\"@type\":\"Organization\",\"@id\":\"https:\\\/\\\/proyectum.com\\\/sistema\\\/#organization\",\"name\":\"Proyectum\",\"url\":\"https:\\\/\\\/proyectum.com\\\/sistema\\\/\",\"logo\":{\"@type\":\"ImageObject\",\"inLanguage\":\"es\",\"@id\":\"https:\\\/\\\/proyectum.com\\\/sistema\\\/#\\\/schema\\\/logo\\\/image\\\/\",\"url\":\"https:\\\/\\\/www.proyectum.com\\\/sistema\\\/wp-content\\\/uploads\\\/2020\\\/04\\\/proyectum-logo-snippet.png\",\"contentUrl\":\"https:\\\/\\\/www.proyectum.com\\\/sistema\\\/wp-content\\\/uploads\\\/2020\\\/04\\\/proyectum-logo-snippet.png\",\"width\":600,\"height\":315,\"caption\":\"Proyectum\"},\"image\":{\"@id\":\"https:\\\/\\\/proyectum.com\\\/sistema\\\/#\\\/schema\\\/logo\\\/image\\\/\"},\"sameAs\":[\"https:\\\/\\\/www.facebook.com\\\/proyectum\\\/\",\"https:\\\/\\\/www.linkedin.com\\\/company\\\/sistemaproyectum\\\/\",\"https:\\\/\\\/www.youtube.com\\\/channel\\\/UCljouWimyhK_cNcC2jniUgw\"]},{\"@type\":\"Person\",\"@id\":\"https:\\\/\\\/proyectum.com\\\/sistema\\\/#\\\/schema\\\/person\\\/2c2f3285c31a3a005b11add8832ae8f7\",\"name\":\"Omar Garc\u00eda\",\"image\":{\"@type\":\"ImageObject\",\"inLanguage\":\"es\",\"@id\":\"https:\\\/\\\/secure.gravatar.com\\\/avatar\\\/6287ae96abd3e19dcc272b2c1ff8c5c0a0fcf3149e67894ce1b778f4232770a9?s=96&d=mm&r=g\",\"url\":\"https:\\\/\\\/secure.gravatar.com\\\/avatar\\\/6287ae96abd3e19dcc272b2c1ff8c5c0a0fcf3149e67894ce1b778f4232770a9?s=96&d=mm&r=g\",\"contentUrl\":\"https:\\\/\\\/secure.gravatar.com\\\/avatar\\\/6287ae96abd3e19dcc272b2c1ff8c5c0a0fcf3149e67894ce1b778f4232770a9?s=96&d=mm&r=g\",\"caption\":\"Omar Garc\u00eda\"},\"description\":\"Creador de contenidos en Proyectum. Para seguir la conversaci\u00f3n puedes escribirme en: @omarzgarcia\",\"sameAs\":[\"https:\\\/\\\/x.com\\\/@omarzgarcia\"],\"url\":\"https:\\\/\\\/proyectum.com\\\/sistema\\\/author\\\/omarzgarcia\\\/\"}]}<\/script>\n<!-- \/ Yoast SEO plugin. -->","yoast_head_json":{"title":"Encontrar \u201cQui\u00e9n\u201d en lugar de enfocarnos en el \u201cC\u00f3mo\u201d - Proyectum","description":"Por: Omar Garc\u00eda. Muchas ideas que ten\u00edan el gran potencial de llevar a tu organizaci\u00f3n al siguiente nivel se han quedado muertas antes de nacer. En el","robots":{"index":"index","follow":"follow","max-snippet":"max-snippet:-1","max-image-preview":"max-image-preview:large","max-video-preview":"max-video-preview:-1"},"canonical":"https:\/\/proyectum.com\/sistema\/blog\/encontrar-quien-en-lugar-de-enfocarnos-en-el-como\/","og_locale":"es_ES","og_type":"article","og_title":"Encontrar \u201cQui\u00e9n\u201d en lugar de enfocarnos en el \u201cC\u00f3mo\u201d - Proyectum","og_description":"Por: Omar Garc\u00eda. Muchas ideas que ten\u00edan el gran potencial de llevar a tu organizaci\u00f3n al siguiente nivel se han quedado muertas antes de nacer. En el","og_url":"https:\/\/proyectum.com\/sistema\/blog\/encontrar-quien-en-lugar-de-enfocarnos-en-el-como\/","og_site_name":"Proyectum","article_publisher":"https:\/\/www.facebook.com\/proyectum\/","article_published_time":"2020-01-21T14:54:20+00:00","article_modified_time":"2020-01-21T19:20:12+00:00","og_image":[{"width":1800,"height":1200,"url":"https:\/\/proyectum.com\/sistema\/wp-content\/uploads\/2020\/01\/Enfocado-en-el-quien.jpg","type":"image\/jpeg"}],"author":"Omar Garc\u00eda","twitter_card":"summary_large_image","twitter_creator":"@omarzgarcia","twitter_misc":{"Escrito por":"Omar Garc\u00eda","Tiempo de lectura":"4 minutos"},"schema":{"@context":"https:\/\/schema.org","@graph":[{"@type":"Article","@id":"https:\/\/proyectum.com\/sistema\/blog\/encontrar-quien-en-lugar-de-enfocarnos-en-el-como\/#article","isPartOf":{"@id":"https:\/\/proyectum.com\/sistema\/blog\/encontrar-quien-en-lugar-de-enfocarnos-en-el-como\/"},"author":{"name":"Omar Garc\u00eda","@id":"https:\/\/proyectum.com\/sistema\/#\/schema\/person\/2c2f3285c31a3a005b11add8832ae8f7"},"headline":"Encontrar \u201cQui\u00e9n\u201d en lugar de enfocarnos en el \u201cC\u00f3mo\u201d","datePublished":"2020-01-21T14:54:20+00:00","dateModified":"2020-01-21T19:20:12+00:00","mainEntityOfPage":{"@id":"https:\/\/proyectum.com\/sistema\/blog\/encontrar-quien-en-lugar-de-enfocarnos-en-el-como\/"},"wordCount":743,"publisher":{"@id":"https:\/\/proyectum.com\/sistema\/#organization"},"image":{"@id":"https:\/\/proyectum.com\/sistema\/blog\/encontrar-quien-en-lugar-de-enfocarnos-en-el-como\/#primaryimage"},"thumbnailUrl":"https:\/\/proyectum.com\/sistema\/wp-content\/uploads\/2020\/01\/Enfocado-en-el-quien.jpg","keywords":["\u00bfQui\u00e9n puede hacer esto?","atajo para implementar nuevas ideas","cambiar el enfoque del c\u00f3mo por el qui\u00e9n","concentrarse en el quien","contratar a expertos independientes para proyectos espec\u00edficos","Dan Sullivan","dejar de concentrarse en el como","enfocado en el como","Enfocado en el quien","Escalar de forma exponencial con la tecnolog\u00eda","esto nos lleva a procrastinar","identificar a la persona adecuada para llevar el proyecto","no tienes a quien delegar","pasen de ser lineales a exponenciales","peter diamandis","software as a service","software como servicio","un objetivo muy alejado que va a requerir de mucho esfuerzo para hacerla realidad","ya habr\u00e1 un software que nos pueda ayudar"],"articleSection":["Direcci\u00f3n de Proyectos","Innovaci\u00f3n","Liderazgo"],"inLanguage":"es"},{"@type":"WebPage","@id":"https:\/\/proyectum.com\/sistema\/blog\/encontrar-quien-en-lugar-de-enfocarnos-en-el-como\/","url":"https:\/\/proyectum.com\/sistema\/blog\/encontrar-quien-en-lugar-de-enfocarnos-en-el-como\/","name":"Encontrar \u201cQui\u00e9n\u201d en lugar de enfocarnos en el \u201cC\u00f3mo\u201d - Proyectum","isPartOf":{"@id":"https:\/\/proyectum.com\/sistema\/#website"},"primaryImageOfPage":{"@id":"https:\/\/proyectum.com\/sistema\/blog\/encontrar-quien-en-lugar-de-enfocarnos-en-el-como\/#primaryimage"},"image":{"@id":"https:\/\/proyectum.com\/sistema\/blog\/encontrar-quien-en-lugar-de-enfocarnos-en-el-como\/#primaryimage"},"thumbnailUrl":"https:\/\/proyectum.com\/sistema\/wp-content\/uploads\/2020\/01\/Enfocado-en-el-quien.jpg","datePublished":"2020-01-21T14:54:20+00:00","dateModified":"2020-01-21T19:20:12+00:00","description":"Por: Omar Garc\u00eda. Muchas ideas que ten\u00edan el gran potencial de llevar a tu organizaci\u00f3n al siguiente nivel se han quedado muertas antes de nacer. En el","breadcrumb":{"@id":"https:\/\/proyectum.com\/sistema\/blog\/encontrar-quien-en-lugar-de-enfocarnos-en-el-como\/#breadcrumb"},"inLanguage":"es","potentialAction":[{"@type":"ReadAction","target":["https:\/\/proyectum.com\/sistema\/blog\/encontrar-quien-en-lugar-de-enfocarnos-en-el-como\/"]}]},{"@type":"ImageObject","inLanguage":"es","@id":"https:\/\/proyectum.com\/sistema\/blog\/encontrar-quien-en-lugar-de-enfocarnos-en-el-como\/#primaryimage","url":"https:\/\/proyectum.com\/sistema\/wp-content\/uploads\/2020\/01\/Enfocado-en-el-quien.jpg","contentUrl":"https:\/\/proyectum.com\/sistema\/wp-content\/uploads\/2020\/01\/Enfocado-en-el-quien.jpg","width":1800,"height":1200,"caption":"Enfocado en el quien"},{"@type":"BreadcrumbList","@id":"https:\/\/proyectum.com\/sistema\/blog\/encontrar-quien-en-lugar-de-enfocarnos-en-el-como\/#breadcrumb","itemListElement":[{"@type":"ListItem","position":1,"name":"Home","item":"https:\/\/proyectum.com\/sistema\/"},{"@type":"ListItem","position":2,"name":"Encontrar \u201cQui\u00e9n\u201d en lugar de enfocarnos en el \u201cC\u00f3mo\u201d"}]},{"@type":"WebSite","@id":"https:\/\/proyectum.com\/sistema\/#website","url":"https:\/\/proyectum.com\/sistema\/","name":"Proyectum","description":"Direcci\u00f3n de Proyectos y M\u00e9todos \u00c1giles","publisher":{"@id":"https:\/\/proyectum.com\/sistema\/#organization"},"potentialAction":[{"@type":"SearchAction","target":{"@type":"EntryPoint","urlTemplate":"https:\/\/proyectum.com\/sistema\/?s={search_term_string}"},"query-input":{"@type":"PropertyValueSpecification","valueRequired":true,"valueName":"search_term_string"}}],"inLanguage":"es"},{"@type":"Organization","@id":"https:\/\/proyectum.com\/sistema\/#organization","name":"Proyectum","url":"https:\/\/proyectum.com\/sistema\/","logo":{"@type":"ImageObject","inLanguage":"es","@id":"https:\/\/proyectum.com\/sistema\/#\/schema\/logo\/image\/","url":"https:\/\/www.proyectum.com\/sistema\/wp-content\/uploads\/2020\/04\/proyectum-logo-snippet.png","contentUrl":"https:\/\/www.proyectum.com\/sistema\/wp-content\/uploads\/2020\/04\/proyectum-logo-snippet.png","width":600,"height":315,"caption":"Proyectum"},"image":{"@id":"https:\/\/proyectum.com\/sistema\/#\/schema\/logo\/image\/"},"sameAs":["https:\/\/www.facebook.com\/proyectum\/","https:\/\/www.linkedin.com\/company\/sistemaproyectum\/","https:\/\/www.youtube.com\/channel\/UCljouWimyhK_cNcC2jniUgw"]},{"@type":"Person","@id":"https:\/\/proyectum.com\/sistema\/#\/schema\/person\/2c2f3285c31a3a005b11add8832ae8f7","name":"Omar Garc\u00eda","image":{"@type":"ImageObject","inLanguage":"es","@id":"https:\/\/secure.gravatar.com\/avatar\/6287ae96abd3e19dcc272b2c1ff8c5c0a0fcf3149e67894ce1b778f4232770a9?s=96&d=mm&r=g","url":"https:\/\/secure.gravatar.com\/avatar\/6287ae96abd3e19dcc272b2c1ff8c5c0a0fcf3149e67894ce1b778f4232770a9?s=96&d=mm&r=g","contentUrl":"https:\/\/secure.gravatar.com\/avatar\/6287ae96abd3e19dcc272b2c1ff8c5c0a0fcf3149e67894ce1b778f4232770a9?s=96&d=mm&r=g","caption":"Omar Garc\u00eda"},"description":"Creador de contenidos en Proyectum. Para seguir la conversaci\u00f3n puedes escribirme en: @omarzgarcia","sameAs":["https:\/\/x.com\/@omarzgarcia"],"url":"https:\/\/proyectum.com\/sistema\/author\/omarzgarcia\/"}]}},"_links":{"self":[{"href":"https:\/\/proyectum.com\/sistema\/wp-json\/wp\/v2\/posts\/8561","targetHints":{"allow":["GET"]}}],"collection":[{"href":"https:\/\/proyectum.com\/sistema\/wp-json\/wp\/v2\/posts"}],"about":[{"href":"https:\/\/proyectum.com\/sistema\/wp-json\/wp\/v2\/types\/post"}],"author":[{"embeddable":true,"href":"https:\/\/proyectum.com\/sistema\/wp-json\/wp\/v2\/users\/46"}],"replies":[{"embeddable":true,"href":"https:\/\/proyectum.com\/sistema\/wp-json\/wp\/v2\/comments?post=8561"}],"version-history":[{"count":0,"href":"https:\/\/proyectum.com\/sistema\/wp-json\/wp\/v2\/posts\/8561\/revisions"}],"wp:featuredmedia":[{"embeddable":true,"href":"https:\/\/proyectum.com\/sistema\/wp-json\/wp\/v2\/media\/8563"}],"wp:attachment":[{"href":"https:\/\/proyectum.com\/sistema\/wp-json\/wp\/v2\/media?parent=8561"}],"wp:term":[{"taxonomy":"category","embeddable":true,"href":"https:\/\/proyectum.com\/sistema\/wp-json\/wp\/v2\/categories?post=8561"},{"taxonomy":"post_tag","embeddable":true,"href":"https:\/\/proyectum.com\/sistema\/wp-json\/wp\/v2\/tags?post=8561"}],"curies":[{"name":"wp","href":"https:\/\/api.w.org\/{rel}","templated":true}]}}