{"id":8779,"date":"2020-06-25T06:24:32","date_gmt":"2020-06-25T09:24:32","guid":{"rendered":"https:\/\/www.proyectum.com\/sistema\/?p=8779"},"modified":"2020-06-25T09:33:26","modified_gmt":"2020-06-25T12:33:26","slug":"el-gran-reto-de-desarrollar-una-mentalidad-agil","status":"publish","type":"post","link":"https:\/\/proyectum.com\/sistema\/blog\/el-gran-reto-de-desarrollar-una-mentalidad-agil\/","title":{"rendered":"El gran reto de desarrollar una Mentalidad \u00c1gil"},"content":{"rendered":"<p>La <strong>mentalidad burocr\u00e1tica<\/strong>, que todav\u00eda prevalece en muchas organizaciones, no va de acuerdo con los tiempos de incertidumbre que vivimos. Transitar a la agilidad es la opci\u00f3n m\u00e1s acertada, pero no es un camino sencillo, sobre todo cuando el primer paso que dan muchas organizaciones y profesionales no es el m\u00e1s adecuado.<\/p>\n<p>Cada vez son m\u00e1s los profesionales y las organizaciones que tienen inter\u00e9s en transitar a la agilidad. En muchos casos, el primer paso que dan es tomar capacitaci\u00f3n en un marco de trabajo basado en la <strong>Filosof\u00eda \u00c1gil<\/strong>, como lo es Scrum. Si realmente est\u00e1s interesado en que tu equipo de trabajo, o incluso tu organizaci\u00f3n, cambien su forma de trabajar, <strong>el proceso de adopci\u00f3n de agilismo va mucho m\u00e1s all\u00e1 que s\u00f3lo tomar un curso en Scrum<\/strong>.<\/p>\n<h3><strong>Scrum no es el primer paso<\/strong><\/h3>\n<p><strong>Profesionales con ampl\u00eda experiencia en \u00c1gil<\/strong>, <a href=\"https:\/\/www.forbes.com\/sites\/stevedenning\/2019\/08\/13\/understanding-the-agile-mindset\/#44bb77215c17\" target=\"_blank\" rel=\"noopener noreferrer\">han descubierto<\/a> que aquellas empresas que <b>implementan procesos y pr\u00e1cticas \u00e1giles como Scrum<\/b>, de acuerdo con lo que dicta la teor\u00eda, pero conservando viejas pr\u00e1cticas, como la <strong>burocracia<\/strong>, no consiguen beneficios reales.<\/p>\n<p>Que quede claro que <strong>no estoy diciendo que Scrum sea malo<\/strong> y mucho menos tomar capacitaci\u00f3n. El problema radica cundo las organizaciones y los profesionales desconocen la <strong>Filosof\u00eda \u00c1gil<\/strong>, cuando no distinguen <strong>la diferencia entre \u00c1gil y Scrum<\/strong> y lo peor, cuando quieren aplicar la teor\u00eda de Scrum al pie de la letra, pero no toman en cuenta los aspectos m\u00e1s relevantes, como el valor de las personas.<\/p>\n<p>Mantener viejas pr\u00e1cticas, como la burocracia y el no valorar a las personas, aunado a tratar de seguir la teor\u00eda al pie de la letra, es el camino m\u00e1s seguro para <strong>decepcionarte de la \u201cAgilidad\u201d<\/strong>, pues pensar\u00e1s que no sirve ya que no ves cambios ni beneficios. Entonces <strong>\u00bfCu\u00e1l es el primer paso para una Transformaci\u00f3n \u00c1gil?<\/strong><\/p>\n<h3><strong><a href=\"https:\/\/www.proyectum.com\/sistema\/cursos\/agile-essentials-project-success\/\"><img loading=\"lazy\" decoding=\"async\" class=\"aligncenter size-full wp-image-8780\" src=\"https:\/\/www.proyectum.com\/sistema\/wp-content\/uploads\/2020\/06\/Agile-Essential-Blog-Banner.jpg\" alt=\"\" width=\"600\" height=\"187\" srcset=\"https:\/\/proyectum.com\/sistema\/wp-content\/uploads\/2020\/06\/Agile-Essential-Blog-Banner.jpg 600w, https:\/\/proyectum.com\/sistema\/wp-content\/uploads\/2020\/06\/Agile-Essential-Blog-Banner-367x114.jpg 367w\" sizes=\"auto, (max-width: 600px) 100vw, 600px\" \/><\/a><\/strong><\/h3>\n<h3><strong>El primer paso es desarrollar una Mentalidad \u00c1gil<\/strong><\/h3>\n<p><strong>\u00bfQu\u00e9 es una Mentalidad \u00c1gil?<\/strong> Puedes poner est\u00e1 pregunta en el buscador de Google y seguramente encontrar\u00e1s diversas definiciones, esto lejos de ser un problema es parte de la <strong>esencia misma de la Agilidad<\/strong>, que nos habla de ser flexibles y adaptarnos a los cambios. Con una definici\u00f3n formal y bien estructurada corremos el riesgo de apegarnos nuevamente a la teor\u00eda.<\/p>\n<p>A manera de gu\u00eda te comparto la definici\u00f3n de Steve Denning acerca de la Mentalidad \u00c1gil: \u201c<em>Se dice que los practicantes tienen una mentalidad \u00e1gil cuando est\u00e1n preocupados, y a veces obsesionados, por innovar y <strong>ofrecer un valor cada vez mayor para el cliente<\/strong>, trabajar en peque\u00f1os equipos autoorganizados y colaborar en una red interactiva. Se ha demostrado que dichas organizaciones tienen la capacidad de adaptarse r\u00e1pidamente a un mercado que cambia r\u00e1pidamente.\u201d<\/em><\/p>\n<p>Comparto esta definici\u00f3n porque me parece que en la actualidad Denning es de los autores m\u00e1s relevantes en cuanto al tema \u00c1gil se refiere y porque, junto con esta definici\u00f3n, el autor hace un contraste con la <strong>Mentalidad Burocr\u00e1tica<\/strong>, en la cual los l\u00edderes est\u00e1n principalmente preocupados por ganar dinero para la empresa y sus accionistas.<\/p>\n<p>Las <strong>comparativas entre Mentalidad \u00c1gil y Burocr\u00e1tica<\/strong> son muchas, pero para no quedarnos solamente con la visi\u00f3n de Denning, me gustar\u00eda ir un poco m\u00e1s all\u00e1 y que analicemos la definici\u00f3n de \u201cMentalidad\u201d, un conjunto de creencias y costumbres que conforman nuestro modo de pensar y actuar. Con esto, me gustar\u00eda definir que la <strong>Mentalidad \u00c1gil<\/strong> es este conjunto de creencias que nos hacen:<\/p>\n<ul>\n<li>Valorar a las personas<\/li>\n<li>Deleitar a nuestros clientes antes que preocuparnos en ganar dinero para la empresa y los accionistas<\/li>\n<li>Realizar entregas de valor continuas<\/li>\n<li>Seguir desarrollando nuestra mentalidad de crecimiento<\/li>\n<li>Flexibles para adaptarnos y aprovechar el cambio<\/li>\n<li>Permitir experimenta y fallar<\/li>\n<li>Mejorar continuamente<\/li>\n<li>Derribar la burocracia y las estructuras jer\u00e1rquicas<\/li>\n<li>Y un largo etc\u00e9tera que t\u00fa puedes agregar de acuerdo con tu contexto y realidad<\/li>\n<\/ul>\n<h3><strong>Conclusiones<\/strong><\/h3>\n<p><strong>Transitar a la agilidad es la mejor opci\u00f3n para seguir compitiendo en este mundo de negocios cada vez m\u00e1s incierto<\/strong>. Para esta transici\u00f3n tienes el gran reto de <strong>desarrollar una Mentalidad \u00c1gil<\/strong>. Un cambio en tu mentalidad te llevar\u00e1 a ver las cosas de forma diferente y a cambiar tus actitudes.<\/p>\n<p>La recomendaci\u00f3n que te dejo aqu\u00ed es, <strong>no utilices Scrum como el primer paso para este cambio<\/strong>. No porque Scrum sea malo. Los marcos de trabajo, procesos y pr\u00e1cticas pueden variar, pero el verdadero cambio para ser una organizaci\u00f3n o un profesional \u00c1gil est\u00e1 impulsado por la mentalidad.<\/p>\n<p><strong>Si requieres ayuda con el reto de desarrollar tu Mentalidad \u00c1gil<\/strong> te invito a <a href=\"https:\/\/www.proyectum.com\/sistema\/cursos\/agile-essentials-project-success\/\" target=\"_blank\" rel=\"noopener noreferrer\">conocer el programa<\/a> <strong>Agile Essentials for Project Success<\/strong> que tiene por finalidad comprender los fundamentos de los m\u00e9todos \u00e1giles, habilit\u00e1ndote para participar en el proceso de adopci\u00f3n del agilismo, sin perder de vista que lo esencial son los principios y valores y que las metodolog\u00edas especificas son un medio.<\/p>\n<p><a href=\"https:\/\/www.proyectum.com\/sistema\/cursos\/agile-essentials-project-success\/\" target=\"_blank\" rel=\"noopener noreferrer\">Haz clic aqu\u00ed<\/a> para solicitar m\u00e1s informaci\u00f3n y no dudes en mencionar que vas de parte de este art\u00edculo para obtener un beneficio adicional.<\/p>\n<p><strong>Referencias:<\/strong><\/p>\n<p><a href=\"https:\/\/www.forbes.com\/sites\/stevedenning\/2019\/08\/13\/understanding-the-agile-mindset\/#44bb77215c17\" target=\"_blank\" rel=\"noopener noreferrer\">Forbes.com<\/a><\/p>\n<p><a href=\"https:\/\/www.forbes.com\/sites\/stevedenning\/2018\/08\/20\/why-mindset-is-driving-the-age-of-agile\/#66e392555631\" target=\"_blank\" rel=\"noopener noreferrer\">Forbes.com<\/a><\/p>\n","protected":false},"excerpt":{"rendered":"<p>La mentalidad burocr\u00e1tica, que todav\u00eda prevalece en muchas organizaciones, no va de acuerdo con los tiempos de incertidumbre que vivimos. Transitar a la agilidad es la opci\u00f3n m\u00e1s acertada, pero no es un camino sencillo, sobre todo cuando el primer paso que dan muchas organizaciones y profesionales no es el m\u00e1s adecuado. Cada vez son [&hellip;]<\/p>\n","protected":false},"author":46,"featured_media":8781,"comment_status":"closed","ping_status":"closed","sticky":false,"template":"","format":"standard","meta":{"_acf_changed":false,"content-type":"","footnotes":""},"categories":[2144,3392,2153],"tags":[3466,3467,3471,3483,3473,3476,3472,3481,3482,3478,3479,1562,3474,3477,3468,3465,2594,3469,3475,3480,3470],"class_list":["post-8779","post","type-post","status-publish","format-standard","has-post-thumbnail","hentry","category-agil","category-disciplined-agile","category-scrum","tag-cual-es-el-primer-paso-para-una-transformacion-agil","tag-que-es-una-mentalidad-agil","tag-adopcion-de-agilismo","tag-agile-essentials-for-project-success","tag-amplia-experiencia-en-agil","tag-burocracia","tag-como-adoptar-agil","tag-comparativas-entre-mentalidad-agil-y-burocratica","tag-desarrollar-una-mentalidad-agil","tag-el-primer-paso-es-desarrollar-una-mentalidad-agil","tag-esencia-misma-de-la-agilidad","tag-filosofia-agil","tag-implementan-procesos-y-practicas-agiles-como-scrum","tag-la-diferencia-entre-agil-y-scrum","tag-mentalidad-agile","tag-mentalidad-burocratica","tag-metodos-agiles","tag-mindset-agil","tag-profesionales-con-amplia-experiencia-en-agil","tag-steve-denning-acerca-de-la-mentalidad-agil","tag-transitar-a-la-agilidad"],"acf":[],"featured_image_src":{"landsacpe":["https:\/\/proyectum.com\/sistema\/wp-content\/uploads\/2020\/06\/Mentalidad-Agil-1140x445.jpg",1140,445,true],"list":["https:\/\/proyectum.com\/sistema\/wp-content\/uploads\/2020\/06\/Mentalidad-Agil-463x348.jpg",463,348,true],"medium":["https:\/\/proyectum.com\/sistema\/wp-content\/uploads\/2020\/06\/Mentalidad-Agil-300x200.jpg",300,200,true],"full":["https:\/\/proyectum.com\/sistema\/wp-content\/uploads\/2020\/06\/Mentalidad-Agil.jpg",1700,1133,false]},"yoast_head":"<!-- This site is optimized with the Yoast SEO plugin v27.4 - https:\/\/yoast.com\/product\/yoast-seo-wordpress\/ -->\n<title>El gran reto de desarrollar una Mentalidad \u00c1gil - Proyectum<\/title>\n<meta name=\"description\" content=\"La mentalidad burocr\u00e1tica, que todav\u00eda prevalece en muchas organizaciones, no va de acuerdo con los tiempos de incertidumbre que vivimos. Transitar a la\" \/>\n<meta name=\"robots\" content=\"index, follow, max-snippet:-1, max-image-preview:large, max-video-preview:-1\" \/>\n<link rel=\"canonical\" href=\"https:\/\/proyectum.com\/sistema\/blog\/el-gran-reto-de-desarrollar-una-mentalidad-agil\/\" \/>\n<meta property=\"og:locale\" content=\"es_ES\" \/>\n<meta property=\"og:type\" content=\"article\" \/>\n<meta property=\"og:title\" content=\"El gran reto de desarrollar una Mentalidad \u00c1gil - Proyectum\" \/>\n<meta property=\"og:description\" content=\"La mentalidad burocr\u00e1tica, que todav\u00eda prevalece en muchas organizaciones, no va de acuerdo con los tiempos de incertidumbre que vivimos. Transitar a la\" \/>\n<meta property=\"og:url\" content=\"https:\/\/proyectum.com\/sistema\/blog\/el-gran-reto-de-desarrollar-una-mentalidad-agil\/\" \/>\n<meta property=\"og:site_name\" content=\"Proyectum\" \/>\n<meta property=\"article:publisher\" content=\"https:\/\/www.facebook.com\/proyectum\/\" \/>\n<meta property=\"article:published_time\" content=\"2020-06-25T09:24:32+00:00\" \/>\n<meta property=\"article:modified_time\" content=\"2020-06-25T12:33:26+00:00\" \/>\n<meta property=\"og:image\" content=\"https:\/\/proyectum.com\/sistema\/wp-content\/uploads\/2020\/06\/Mentalidad-Agil.jpg\" \/>\n\t<meta property=\"og:image:width\" content=\"1700\" \/>\n\t<meta property=\"og:image:height\" content=\"1133\" \/>\n\t<meta property=\"og:image:type\" content=\"image\/jpeg\" \/>\n<meta name=\"author\" content=\"Omar Garc\u00eda\" \/>\n<meta name=\"twitter:card\" content=\"summary_large_image\" \/>\n<meta name=\"twitter:creator\" content=\"@omarzgarcia\" \/>\n<meta name=\"twitter:label1\" content=\"Escrito por\" \/>\n\t<meta name=\"twitter:data1\" content=\"Omar Garc\u00eda\" \/>\n\t<meta name=\"twitter:label2\" content=\"Tiempo de lectura\" \/>\n\t<meta name=\"twitter:data2\" content=\"4 minutos\" \/>\n<script type=\"application\/ld+json\" class=\"yoast-schema-graph\">{\"@context\":\"https:\\\/\\\/schema.org\",\"@graph\":[{\"@type\":\"Article\",\"@id\":\"https:\\\/\\\/proyectum.com\\\/sistema\\\/blog\\\/el-gran-reto-de-desarrollar-una-mentalidad-agil\\\/#article\",\"isPartOf\":{\"@id\":\"https:\\\/\\\/proyectum.com\\\/sistema\\\/blog\\\/el-gran-reto-de-desarrollar-una-mentalidad-agil\\\/\"},\"author\":{\"name\":\"Omar Garc\u00eda\",\"@id\":\"https:\\\/\\\/proyectum.com\\\/sistema\\\/#\\\/schema\\\/person\\\/2c2f3285c31a3a005b11add8832ae8f7\"},\"headline\":\"El gran reto de desarrollar una Mentalidad \u00c1gil\",\"datePublished\":\"2020-06-25T09:24:32+00:00\",\"dateModified\":\"2020-06-25T12:33:26+00:00\",\"mainEntityOfPage\":{\"@id\":\"https:\\\/\\\/proyectum.com\\\/sistema\\\/blog\\\/el-gran-reto-de-desarrollar-una-mentalidad-agil\\\/\"},\"wordCount\":891,\"publisher\":{\"@id\":\"https:\\\/\\\/proyectum.com\\\/sistema\\\/#organization\"},\"image\":{\"@id\":\"https:\\\/\\\/proyectum.com\\\/sistema\\\/blog\\\/el-gran-reto-de-desarrollar-una-mentalidad-agil\\\/#primaryimage\"},\"thumbnailUrl\":\"https:\\\/\\\/proyectum.com\\\/sistema\\\/wp-content\\\/uploads\\\/2020\\\/06\\\/Mentalidad-Agil.jpg\",\"keywords\":[\"\u00bfCu\u00e1l es el primer paso para una Transformaci\u00f3n \u00c1gil?\",\"\u00bfQu\u00e9 es una Mentalidad \u00c1gil?\",\"adopci\u00f3n de agilismo\",\"Agile Essentials for Project Success\",\"ampl\u00eda experiencia en \u00c1gil\",\"burocracia\",\"como adoptar agil\",\"comparativas entre Mentalidad \u00c1gil y Burocr\u00e1tica\",\"desarrollar una Mentalidad \u00c1gil\",\"El primer paso es desarrollar una Mentalidad \u00c1gil\",\"esencia misma de la Agilidad\",\"filosof\u00eda \u00c1gil\",\"implementan procesos y pr\u00e1cticas agiles como Scrum\",\"la diferencia entre \u00c1gil y Scrum\",\"Mentalidad \u00c1gile\",\"mentalidad burocr\u00e1tica\",\"m\u00e9todos \u00e1giles\",\"mindset \u00e1gil\",\"Profesionales con ampl\u00eda experiencia en \u00c1gil\",\"Steve Denning acerca de la Mentalidad \u00c1gil\",\"Transitar a la agilidad\"],\"articleSection\":[\"\u00c1gil\",\"Disciplined Agile\",\"Scrum\"],\"inLanguage\":\"es\"},{\"@type\":\"WebPage\",\"@id\":\"https:\\\/\\\/proyectum.com\\\/sistema\\\/blog\\\/el-gran-reto-de-desarrollar-una-mentalidad-agil\\\/\",\"url\":\"https:\\\/\\\/proyectum.com\\\/sistema\\\/blog\\\/el-gran-reto-de-desarrollar-una-mentalidad-agil\\\/\",\"name\":\"El gran reto de desarrollar una Mentalidad \u00c1gil - Proyectum\",\"isPartOf\":{\"@id\":\"https:\\\/\\\/proyectum.com\\\/sistema\\\/#website\"},\"primaryImageOfPage\":{\"@id\":\"https:\\\/\\\/proyectum.com\\\/sistema\\\/blog\\\/el-gran-reto-de-desarrollar-una-mentalidad-agil\\\/#primaryimage\"},\"image\":{\"@id\":\"https:\\\/\\\/proyectum.com\\\/sistema\\\/blog\\\/el-gran-reto-de-desarrollar-una-mentalidad-agil\\\/#primaryimage\"},\"thumbnailUrl\":\"https:\\\/\\\/proyectum.com\\\/sistema\\\/wp-content\\\/uploads\\\/2020\\\/06\\\/Mentalidad-Agil.jpg\",\"datePublished\":\"2020-06-25T09:24:32+00:00\",\"dateModified\":\"2020-06-25T12:33:26+00:00\",\"description\":\"La mentalidad burocr\u00e1tica, que todav\u00eda prevalece en muchas organizaciones, no va de acuerdo con los tiempos de incertidumbre que vivimos. Transitar a la\",\"breadcrumb\":{\"@id\":\"https:\\\/\\\/proyectum.com\\\/sistema\\\/blog\\\/el-gran-reto-de-desarrollar-una-mentalidad-agil\\\/#breadcrumb\"},\"inLanguage\":\"es\",\"potentialAction\":[{\"@type\":\"ReadAction\",\"target\":[\"https:\\\/\\\/proyectum.com\\\/sistema\\\/blog\\\/el-gran-reto-de-desarrollar-una-mentalidad-agil\\\/\"]}]},{\"@type\":\"ImageObject\",\"inLanguage\":\"es\",\"@id\":\"https:\\\/\\\/proyectum.com\\\/sistema\\\/blog\\\/el-gran-reto-de-desarrollar-una-mentalidad-agil\\\/#primaryimage\",\"url\":\"https:\\\/\\\/proyectum.com\\\/sistema\\\/wp-content\\\/uploads\\\/2020\\\/06\\\/Mentalidad-Agil.jpg\",\"contentUrl\":\"https:\\\/\\\/proyectum.com\\\/sistema\\\/wp-content\\\/uploads\\\/2020\\\/06\\\/Mentalidad-Agil.jpg\",\"width\":1700,\"height\":1133,\"caption\":\"Mentalidad Agil\"},{\"@type\":\"BreadcrumbList\",\"@id\":\"https:\\\/\\\/proyectum.com\\\/sistema\\\/blog\\\/el-gran-reto-de-desarrollar-una-mentalidad-agil\\\/#breadcrumb\",\"itemListElement\":[{\"@type\":\"ListItem\",\"position\":1,\"name\":\"Home\",\"item\":\"https:\\\/\\\/proyectum.com\\\/sistema\\\/\"},{\"@type\":\"ListItem\",\"position\":2,\"name\":\"El gran reto de desarrollar una Mentalidad \u00c1gil\"}]},{\"@type\":\"WebSite\",\"@id\":\"https:\\\/\\\/proyectum.com\\\/sistema\\\/#website\",\"url\":\"https:\\\/\\\/proyectum.com\\\/sistema\\\/\",\"name\":\"Proyectum\",\"description\":\"Direcci\u00f3n de Proyectos y M\u00e9todos \u00c1giles\",\"publisher\":{\"@id\":\"https:\\\/\\\/proyectum.com\\\/sistema\\\/#organization\"},\"potentialAction\":[{\"@type\":\"SearchAction\",\"target\":{\"@type\":\"EntryPoint\",\"urlTemplate\":\"https:\\\/\\\/proyectum.com\\\/sistema\\\/?s={search_term_string}\"},\"query-input\":{\"@type\":\"PropertyValueSpecification\",\"valueRequired\":true,\"valueName\":\"search_term_string\"}}],\"inLanguage\":\"es\"},{\"@type\":\"Organization\",\"@id\":\"https:\\\/\\\/proyectum.com\\\/sistema\\\/#organization\",\"name\":\"Proyectum\",\"url\":\"https:\\\/\\\/proyectum.com\\\/sistema\\\/\",\"logo\":{\"@type\":\"ImageObject\",\"inLanguage\":\"es\",\"@id\":\"https:\\\/\\\/proyectum.com\\\/sistema\\\/#\\\/schema\\\/logo\\\/image\\\/\",\"url\":\"https:\\\/\\\/www.proyectum.com\\\/sistema\\\/wp-content\\\/uploads\\\/2020\\\/04\\\/proyectum-logo-snippet.png\",\"contentUrl\":\"https:\\\/\\\/www.proyectum.com\\\/sistema\\\/wp-content\\\/uploads\\\/2020\\\/04\\\/proyectum-logo-snippet.png\",\"width\":600,\"height\":315,\"caption\":\"Proyectum\"},\"image\":{\"@id\":\"https:\\\/\\\/proyectum.com\\\/sistema\\\/#\\\/schema\\\/logo\\\/image\\\/\"},\"sameAs\":[\"https:\\\/\\\/www.facebook.com\\\/proyectum\\\/\",\"https:\\\/\\\/www.linkedin.com\\\/company\\\/sistemaproyectum\\\/\",\"https:\\\/\\\/www.youtube.com\\\/channel\\\/UCljouWimyhK_cNcC2jniUgw\"]},{\"@type\":\"Person\",\"@id\":\"https:\\\/\\\/proyectum.com\\\/sistema\\\/#\\\/schema\\\/person\\\/2c2f3285c31a3a005b11add8832ae8f7\",\"name\":\"Omar Garc\u00eda\",\"image\":{\"@type\":\"ImageObject\",\"inLanguage\":\"es\",\"@id\":\"https:\\\/\\\/secure.gravatar.com\\\/avatar\\\/6287ae96abd3e19dcc272b2c1ff8c5c0a0fcf3149e67894ce1b778f4232770a9?s=96&d=mm&r=g\",\"url\":\"https:\\\/\\\/secure.gravatar.com\\\/avatar\\\/6287ae96abd3e19dcc272b2c1ff8c5c0a0fcf3149e67894ce1b778f4232770a9?s=96&d=mm&r=g\",\"contentUrl\":\"https:\\\/\\\/secure.gravatar.com\\\/avatar\\\/6287ae96abd3e19dcc272b2c1ff8c5c0a0fcf3149e67894ce1b778f4232770a9?s=96&d=mm&r=g\",\"caption\":\"Omar Garc\u00eda\"},\"description\":\"Creador de contenidos en Proyectum. Para seguir la conversaci\u00f3n puedes escribirme en: @omarzgarcia\",\"sameAs\":[\"https:\\\/\\\/x.com\\\/@omarzgarcia\"],\"url\":\"https:\\\/\\\/proyectum.com\\\/sistema\\\/author\\\/omarzgarcia\\\/\"}]}<\/script>\n<!-- \/ Yoast SEO plugin. -->","yoast_head_json":{"title":"El gran reto de desarrollar una Mentalidad \u00c1gil - Proyectum","description":"La mentalidad burocr\u00e1tica, que todav\u00eda prevalece en muchas organizaciones, no va de acuerdo con los tiempos de incertidumbre que vivimos. Transitar a la","robots":{"index":"index","follow":"follow","max-snippet":"max-snippet:-1","max-image-preview":"max-image-preview:large","max-video-preview":"max-video-preview:-1"},"canonical":"https:\/\/proyectum.com\/sistema\/blog\/el-gran-reto-de-desarrollar-una-mentalidad-agil\/","og_locale":"es_ES","og_type":"article","og_title":"El gran reto de desarrollar una Mentalidad \u00c1gil - Proyectum","og_description":"La mentalidad burocr\u00e1tica, que todav\u00eda prevalece en muchas organizaciones, no va de acuerdo con los tiempos de incertidumbre que vivimos. Transitar a la","og_url":"https:\/\/proyectum.com\/sistema\/blog\/el-gran-reto-de-desarrollar-una-mentalidad-agil\/","og_site_name":"Proyectum","article_publisher":"https:\/\/www.facebook.com\/proyectum\/","article_published_time":"2020-06-25T09:24:32+00:00","article_modified_time":"2020-06-25T12:33:26+00:00","og_image":[{"width":1700,"height":1133,"url":"https:\/\/proyectum.com\/sistema\/wp-content\/uploads\/2020\/06\/Mentalidad-Agil.jpg","type":"image\/jpeg"}],"author":"Omar Garc\u00eda","twitter_card":"summary_large_image","twitter_creator":"@omarzgarcia","twitter_misc":{"Escrito por":"Omar Garc\u00eda","Tiempo de lectura":"4 minutos"},"schema":{"@context":"https:\/\/schema.org","@graph":[{"@type":"Article","@id":"https:\/\/proyectum.com\/sistema\/blog\/el-gran-reto-de-desarrollar-una-mentalidad-agil\/#article","isPartOf":{"@id":"https:\/\/proyectum.com\/sistema\/blog\/el-gran-reto-de-desarrollar-una-mentalidad-agil\/"},"author":{"name":"Omar Garc\u00eda","@id":"https:\/\/proyectum.com\/sistema\/#\/schema\/person\/2c2f3285c31a3a005b11add8832ae8f7"},"headline":"El gran reto de desarrollar una Mentalidad \u00c1gil","datePublished":"2020-06-25T09:24:32+00:00","dateModified":"2020-06-25T12:33:26+00:00","mainEntityOfPage":{"@id":"https:\/\/proyectum.com\/sistema\/blog\/el-gran-reto-de-desarrollar-una-mentalidad-agil\/"},"wordCount":891,"publisher":{"@id":"https:\/\/proyectum.com\/sistema\/#organization"},"image":{"@id":"https:\/\/proyectum.com\/sistema\/blog\/el-gran-reto-de-desarrollar-una-mentalidad-agil\/#primaryimage"},"thumbnailUrl":"https:\/\/proyectum.com\/sistema\/wp-content\/uploads\/2020\/06\/Mentalidad-Agil.jpg","keywords":["\u00bfCu\u00e1l es el primer paso para una Transformaci\u00f3n \u00c1gil?","\u00bfQu\u00e9 es una Mentalidad \u00c1gil?","adopci\u00f3n de agilismo","Agile Essentials for Project Success","ampl\u00eda experiencia en \u00c1gil","burocracia","como adoptar agil","comparativas entre Mentalidad \u00c1gil y Burocr\u00e1tica","desarrollar una Mentalidad \u00c1gil","El primer paso es desarrollar una Mentalidad \u00c1gil","esencia misma de la Agilidad","filosof\u00eda \u00c1gil","implementan procesos y pr\u00e1cticas agiles como Scrum","la diferencia entre \u00c1gil y Scrum","Mentalidad \u00c1gile","mentalidad burocr\u00e1tica","m\u00e9todos \u00e1giles","mindset \u00e1gil","Profesionales con ampl\u00eda experiencia en \u00c1gil","Steve Denning acerca de la Mentalidad \u00c1gil","Transitar a la agilidad"],"articleSection":["\u00c1gil","Disciplined Agile","Scrum"],"inLanguage":"es"},{"@type":"WebPage","@id":"https:\/\/proyectum.com\/sistema\/blog\/el-gran-reto-de-desarrollar-una-mentalidad-agil\/","url":"https:\/\/proyectum.com\/sistema\/blog\/el-gran-reto-de-desarrollar-una-mentalidad-agil\/","name":"El gran reto de desarrollar una Mentalidad \u00c1gil - Proyectum","isPartOf":{"@id":"https:\/\/proyectum.com\/sistema\/#website"},"primaryImageOfPage":{"@id":"https:\/\/proyectum.com\/sistema\/blog\/el-gran-reto-de-desarrollar-una-mentalidad-agil\/#primaryimage"},"image":{"@id":"https:\/\/proyectum.com\/sistema\/blog\/el-gran-reto-de-desarrollar-una-mentalidad-agil\/#primaryimage"},"thumbnailUrl":"https:\/\/proyectum.com\/sistema\/wp-content\/uploads\/2020\/06\/Mentalidad-Agil.jpg","datePublished":"2020-06-25T09:24:32+00:00","dateModified":"2020-06-25T12:33:26+00:00","description":"La mentalidad burocr\u00e1tica, que todav\u00eda prevalece en muchas organizaciones, no va de acuerdo con los tiempos de incertidumbre que vivimos. Transitar a la","breadcrumb":{"@id":"https:\/\/proyectum.com\/sistema\/blog\/el-gran-reto-de-desarrollar-una-mentalidad-agil\/#breadcrumb"},"inLanguage":"es","potentialAction":[{"@type":"ReadAction","target":["https:\/\/proyectum.com\/sistema\/blog\/el-gran-reto-de-desarrollar-una-mentalidad-agil\/"]}]},{"@type":"ImageObject","inLanguage":"es","@id":"https:\/\/proyectum.com\/sistema\/blog\/el-gran-reto-de-desarrollar-una-mentalidad-agil\/#primaryimage","url":"https:\/\/proyectum.com\/sistema\/wp-content\/uploads\/2020\/06\/Mentalidad-Agil.jpg","contentUrl":"https:\/\/proyectum.com\/sistema\/wp-content\/uploads\/2020\/06\/Mentalidad-Agil.jpg","width":1700,"height":1133,"caption":"Mentalidad Agil"},{"@type":"BreadcrumbList","@id":"https:\/\/proyectum.com\/sistema\/blog\/el-gran-reto-de-desarrollar-una-mentalidad-agil\/#breadcrumb","itemListElement":[{"@type":"ListItem","position":1,"name":"Home","item":"https:\/\/proyectum.com\/sistema\/"},{"@type":"ListItem","position":2,"name":"El gran reto de desarrollar una Mentalidad \u00c1gil"}]},{"@type":"WebSite","@id":"https:\/\/proyectum.com\/sistema\/#website","url":"https:\/\/proyectum.com\/sistema\/","name":"Proyectum","description":"Direcci\u00f3n de Proyectos y M\u00e9todos \u00c1giles","publisher":{"@id":"https:\/\/proyectum.com\/sistema\/#organization"},"potentialAction":[{"@type":"SearchAction","target":{"@type":"EntryPoint","urlTemplate":"https:\/\/proyectum.com\/sistema\/?s={search_term_string}"},"query-input":{"@type":"PropertyValueSpecification","valueRequired":true,"valueName":"search_term_string"}}],"inLanguage":"es"},{"@type":"Organization","@id":"https:\/\/proyectum.com\/sistema\/#organization","name":"Proyectum","url":"https:\/\/proyectum.com\/sistema\/","logo":{"@type":"ImageObject","inLanguage":"es","@id":"https:\/\/proyectum.com\/sistema\/#\/schema\/logo\/image\/","url":"https:\/\/www.proyectum.com\/sistema\/wp-content\/uploads\/2020\/04\/proyectum-logo-snippet.png","contentUrl":"https:\/\/www.proyectum.com\/sistema\/wp-content\/uploads\/2020\/04\/proyectum-logo-snippet.png","width":600,"height":315,"caption":"Proyectum"},"image":{"@id":"https:\/\/proyectum.com\/sistema\/#\/schema\/logo\/image\/"},"sameAs":["https:\/\/www.facebook.com\/proyectum\/","https:\/\/www.linkedin.com\/company\/sistemaproyectum\/","https:\/\/www.youtube.com\/channel\/UCljouWimyhK_cNcC2jniUgw"]},{"@type":"Person","@id":"https:\/\/proyectum.com\/sistema\/#\/schema\/person\/2c2f3285c31a3a005b11add8832ae8f7","name":"Omar Garc\u00eda","image":{"@type":"ImageObject","inLanguage":"es","@id":"https:\/\/secure.gravatar.com\/avatar\/6287ae96abd3e19dcc272b2c1ff8c5c0a0fcf3149e67894ce1b778f4232770a9?s=96&d=mm&r=g","url":"https:\/\/secure.gravatar.com\/avatar\/6287ae96abd3e19dcc272b2c1ff8c5c0a0fcf3149e67894ce1b778f4232770a9?s=96&d=mm&r=g","contentUrl":"https:\/\/secure.gravatar.com\/avatar\/6287ae96abd3e19dcc272b2c1ff8c5c0a0fcf3149e67894ce1b778f4232770a9?s=96&d=mm&r=g","caption":"Omar Garc\u00eda"},"description":"Creador de contenidos en Proyectum. Para seguir la conversaci\u00f3n puedes escribirme en: @omarzgarcia","sameAs":["https:\/\/x.com\/@omarzgarcia"],"url":"https:\/\/proyectum.com\/sistema\/author\/omarzgarcia\/"}]}},"_links":{"self":[{"href":"https:\/\/proyectum.com\/sistema\/wp-json\/wp\/v2\/posts\/8779","targetHints":{"allow":["GET"]}}],"collection":[{"href":"https:\/\/proyectum.com\/sistema\/wp-json\/wp\/v2\/posts"}],"about":[{"href":"https:\/\/proyectum.com\/sistema\/wp-json\/wp\/v2\/types\/post"}],"author":[{"embeddable":true,"href":"https:\/\/proyectum.com\/sistema\/wp-json\/wp\/v2\/users\/46"}],"replies":[{"embeddable":true,"href":"https:\/\/proyectum.com\/sistema\/wp-json\/wp\/v2\/comments?post=8779"}],"version-history":[{"count":0,"href":"https:\/\/proyectum.com\/sistema\/wp-json\/wp\/v2\/posts\/8779\/revisions"}],"wp:featuredmedia":[{"embeddable":true,"href":"https:\/\/proyectum.com\/sistema\/wp-json\/wp\/v2\/media\/8781"}],"wp:attachment":[{"href":"https:\/\/proyectum.com\/sistema\/wp-json\/wp\/v2\/media?parent=8779"}],"wp:term":[{"taxonomy":"category","embeddable":true,"href":"https:\/\/proyectum.com\/sistema\/wp-json\/wp\/v2\/categories?post=8779"},{"taxonomy":"post_tag","embeddable":true,"href":"https:\/\/proyectum.com\/sistema\/wp-json\/wp\/v2\/tags?post=8779"}],"curies":[{"name":"wp","href":"https:\/\/api.w.org\/{rel}","templated":true}]}}