{"id":9099,"date":"2020-12-01T01:08:43","date_gmt":"2020-12-01T04:08:43","guid":{"rendered":"https:\/\/www.proyectum.com\/sistema\/?p=9099"},"modified":"2020-12-01T12:56:54","modified_gmt":"2020-12-01T15:56:54","slug":"reflexion-semanales-sobre-transformacion-y-cambio","status":"publish","type":"post","link":"https:\/\/proyectum.com\/sistema\/blog\/reflexion-semanales-sobre-transformacion-y-cambio\/","title":{"rendered":"Reflexi\u00f3n semanales sobre transformaci\u00f3n y cambio"},"content":{"rendered":"<p>Acerca de esta categor\u00eda\u2026<\/p>\n<p><strong>Durante m\u00e1s de 15 a\u00f1os hemos generado contenido continuo en materia de negocios<\/strong> y lo hemos compartido con ustedes amables lectores.<\/p>\n<p>En la b\u00fasqueda de continuar generando valor para ustedes, hemos logrado un acuerdo con el <strong>Dr. Leandro Herrero<\/strong>, para traducir su columna de reflexiones y compartir sus contenidos en una columna semanal.<\/p>\n<p>El Dr. Herrero es un experto mundialmente reconocido en el dise\u00f1o de <strong>arquitecturas organizacionales, \u00a0manejo de transformaciones y cambio \u00a0organizacional.<\/strong> Es es autor de varios libros entre los que destacan: <a href=\"https:\/\/amzn.to\/2IxowsQ\">Homo imitants<\/a> y <a href=\"https:\/\/amzn.to\/2IwyjiP\">Viral Change<\/a>, ambos han sido una inagotable fuente de inspiraci\u00f3n en muchas de nuestras actividades de consultor\u00eda.<\/p>\n<p>Desde aqu\u00ed agradecemos la gentileza al <strong>Dr. Leandro Herrero<\/strong> y estamos seguros que esta columna invitada la disfrutar\u00e1s tanto como nosotros preparando el contenido que compartimos contigo.<\/p>\n<p style=\"text-align: right;\"><strong>Ciudad de M\u00e9xico, Noviembre 17 de 2020<\/strong><\/p>\n<p>&nbsp;<\/p>\n","protected":false},"excerpt":{"rendered":"<p>Acerca de esta categor\u00eda\u2026 Durante m\u00e1s de 15 a\u00f1os hemos generado contenido continuo en materia de negocios y lo hemos compartido con ustedes amables lectores. En la b\u00fasqueda de continuar generando valor para ustedes, hemos logrado un acuerdo con el Dr. Leandro Herrero, para traducir su columna de reflexiones y compartir sus contenidos en una [&hellip;]<\/p>\n","protected":false},"author":18,"featured_media":9100,"comment_status":"closed","ping_status":"closed","sticky":false,"template":"","format":"standard","meta":{"_acf_changed":false,"content-type":"","footnotes":""},"categories":[3859],"tags":[3860],"class_list":["post-9099","post","type-post","status-publish","format-standard","has-post-thumbnail","hentry","category-transformacion-y-cambio","tag-dr-leandro-herrero"],"acf":[],"featured_image_src":{"landsacpe":["https:\/\/proyectum.com\/sistema\/wp-content\/uploads\/2020\/12\/Columna-Semanal-1140x445.jpg",1140,445,true],"list":["https:\/\/proyectum.com\/sistema\/wp-content\/uploads\/2020\/12\/Columna-Semanal-463x348.jpg",463,348,true],"medium":["https:\/\/proyectum.com\/sistema\/wp-content\/uploads\/2020\/12\/Columna-Semanal-300x200.jpg",300,200,true],"full":["https:\/\/proyectum.com\/sistema\/wp-content\/uploads\/2020\/12\/Columna-Semanal.jpg",1700,1133,false]},"yoast_head":"<!-- This site is optimized with the Yoast SEO plugin v27.4 - https:\/\/yoast.com\/product\/yoast-seo-wordpress\/ -->\n<title>Reflexi\u00f3n semanales sobre transformaci\u00f3n y cambio - Proyectum<\/title>\n<meta name=\"description\" content=\"Acerca de esta categor\u00eda\u2026 Durante m\u00e1s de 15 a\u00f1os hemos generado contenido continuo en materia de negocios y lo hemos compartido con ustedes amables\" \/>\n<meta name=\"robots\" content=\"index, follow, max-snippet:-1, max-image-preview:large, max-video-preview:-1\" \/>\n<link rel=\"canonical\" href=\"https:\/\/proyectum.com\/sistema\/blog\/reflexion-semanales-sobre-transformacion-y-cambio\/\" \/>\n<meta property=\"og:locale\" content=\"es_ES\" \/>\n<meta property=\"og:type\" content=\"article\" \/>\n<meta property=\"og:title\" content=\"Reflexi\u00f3n semanales sobre transformaci\u00f3n y cambio - Proyectum\" \/>\n<meta property=\"og:description\" content=\"Acerca de esta categor\u00eda\u2026 Durante m\u00e1s de 15 a\u00f1os hemos generado contenido continuo en materia de negocios y lo hemos compartido con ustedes amables\" \/>\n<meta property=\"og:url\" content=\"https:\/\/proyectum.com\/sistema\/blog\/reflexion-semanales-sobre-transformacion-y-cambio\/\" \/>\n<meta property=\"og:site_name\" content=\"Proyectum\" \/>\n<meta property=\"article:publisher\" content=\"https:\/\/www.facebook.com\/proyectum\/\" \/>\n<meta property=\"article:published_time\" content=\"2020-12-01T04:08:43+00:00\" \/>\n<meta property=\"article:modified_time\" content=\"2020-12-01T15:56:54+00:00\" \/>\n<meta property=\"og:image\" content=\"https:\/\/proyectum.com\/sistema\/wp-content\/uploads\/2020\/12\/Columna-Semanal.jpg\" \/>\n\t<meta property=\"og:image:width\" content=\"1700\" \/>\n\t<meta property=\"og:image:height\" content=\"1133\" \/>\n\t<meta property=\"og:image:type\" content=\"image\/jpeg\" \/>\n<meta name=\"author\" content=\"Jorge Vald\u00e9s Garciatorres\" \/>\n<meta name=\"twitter:card\" content=\"summary_large_image\" \/>\n<meta name=\"twitter:label1\" content=\"Escrito por\" \/>\n\t<meta name=\"twitter:data1\" content=\"Jorge Vald\u00e9s Garciatorres\" \/>\n\t<meta name=\"twitter:label2\" content=\"Tiempo de lectura\" \/>\n\t<meta name=\"twitter:data2\" content=\"1 minuto\" \/>\n<script type=\"application\/ld+json\" class=\"yoast-schema-graph\">{\"@context\":\"https:\\\/\\\/schema.org\",\"@graph\":[{\"@type\":\"Article\",\"@id\":\"https:\\\/\\\/proyectum.com\\\/sistema\\\/blog\\\/reflexion-semanales-sobre-transformacion-y-cambio\\\/#article\",\"isPartOf\":{\"@id\":\"https:\\\/\\\/proyectum.com\\\/sistema\\\/blog\\\/reflexion-semanales-sobre-transformacion-y-cambio\\\/\"},\"author\":{\"name\":\"Jorge Vald\u00e9s Garciatorres\",\"@id\":\"https:\\\/\\\/proyectum.com\\\/sistema\\\/#\\\/schema\\\/person\\\/d31dc858cdc64bb094f97de74c958a16\"},\"headline\":\"Reflexi\u00f3n semanales sobre transformaci\u00f3n y cambio\",\"datePublished\":\"2020-12-01T04:08:43+00:00\",\"dateModified\":\"2020-12-01T15:56:54+00:00\",\"mainEntityOfPage\":{\"@id\":\"https:\\\/\\\/proyectum.com\\\/sistema\\\/blog\\\/reflexion-semanales-sobre-transformacion-y-cambio\\\/\"},\"wordCount\":156,\"publisher\":{\"@id\":\"https:\\\/\\\/proyectum.com\\\/sistema\\\/#organization\"},\"image\":{\"@id\":\"https:\\\/\\\/proyectum.com\\\/sistema\\\/blog\\\/reflexion-semanales-sobre-transformacion-y-cambio\\\/#primaryimage\"},\"thumbnailUrl\":\"https:\\\/\\\/proyectum.com\\\/sistema\\\/wp-content\\\/uploads\\\/2020\\\/12\\\/Columna-Semanal.jpg\",\"keywords\":[\"Dr. Leandro Herrero\"],\"articleSection\":[\"Transformaci\u00f3n y cambio\"],\"inLanguage\":\"es\"},{\"@type\":\"WebPage\",\"@id\":\"https:\\\/\\\/proyectum.com\\\/sistema\\\/blog\\\/reflexion-semanales-sobre-transformacion-y-cambio\\\/\",\"url\":\"https:\\\/\\\/proyectum.com\\\/sistema\\\/blog\\\/reflexion-semanales-sobre-transformacion-y-cambio\\\/\",\"name\":\"Reflexi\u00f3n semanales sobre transformaci\u00f3n y cambio - Proyectum\",\"isPartOf\":{\"@id\":\"https:\\\/\\\/proyectum.com\\\/sistema\\\/#website\"},\"primaryImageOfPage\":{\"@id\":\"https:\\\/\\\/proyectum.com\\\/sistema\\\/blog\\\/reflexion-semanales-sobre-transformacion-y-cambio\\\/#primaryimage\"},\"image\":{\"@id\":\"https:\\\/\\\/proyectum.com\\\/sistema\\\/blog\\\/reflexion-semanales-sobre-transformacion-y-cambio\\\/#primaryimage\"},\"thumbnailUrl\":\"https:\\\/\\\/proyectum.com\\\/sistema\\\/wp-content\\\/uploads\\\/2020\\\/12\\\/Columna-Semanal.jpg\",\"datePublished\":\"2020-12-01T04:08:43+00:00\",\"dateModified\":\"2020-12-01T15:56:54+00:00\",\"description\":\"Acerca de esta categor\u00eda\u2026 Durante m\u00e1s de 15 a\u00f1os hemos generado contenido continuo en materia de negocios y lo hemos compartido con ustedes amables\",\"breadcrumb\":{\"@id\":\"https:\\\/\\\/proyectum.com\\\/sistema\\\/blog\\\/reflexion-semanales-sobre-transformacion-y-cambio\\\/#breadcrumb\"},\"inLanguage\":\"es\",\"potentialAction\":[{\"@type\":\"ReadAction\",\"target\":[\"https:\\\/\\\/proyectum.com\\\/sistema\\\/blog\\\/reflexion-semanales-sobre-transformacion-y-cambio\\\/\"]}]},{\"@type\":\"ImageObject\",\"inLanguage\":\"es\",\"@id\":\"https:\\\/\\\/proyectum.com\\\/sistema\\\/blog\\\/reflexion-semanales-sobre-transformacion-y-cambio\\\/#primaryimage\",\"url\":\"https:\\\/\\\/proyectum.com\\\/sistema\\\/wp-content\\\/uploads\\\/2020\\\/12\\\/Columna-Semanal.jpg\",\"contentUrl\":\"https:\\\/\\\/proyectum.com\\\/sistema\\\/wp-content\\\/uploads\\\/2020\\\/12\\\/Columna-Semanal.jpg\",\"width\":1700,\"height\":1133},{\"@type\":\"BreadcrumbList\",\"@id\":\"https:\\\/\\\/proyectum.com\\\/sistema\\\/blog\\\/reflexion-semanales-sobre-transformacion-y-cambio\\\/#breadcrumb\",\"itemListElement\":[{\"@type\":\"ListItem\",\"position\":1,\"name\":\"Home\",\"item\":\"https:\\\/\\\/proyectum.com\\\/sistema\\\/\"},{\"@type\":\"ListItem\",\"position\":2,\"name\":\"Reflexi\u00f3n semanales sobre transformaci\u00f3n y cambio\"}]},{\"@type\":\"WebSite\",\"@id\":\"https:\\\/\\\/proyectum.com\\\/sistema\\\/#website\",\"url\":\"https:\\\/\\\/proyectum.com\\\/sistema\\\/\",\"name\":\"Proyectum\",\"description\":\"Direcci\u00f3n de Proyectos y M\u00e9todos \u00c1giles\",\"publisher\":{\"@id\":\"https:\\\/\\\/proyectum.com\\\/sistema\\\/#organization\"},\"potentialAction\":[{\"@type\":\"SearchAction\",\"target\":{\"@type\":\"EntryPoint\",\"urlTemplate\":\"https:\\\/\\\/proyectum.com\\\/sistema\\\/?s={search_term_string}\"},\"query-input\":{\"@type\":\"PropertyValueSpecification\",\"valueRequired\":true,\"valueName\":\"search_term_string\"}}],\"inLanguage\":\"es\"},{\"@type\":\"Organization\",\"@id\":\"https:\\\/\\\/proyectum.com\\\/sistema\\\/#organization\",\"name\":\"Proyectum\",\"url\":\"https:\\\/\\\/proyectum.com\\\/sistema\\\/\",\"logo\":{\"@type\":\"ImageObject\",\"inLanguage\":\"es\",\"@id\":\"https:\\\/\\\/proyectum.com\\\/sistema\\\/#\\\/schema\\\/logo\\\/image\\\/\",\"url\":\"https:\\\/\\\/www.proyectum.com\\\/sistema\\\/wp-content\\\/uploads\\\/2020\\\/04\\\/proyectum-logo-snippet.png\",\"contentUrl\":\"https:\\\/\\\/www.proyectum.com\\\/sistema\\\/wp-content\\\/uploads\\\/2020\\\/04\\\/proyectum-logo-snippet.png\",\"width\":600,\"height\":315,\"caption\":\"Proyectum\"},\"image\":{\"@id\":\"https:\\\/\\\/proyectum.com\\\/sistema\\\/#\\\/schema\\\/logo\\\/image\\\/\"},\"sameAs\":[\"https:\\\/\\\/www.facebook.com\\\/proyectum\\\/\",\"https:\\\/\\\/www.linkedin.com\\\/company\\\/sistemaproyectum\\\/\",\"https:\\\/\\\/www.youtube.com\\\/channel\\\/UCljouWimyhK_cNcC2jniUgw\"]},{\"@type\":\"Person\",\"@id\":\"https:\\\/\\\/proyectum.com\\\/sistema\\\/#\\\/schema\\\/person\\\/d31dc858cdc64bb094f97de74c958a16\",\"name\":\"Jorge Vald\u00e9s Garciatorres\",\"image\":{\"@type\":\"ImageObject\",\"inLanguage\":\"es\",\"@id\":\"https:\\\/\\\/secure.gravatar.com\\\/avatar\\\/d8c545fb11684f0c20963dba484f2d994a1b6fad92d26f108a8188f16c288d78?s=96&d=mm&r=g\",\"url\":\"https:\\\/\\\/secure.gravatar.com\\\/avatar\\\/d8c545fb11684f0c20963dba484f2d994a1b6fad92d26f108a8188f16c288d78?s=96&d=mm&r=g\",\"contentUrl\":\"https:\\\/\\\/secure.gravatar.com\\\/avatar\\\/d8c545fb11684f0c20963dba484f2d994a1b6fad92d26f108a8188f16c288d78?s=96&d=mm&r=g\",\"caption\":\"Jorge Vald\u00e9s Garciatorres\"},\"description\":\"Jorge es autor del libro \\\"El Camino hacia la PMO \u00c1gil\\\". Es Coautor de un modelo sist\u00e9mico para la evaluaci\u00f3n y mejora del Ecosistema Organizacional de Direcci\u00f3n de de Proyectos. Ha sido consultor, instructor y facilitador desde 2005 en temas relacionados con Estrategia, Direcci\u00f3n de Proyectos y Optimizaci\u00f3n de Procesos de Negocio. Igualmente es contador de historias y frecuentemente participa en diversos foros, compartiendo sus reflexiones. Jorge es miembro de importantes organizaciones como el PMI y el NTL Institute. Adem\u00e1s, cuenta con varias certificaciones como la de PMP, Systems Thinking, Agile Leadership, entre muchas otras.\",\"sameAs\":[\"https:\\\/\\\/www.linkedin.com\\\/in\\\/jorgevaldex\\\/\"],\"url\":\"https:\\\/\\\/proyectum.com\\\/sistema\\\/author\\\/jvaldex\\\/\"}]}<\/script>\n<!-- \/ Yoast SEO plugin. -->","yoast_head_json":{"title":"Reflexi\u00f3n semanales sobre transformaci\u00f3n y cambio - Proyectum","description":"Acerca de esta categor\u00eda\u2026 Durante m\u00e1s de 15 a\u00f1os hemos generado contenido continuo en materia de negocios y lo hemos compartido con ustedes amables","robots":{"index":"index","follow":"follow","max-snippet":"max-snippet:-1","max-image-preview":"max-image-preview:large","max-video-preview":"max-video-preview:-1"},"canonical":"https:\/\/proyectum.com\/sistema\/blog\/reflexion-semanales-sobre-transformacion-y-cambio\/","og_locale":"es_ES","og_type":"article","og_title":"Reflexi\u00f3n semanales sobre transformaci\u00f3n y cambio - Proyectum","og_description":"Acerca de esta categor\u00eda\u2026 Durante m\u00e1s de 15 a\u00f1os hemos generado contenido continuo en materia de negocios y lo hemos compartido con ustedes amables","og_url":"https:\/\/proyectum.com\/sistema\/blog\/reflexion-semanales-sobre-transformacion-y-cambio\/","og_site_name":"Proyectum","article_publisher":"https:\/\/www.facebook.com\/proyectum\/","article_published_time":"2020-12-01T04:08:43+00:00","article_modified_time":"2020-12-01T15:56:54+00:00","og_image":[{"width":1700,"height":1133,"url":"https:\/\/proyectum.com\/sistema\/wp-content\/uploads\/2020\/12\/Columna-Semanal.jpg","type":"image\/jpeg"}],"author":"Jorge Vald\u00e9s Garciatorres","twitter_card":"summary_large_image","twitter_misc":{"Escrito por":"Jorge Vald\u00e9s Garciatorres","Tiempo de lectura":"1 minuto"},"schema":{"@context":"https:\/\/schema.org","@graph":[{"@type":"Article","@id":"https:\/\/proyectum.com\/sistema\/blog\/reflexion-semanales-sobre-transformacion-y-cambio\/#article","isPartOf":{"@id":"https:\/\/proyectum.com\/sistema\/blog\/reflexion-semanales-sobre-transformacion-y-cambio\/"},"author":{"name":"Jorge Vald\u00e9s Garciatorres","@id":"https:\/\/proyectum.com\/sistema\/#\/schema\/person\/d31dc858cdc64bb094f97de74c958a16"},"headline":"Reflexi\u00f3n semanales sobre transformaci\u00f3n y cambio","datePublished":"2020-12-01T04:08:43+00:00","dateModified":"2020-12-01T15:56:54+00:00","mainEntityOfPage":{"@id":"https:\/\/proyectum.com\/sistema\/blog\/reflexion-semanales-sobre-transformacion-y-cambio\/"},"wordCount":156,"publisher":{"@id":"https:\/\/proyectum.com\/sistema\/#organization"},"image":{"@id":"https:\/\/proyectum.com\/sistema\/blog\/reflexion-semanales-sobre-transformacion-y-cambio\/#primaryimage"},"thumbnailUrl":"https:\/\/proyectum.com\/sistema\/wp-content\/uploads\/2020\/12\/Columna-Semanal.jpg","keywords":["Dr. Leandro Herrero"],"articleSection":["Transformaci\u00f3n y cambio"],"inLanguage":"es"},{"@type":"WebPage","@id":"https:\/\/proyectum.com\/sistema\/blog\/reflexion-semanales-sobre-transformacion-y-cambio\/","url":"https:\/\/proyectum.com\/sistema\/blog\/reflexion-semanales-sobre-transformacion-y-cambio\/","name":"Reflexi\u00f3n semanales sobre transformaci\u00f3n y cambio - Proyectum","isPartOf":{"@id":"https:\/\/proyectum.com\/sistema\/#website"},"primaryImageOfPage":{"@id":"https:\/\/proyectum.com\/sistema\/blog\/reflexion-semanales-sobre-transformacion-y-cambio\/#primaryimage"},"image":{"@id":"https:\/\/proyectum.com\/sistema\/blog\/reflexion-semanales-sobre-transformacion-y-cambio\/#primaryimage"},"thumbnailUrl":"https:\/\/proyectum.com\/sistema\/wp-content\/uploads\/2020\/12\/Columna-Semanal.jpg","datePublished":"2020-12-01T04:08:43+00:00","dateModified":"2020-12-01T15:56:54+00:00","description":"Acerca de esta categor\u00eda\u2026 Durante m\u00e1s de 15 a\u00f1os hemos generado contenido continuo en materia de negocios y lo hemos compartido con ustedes amables","breadcrumb":{"@id":"https:\/\/proyectum.com\/sistema\/blog\/reflexion-semanales-sobre-transformacion-y-cambio\/#breadcrumb"},"inLanguage":"es","potentialAction":[{"@type":"ReadAction","target":["https:\/\/proyectum.com\/sistema\/blog\/reflexion-semanales-sobre-transformacion-y-cambio\/"]}]},{"@type":"ImageObject","inLanguage":"es","@id":"https:\/\/proyectum.com\/sistema\/blog\/reflexion-semanales-sobre-transformacion-y-cambio\/#primaryimage","url":"https:\/\/proyectum.com\/sistema\/wp-content\/uploads\/2020\/12\/Columna-Semanal.jpg","contentUrl":"https:\/\/proyectum.com\/sistema\/wp-content\/uploads\/2020\/12\/Columna-Semanal.jpg","width":1700,"height":1133},{"@type":"BreadcrumbList","@id":"https:\/\/proyectum.com\/sistema\/blog\/reflexion-semanales-sobre-transformacion-y-cambio\/#breadcrumb","itemListElement":[{"@type":"ListItem","position":1,"name":"Home","item":"https:\/\/proyectum.com\/sistema\/"},{"@type":"ListItem","position":2,"name":"Reflexi\u00f3n semanales sobre transformaci\u00f3n y cambio"}]},{"@type":"WebSite","@id":"https:\/\/proyectum.com\/sistema\/#website","url":"https:\/\/proyectum.com\/sistema\/","name":"Proyectum","description":"Direcci\u00f3n de Proyectos y M\u00e9todos \u00c1giles","publisher":{"@id":"https:\/\/proyectum.com\/sistema\/#organization"},"potentialAction":[{"@type":"SearchAction","target":{"@type":"EntryPoint","urlTemplate":"https:\/\/proyectum.com\/sistema\/?s={search_term_string}"},"query-input":{"@type":"PropertyValueSpecification","valueRequired":true,"valueName":"search_term_string"}}],"inLanguage":"es"},{"@type":"Organization","@id":"https:\/\/proyectum.com\/sistema\/#organization","name":"Proyectum","url":"https:\/\/proyectum.com\/sistema\/","logo":{"@type":"ImageObject","inLanguage":"es","@id":"https:\/\/proyectum.com\/sistema\/#\/schema\/logo\/image\/","url":"https:\/\/www.proyectum.com\/sistema\/wp-content\/uploads\/2020\/04\/proyectum-logo-snippet.png","contentUrl":"https:\/\/www.proyectum.com\/sistema\/wp-content\/uploads\/2020\/04\/proyectum-logo-snippet.png","width":600,"height":315,"caption":"Proyectum"},"image":{"@id":"https:\/\/proyectum.com\/sistema\/#\/schema\/logo\/image\/"},"sameAs":["https:\/\/www.facebook.com\/proyectum\/","https:\/\/www.linkedin.com\/company\/sistemaproyectum\/","https:\/\/www.youtube.com\/channel\/UCljouWimyhK_cNcC2jniUgw"]},{"@type":"Person","@id":"https:\/\/proyectum.com\/sistema\/#\/schema\/person\/d31dc858cdc64bb094f97de74c958a16","name":"Jorge Vald\u00e9s Garciatorres","image":{"@type":"ImageObject","inLanguage":"es","@id":"https:\/\/secure.gravatar.com\/avatar\/d8c545fb11684f0c20963dba484f2d994a1b6fad92d26f108a8188f16c288d78?s=96&d=mm&r=g","url":"https:\/\/secure.gravatar.com\/avatar\/d8c545fb11684f0c20963dba484f2d994a1b6fad92d26f108a8188f16c288d78?s=96&d=mm&r=g","contentUrl":"https:\/\/secure.gravatar.com\/avatar\/d8c545fb11684f0c20963dba484f2d994a1b6fad92d26f108a8188f16c288d78?s=96&d=mm&r=g","caption":"Jorge Vald\u00e9s Garciatorres"},"description":"Jorge es autor del libro \"El Camino hacia la PMO \u00c1gil\". Es Coautor de un modelo sist\u00e9mico para la evaluaci\u00f3n y mejora del Ecosistema Organizacional de Direcci\u00f3n de de Proyectos. Ha sido consultor, instructor y facilitador desde 2005 en temas relacionados con Estrategia, Direcci\u00f3n de Proyectos y Optimizaci\u00f3n de Procesos de Negocio. Igualmente es contador de historias y frecuentemente participa en diversos foros, compartiendo sus reflexiones. Jorge es miembro de importantes organizaciones como el PMI y el NTL Institute. Adem\u00e1s, cuenta con varias certificaciones como la de PMP, Systems Thinking, Agile Leadership, entre muchas otras.","sameAs":["https:\/\/www.linkedin.com\/in\/jorgevaldex\/"],"url":"https:\/\/proyectum.com\/sistema\/author\/jvaldex\/"}]}},"_links":{"self":[{"href":"https:\/\/proyectum.com\/sistema\/wp-json\/wp\/v2\/posts\/9099","targetHints":{"allow":["GET"]}}],"collection":[{"href":"https:\/\/proyectum.com\/sistema\/wp-json\/wp\/v2\/posts"}],"about":[{"href":"https:\/\/proyectum.com\/sistema\/wp-json\/wp\/v2\/types\/post"}],"author":[{"embeddable":true,"href":"https:\/\/proyectum.com\/sistema\/wp-json\/wp\/v2\/users\/18"}],"replies":[{"embeddable":true,"href":"https:\/\/proyectum.com\/sistema\/wp-json\/wp\/v2\/comments?post=9099"}],"version-history":[{"count":0,"href":"https:\/\/proyectum.com\/sistema\/wp-json\/wp\/v2\/posts\/9099\/revisions"}],"wp:featuredmedia":[{"embeddable":true,"href":"https:\/\/proyectum.com\/sistema\/wp-json\/wp\/v2\/media\/9100"}],"wp:attachment":[{"href":"https:\/\/proyectum.com\/sistema\/wp-json\/wp\/v2\/media?parent=9099"}],"wp:term":[{"taxonomy":"category","embeddable":true,"href":"https:\/\/proyectum.com\/sistema\/wp-json\/wp\/v2\/categories?post=9099"},{"taxonomy":"post_tag","embeddable":true,"href":"https:\/\/proyectum.com\/sistema\/wp-json\/wp\/v2\/tags?post=9099"}],"curies":[{"name":"wp","href":"https:\/\/api.w.org\/{rel}","templated":true}]}}