{"id":9527,"date":"2021-06-08T16:00:37","date_gmt":"2021-06-08T19:00:37","guid":{"rendered":"https:\/\/www.proyectum.com\/sistema\/?p=9527"},"modified":"2021-06-08T16:04:08","modified_gmt":"2021-06-08T19:04:08","slug":"el-ano-del-par-uno-de-nosotros-gente-como-yo-mi-tribu-horizontal","status":"publish","type":"post","link":"https:\/\/proyectum.com\/sistema\/blog\/el-ano-del-par-uno-de-nosotros-gente-como-yo-mi-tribu-horizontal\/","title":{"rendered":"El a\u00f1o del par (uno de nosotros, gente como yo, mi tribu horizontal)"},"content":{"rendered":"<p style=\"text-align: right;\">Por Leandro Herrero, MD<\/p>\n<p style=\"text-align: right;\">Traducido y adaptado por Jorge Vald\u00e9s Garciatorres, MDO, PMP<\/p>\n<p style=\"text-align: right;\">\u201c<em>Un hombre conf\u00eda en otro hombre cuando ve lo suficiente de s\u00ed mismo en \u00e9l.<\/em>\u201d<\/p>\n<p style=\"text-align: right;\">Gregory David Roberts<\/p>\n<p>Si yo fuera el encargado de decidir la \u00ab<strong>persona del a\u00f1o<\/strong>\u00bb para la portada de la revista Time, o de otras portadas, elegir\u00eda a \u00abAl par\u00bb. Como en trabajo entre pares.<\/p>\n<p>Tal vez esto sea m\u00e1s que \u00abel a\u00f1o\u00bb. Es la d\u00e9cada del trabajo entre pares. Y no me refiero a la \u00abnobleza brit\u00e1nica\u00bb de la C\u00e1mara de los Lores.<\/p>\n<p>El Bar\u00f3metro de Confianza Edelman lleva muchos a\u00f1os destacando la importancia de la \u00ab<strong>gente como yo<\/strong>\u00bb <strong>(mis pares)<\/strong>. Conf\u00edo en \u00abgente como yo\u00bb el doble de lo que conf\u00edo en el director general, dice el bar\u00f3metro. <strong>Los compa\u00f1eros son la fuente m\u00e1s fuerte de confianza<\/strong> y colaboraci\u00f3n dentro de la organizaci\u00f3n. Existe toda una \u00abeconom\u00eda de pares \u00bb en la que compradores y vendedores interact\u00faan directamente. Existen los pr\u00e9stamos entre iguales. Tambi\u00e9n existe la banca entre iguales, con transferencias directas de fondos entre personas. Hay un t\u00e9rmino equivalente utilizado en la inform\u00e1tica. Hay sitios web de \u00abpacientes como yo\u00bb y para madres, y para muchas otras tribus. Existe el coaching entre pares \u00abpeer-to-peer coaching\u00bb.<\/p>\n<p>\u00a1Pares! La conectividad transversal, horizontal, entre personas. Las tribus. <strong>La alternativa a los modelos jer\u00e1rquicos<\/strong>. La Facebookizaci\u00f3n de la vida.<\/p>\n<p>Hace s\u00f3lo unos a\u00f1os, no hablar\u00edamos de pares m\u00e1s que en el \u00e1mbito cient\u00edfico (revisiones entre pares para la publicaci\u00f3n en revistas) o en el contexto de la vagamente definida \u00abpresi\u00f3n de los pares\u00bb. <strong>Los pares no son nuevos, pero acaban de llegar a la edad adulta<\/strong>. E incluso se han dotado de modelos de negocio.<\/p>\n<p>La confianza se ha vuelto horizontal, es gente como yo, no gente como los de arriba. Y para bien o para mal, este \u00abcomo yo\u00bb tambi\u00e9n est\u00e1 funcionando en la movilizaci\u00f3n de la gente en el \u00e1mbito pol\u00edtico: uno de nosotros, frente a uno como ellos. En Estados Unidos, esto es pura polaridad en este momento.<\/p>\n<p><strong>En las organizaciones, el trabajo entre pares es cada vez m\u00e1s importante<\/strong>, ya que es donde ocurren las cosas reales. En Viral Change\u2122, orquestamos el compromiso y el activismo entre pares como motor del cambio.<\/p>\n<p>S\u00ed, el mundo es plano. Bueno, no tan plano, principalmente horizontal.<\/p>\n<p>Es el a\u00f1o del par, el a\u00f1o de la horizontalidad, y el a\u00f1o de RRHH\/OD\/L&amp;D\/tribus del capital humano para que de una vez por todas presten atenci\u00f3n a la influencia social, no jer\u00e1rquica, dentro de la organizaci\u00f3n. Gesti\u00f3n horizontal y liderazgo horizontal.<\/p>\n<p><strong>El mundo mira hacia los lados, no s\u00f3lo hacia arriba y hacia abajo<\/strong>.<\/p>\n<p>_______________<\/p>\n<p>Para ver el articulo original por favor da clic en esta <a href=\"https:\/\/leandroherrero.com\/the-year-of-the-peer-one-of-us-people-like-me-my-horizontal-tribe-2\/\" target=\"_blank\" rel=\"noopener\">liga<\/a><\/p>\n<p>\u00a9 The Chalfont Project Limited 2021. All rights reserved<\/p>\n<p>All articles supplied by [The Chalfont Project Limited] whether by access to digital resources or directly to any individual or company (collectively \u201cthe Content\u201d) are copyright The Chalfont Project Limited. Copying, reproducing, distributing, modifying, or transmitting the Content or any part of the Content is prohibited. Other than as expressly granted to any person or organization, no rights over the Content are granted or implied. \u201cViral Change\u2122\u201d is a registered trademark of The Chalfont Project Limited\u00a0(TCP). The Chalfont Project has granted permission for Proyectum to publish material in Spanish on their company Blog. Material must be represented in its original form and clearly marked\u00a0as copyrighted material. No other licenses or permission for use or publication is allowed or implied\u00a0by this agreement.<\/p>\n","protected":false},"excerpt":{"rendered":"<p>Por Leandro Herrero, MD Traducido y adaptado por Jorge Vald\u00e9s Garciatorres, MDO, PMP \u201cUn hombre conf\u00eda en otro hombre cuando ve lo suficiente de s\u00ed mismo en \u00e9l.\u201d Gregory David Roberts Si yo fuera el encargado de decidir la \u00abpersona del a\u00f1o\u00bb para la portada de la revista Time, o de otras portadas, elegir\u00eda a [&hellip;]<\/p>\n","protected":false},"author":18,"featured_media":9529,"comment_status":"closed","ping_status":"closed","sticky":false,"template":"","format":"standard","meta":{"_acf_changed":false,"content-type":"","footnotes":""},"categories":[3859],"tags":[4126,4125,4123,4124],"class_list":["post-9527","post","type-post","status-publish","format-standard","has-post-thumbnail","hentry","category-transformacion-y-cambio","tag-la-alternativa-a-los-modelos-jerarquicos","tag-peer-to-peer-coaching","tag-persona-del-ano","tag-persona-del-ano-time"],"acf":[],"featured_image_src":{"landsacpe":["https:\/\/proyectum.com\/sistema\/wp-content\/uploads\/2021\/06\/An\u0303o-del-par-1140x445.jpg",1140,445,true],"list":["https:\/\/proyectum.com\/sistema\/wp-content\/uploads\/2021\/06\/An\u0303o-del-par-463x348.jpg",463,348,true],"medium":["https:\/\/proyectum.com\/sistema\/wp-content\/uploads\/2021\/06\/An\u0303o-del-par-300x200.jpg",300,200,true],"full":["https:\/\/proyectum.com\/sistema\/wp-content\/uploads\/2021\/06\/An\u0303o-del-par.jpg",1700,1135,false]},"yoast_head":"<!-- This site is optimized with the Yoast SEO plugin v27.4 - https:\/\/yoast.com\/product\/yoast-seo-wordpress\/ -->\n<title>El a\u00f1o del par (uno de nosotros, gente como yo, mi tribu horizontal) - Proyectum<\/title>\n<meta name=\"description\" content=\"Por Leandro Herrero, MD Traducido y adaptado por Jorge Vald\u00e9s Garciatorres, MDO, PMP \u201cUn hombre conf\u00eda en otro hombre cuando ve lo suficiente de s\u00ed mismo\" \/>\n<meta name=\"robots\" content=\"index, follow, max-snippet:-1, max-image-preview:large, max-video-preview:-1\" \/>\n<link rel=\"canonical\" href=\"https:\/\/proyectum.com\/sistema\/blog\/el-ano-del-par-uno-de-nosotros-gente-como-yo-mi-tribu-horizontal\/\" \/>\n<meta property=\"og:locale\" content=\"es_ES\" \/>\n<meta property=\"og:type\" content=\"article\" \/>\n<meta property=\"og:title\" content=\"El a\u00f1o del par (uno de nosotros, gente como yo, mi tribu horizontal) - Proyectum\" \/>\n<meta property=\"og:description\" content=\"Por Leandro Herrero, MD Traducido y adaptado por Jorge Vald\u00e9s Garciatorres, MDO, PMP \u201cUn hombre conf\u00eda en otro hombre cuando ve lo suficiente de s\u00ed mismo\" \/>\n<meta property=\"og:url\" content=\"https:\/\/proyectum.com\/sistema\/blog\/el-ano-del-par-uno-de-nosotros-gente-como-yo-mi-tribu-horizontal\/\" \/>\n<meta property=\"og:site_name\" content=\"Proyectum\" \/>\n<meta property=\"article:publisher\" content=\"https:\/\/www.facebook.com\/proyectum\/\" \/>\n<meta property=\"article:published_time\" content=\"2021-06-08T19:00:37+00:00\" \/>\n<meta property=\"article:modified_time\" content=\"2021-06-08T19:04:08+00:00\" \/>\n<meta property=\"og:image\" content=\"https:\/\/proyectum.com\/sistema\/wp-content\/uploads\/2021\/06\/An\u0303o-del-par.jpg\" \/>\n\t<meta property=\"og:image:width\" content=\"1700\" \/>\n\t<meta property=\"og:image:height\" content=\"1135\" \/>\n\t<meta property=\"og:image:type\" content=\"image\/jpeg\" \/>\n<meta name=\"author\" content=\"Jorge Vald\u00e9s Garciatorres\" \/>\n<meta name=\"twitter:card\" content=\"summary_large_image\" \/>\n<meta name=\"twitter:label1\" content=\"Escrito por\" \/>\n\t<meta name=\"twitter:data1\" content=\"Jorge Vald\u00e9s Garciatorres\" \/>\n\t<meta name=\"twitter:label2\" content=\"Tiempo de lectura\" \/>\n\t<meta name=\"twitter:data2\" content=\"3 minutos\" \/>\n<script type=\"application\/ld+json\" class=\"yoast-schema-graph\">{\"@context\":\"https:\\\/\\\/schema.org\",\"@graph\":[{\"@type\":\"Article\",\"@id\":\"https:\\\/\\\/proyectum.com\\\/sistema\\\/blog\\\/el-ano-del-par-uno-de-nosotros-gente-como-yo-mi-tribu-horizontal\\\/#article\",\"isPartOf\":{\"@id\":\"https:\\\/\\\/proyectum.com\\\/sistema\\\/blog\\\/el-ano-del-par-uno-de-nosotros-gente-como-yo-mi-tribu-horizontal\\\/\"},\"author\":{\"name\":\"Jorge Vald\u00e9s Garciatorres\",\"@id\":\"https:\\\/\\\/proyectum.com\\\/sistema\\\/#\\\/schema\\\/person\\\/d31dc858cdc64bb094f97de74c958a16\"},\"headline\":\"El a\u00f1o del par (uno de nosotros, gente como yo, mi tribu horizontal)\",\"datePublished\":\"2021-06-08T19:00:37+00:00\",\"dateModified\":\"2021-06-08T19:04:08+00:00\",\"mainEntityOfPage\":{\"@id\":\"https:\\\/\\\/proyectum.com\\\/sistema\\\/blog\\\/el-ano-del-par-uno-de-nosotros-gente-como-yo-mi-tribu-horizontal\\\/\"},\"wordCount\":644,\"publisher\":{\"@id\":\"https:\\\/\\\/proyectum.com\\\/sistema\\\/#organization\"},\"image\":{\"@id\":\"https:\\\/\\\/proyectum.com\\\/sistema\\\/blog\\\/el-ano-del-par-uno-de-nosotros-gente-como-yo-mi-tribu-horizontal\\\/#primaryimage\"},\"thumbnailUrl\":\"https:\\\/\\\/proyectum.com\\\/sistema\\\/wp-content\\\/uploads\\\/2021\\\/06\\\/An\u0303o-del-par.jpg\",\"keywords\":[\"La alternativa a los modelos jer\u00e1rquicos\",\"peer-to-peer coaching\",\"persona del a\u00f1o\",\"persona del a\u00f1o Time\"],\"articleSection\":[\"Transformaci\u00f3n y cambio\"],\"inLanguage\":\"es\"},{\"@type\":\"WebPage\",\"@id\":\"https:\\\/\\\/proyectum.com\\\/sistema\\\/blog\\\/el-ano-del-par-uno-de-nosotros-gente-como-yo-mi-tribu-horizontal\\\/\",\"url\":\"https:\\\/\\\/proyectum.com\\\/sistema\\\/blog\\\/el-ano-del-par-uno-de-nosotros-gente-como-yo-mi-tribu-horizontal\\\/\",\"name\":\"El a\u00f1o del par (uno de nosotros, gente como yo, mi tribu horizontal) - Proyectum\",\"isPartOf\":{\"@id\":\"https:\\\/\\\/proyectum.com\\\/sistema\\\/#website\"},\"primaryImageOfPage\":{\"@id\":\"https:\\\/\\\/proyectum.com\\\/sistema\\\/blog\\\/el-ano-del-par-uno-de-nosotros-gente-como-yo-mi-tribu-horizontal\\\/#primaryimage\"},\"image\":{\"@id\":\"https:\\\/\\\/proyectum.com\\\/sistema\\\/blog\\\/el-ano-del-par-uno-de-nosotros-gente-como-yo-mi-tribu-horizontal\\\/#primaryimage\"},\"thumbnailUrl\":\"https:\\\/\\\/proyectum.com\\\/sistema\\\/wp-content\\\/uploads\\\/2021\\\/06\\\/An\u0303o-del-par.jpg\",\"datePublished\":\"2021-06-08T19:00:37+00:00\",\"dateModified\":\"2021-06-08T19:04:08+00:00\",\"description\":\"Por Leandro Herrero, MD Traducido y adaptado por Jorge Vald\u00e9s Garciatorres, MDO, PMP \u201cUn hombre conf\u00eda en otro hombre cuando ve lo suficiente de s\u00ed mismo\",\"breadcrumb\":{\"@id\":\"https:\\\/\\\/proyectum.com\\\/sistema\\\/blog\\\/el-ano-del-par-uno-de-nosotros-gente-como-yo-mi-tribu-horizontal\\\/#breadcrumb\"},\"inLanguage\":\"es\",\"potentialAction\":[{\"@type\":\"ReadAction\",\"target\":[\"https:\\\/\\\/proyectum.com\\\/sistema\\\/blog\\\/el-ano-del-par-uno-de-nosotros-gente-como-yo-mi-tribu-horizontal\\\/\"]}]},{\"@type\":\"ImageObject\",\"inLanguage\":\"es\",\"@id\":\"https:\\\/\\\/proyectum.com\\\/sistema\\\/blog\\\/el-ano-del-par-uno-de-nosotros-gente-como-yo-mi-tribu-horizontal\\\/#primaryimage\",\"url\":\"https:\\\/\\\/proyectum.com\\\/sistema\\\/wp-content\\\/uploads\\\/2021\\\/06\\\/An\u0303o-del-par.jpg\",\"contentUrl\":\"https:\\\/\\\/proyectum.com\\\/sistema\\\/wp-content\\\/uploads\\\/2021\\\/06\\\/An\u0303o-del-par.jpg\",\"width\":1700,\"height\":1135,\"caption\":\"An\u0303o del par\"},{\"@type\":\"BreadcrumbList\",\"@id\":\"https:\\\/\\\/proyectum.com\\\/sistema\\\/blog\\\/el-ano-del-par-uno-de-nosotros-gente-como-yo-mi-tribu-horizontal\\\/#breadcrumb\",\"itemListElement\":[{\"@type\":\"ListItem\",\"position\":1,\"name\":\"Home\",\"item\":\"https:\\\/\\\/proyectum.com\\\/sistema\\\/\"},{\"@type\":\"ListItem\",\"position\":2,\"name\":\"El a\u00f1o del par (uno de nosotros, gente como yo, mi tribu horizontal)\"}]},{\"@type\":\"WebSite\",\"@id\":\"https:\\\/\\\/proyectum.com\\\/sistema\\\/#website\",\"url\":\"https:\\\/\\\/proyectum.com\\\/sistema\\\/\",\"name\":\"Proyectum\",\"description\":\"Direcci\u00f3n de Proyectos y M\u00e9todos \u00c1giles\",\"publisher\":{\"@id\":\"https:\\\/\\\/proyectum.com\\\/sistema\\\/#organization\"},\"potentialAction\":[{\"@type\":\"SearchAction\",\"target\":{\"@type\":\"EntryPoint\",\"urlTemplate\":\"https:\\\/\\\/proyectum.com\\\/sistema\\\/?s={search_term_string}\"},\"query-input\":{\"@type\":\"PropertyValueSpecification\",\"valueRequired\":true,\"valueName\":\"search_term_string\"}}],\"inLanguage\":\"es\"},{\"@type\":\"Organization\",\"@id\":\"https:\\\/\\\/proyectum.com\\\/sistema\\\/#organization\",\"name\":\"Proyectum\",\"url\":\"https:\\\/\\\/proyectum.com\\\/sistema\\\/\",\"logo\":{\"@type\":\"ImageObject\",\"inLanguage\":\"es\",\"@id\":\"https:\\\/\\\/proyectum.com\\\/sistema\\\/#\\\/schema\\\/logo\\\/image\\\/\",\"url\":\"https:\\\/\\\/www.proyectum.com\\\/sistema\\\/wp-content\\\/uploads\\\/2020\\\/04\\\/proyectum-logo-snippet.png\",\"contentUrl\":\"https:\\\/\\\/www.proyectum.com\\\/sistema\\\/wp-content\\\/uploads\\\/2020\\\/04\\\/proyectum-logo-snippet.png\",\"width\":600,\"height\":315,\"caption\":\"Proyectum\"},\"image\":{\"@id\":\"https:\\\/\\\/proyectum.com\\\/sistema\\\/#\\\/schema\\\/logo\\\/image\\\/\"},\"sameAs\":[\"https:\\\/\\\/www.facebook.com\\\/proyectum\\\/\",\"https:\\\/\\\/www.linkedin.com\\\/company\\\/sistemaproyectum\\\/\",\"https:\\\/\\\/www.youtube.com\\\/channel\\\/UCljouWimyhK_cNcC2jniUgw\"]},{\"@type\":\"Person\",\"@id\":\"https:\\\/\\\/proyectum.com\\\/sistema\\\/#\\\/schema\\\/person\\\/d31dc858cdc64bb094f97de74c958a16\",\"name\":\"Jorge Vald\u00e9s Garciatorres\",\"image\":{\"@type\":\"ImageObject\",\"inLanguage\":\"es\",\"@id\":\"https:\\\/\\\/secure.gravatar.com\\\/avatar\\\/d8c545fb11684f0c20963dba484f2d994a1b6fad92d26f108a8188f16c288d78?s=96&d=mm&r=g\",\"url\":\"https:\\\/\\\/secure.gravatar.com\\\/avatar\\\/d8c545fb11684f0c20963dba484f2d994a1b6fad92d26f108a8188f16c288d78?s=96&d=mm&r=g\",\"contentUrl\":\"https:\\\/\\\/secure.gravatar.com\\\/avatar\\\/d8c545fb11684f0c20963dba484f2d994a1b6fad92d26f108a8188f16c288d78?s=96&d=mm&r=g\",\"caption\":\"Jorge Vald\u00e9s Garciatorres\"},\"description\":\"Jorge es autor del libro \\\"El Camino hacia la PMO \u00c1gil\\\". Es Coautor de un modelo sist\u00e9mico para la evaluaci\u00f3n y mejora del Ecosistema Organizacional de Direcci\u00f3n de de Proyectos. Ha sido consultor, instructor y facilitador desde 2005 en temas relacionados con Estrategia, Direcci\u00f3n de Proyectos y Optimizaci\u00f3n de Procesos de Negocio. Igualmente es contador de historias y frecuentemente participa en diversos foros, compartiendo sus reflexiones. Jorge es miembro de importantes organizaciones como el PMI y el NTL Institute. Adem\u00e1s, cuenta con varias certificaciones como la de PMP, Systems Thinking, Agile Leadership, entre muchas otras.\",\"sameAs\":[\"https:\\\/\\\/www.linkedin.com\\\/in\\\/jorgevaldex\\\/\"],\"url\":\"https:\\\/\\\/proyectum.com\\\/sistema\\\/author\\\/jvaldex\\\/\"}]}<\/script>\n<!-- \/ Yoast SEO plugin. -->","yoast_head_json":{"title":"El a\u00f1o del par (uno de nosotros, gente como yo, mi tribu horizontal) - Proyectum","description":"Por Leandro Herrero, MD Traducido y adaptado por Jorge Vald\u00e9s Garciatorres, MDO, PMP \u201cUn hombre conf\u00eda en otro hombre cuando ve lo suficiente de s\u00ed mismo","robots":{"index":"index","follow":"follow","max-snippet":"max-snippet:-1","max-image-preview":"max-image-preview:large","max-video-preview":"max-video-preview:-1"},"canonical":"https:\/\/proyectum.com\/sistema\/blog\/el-ano-del-par-uno-de-nosotros-gente-como-yo-mi-tribu-horizontal\/","og_locale":"es_ES","og_type":"article","og_title":"El a\u00f1o del par (uno de nosotros, gente como yo, mi tribu horizontal) - Proyectum","og_description":"Por Leandro Herrero, MD Traducido y adaptado por Jorge Vald\u00e9s Garciatorres, MDO, PMP \u201cUn hombre conf\u00eda en otro hombre cuando ve lo suficiente de s\u00ed mismo","og_url":"https:\/\/proyectum.com\/sistema\/blog\/el-ano-del-par-uno-de-nosotros-gente-como-yo-mi-tribu-horizontal\/","og_site_name":"Proyectum","article_publisher":"https:\/\/www.facebook.com\/proyectum\/","article_published_time":"2021-06-08T19:00:37+00:00","article_modified_time":"2021-06-08T19:04:08+00:00","og_image":[{"width":1700,"height":1135,"url":"https:\/\/proyectum.com\/sistema\/wp-content\/uploads\/2021\/06\/An\u0303o-del-par.jpg","type":"image\/jpeg"}],"author":"Jorge Vald\u00e9s Garciatorres","twitter_card":"summary_large_image","twitter_misc":{"Escrito por":"Jorge Vald\u00e9s Garciatorres","Tiempo de lectura":"3 minutos"},"schema":{"@context":"https:\/\/schema.org","@graph":[{"@type":"Article","@id":"https:\/\/proyectum.com\/sistema\/blog\/el-ano-del-par-uno-de-nosotros-gente-como-yo-mi-tribu-horizontal\/#article","isPartOf":{"@id":"https:\/\/proyectum.com\/sistema\/blog\/el-ano-del-par-uno-de-nosotros-gente-como-yo-mi-tribu-horizontal\/"},"author":{"name":"Jorge Vald\u00e9s Garciatorres","@id":"https:\/\/proyectum.com\/sistema\/#\/schema\/person\/d31dc858cdc64bb094f97de74c958a16"},"headline":"El a\u00f1o del par (uno de nosotros, gente como yo, mi tribu horizontal)","datePublished":"2021-06-08T19:00:37+00:00","dateModified":"2021-06-08T19:04:08+00:00","mainEntityOfPage":{"@id":"https:\/\/proyectum.com\/sistema\/blog\/el-ano-del-par-uno-de-nosotros-gente-como-yo-mi-tribu-horizontal\/"},"wordCount":644,"publisher":{"@id":"https:\/\/proyectum.com\/sistema\/#organization"},"image":{"@id":"https:\/\/proyectum.com\/sistema\/blog\/el-ano-del-par-uno-de-nosotros-gente-como-yo-mi-tribu-horizontal\/#primaryimage"},"thumbnailUrl":"https:\/\/proyectum.com\/sistema\/wp-content\/uploads\/2021\/06\/An\u0303o-del-par.jpg","keywords":["La alternativa a los modelos jer\u00e1rquicos","peer-to-peer coaching","persona del a\u00f1o","persona del a\u00f1o Time"],"articleSection":["Transformaci\u00f3n y cambio"],"inLanguage":"es"},{"@type":"WebPage","@id":"https:\/\/proyectum.com\/sistema\/blog\/el-ano-del-par-uno-de-nosotros-gente-como-yo-mi-tribu-horizontal\/","url":"https:\/\/proyectum.com\/sistema\/blog\/el-ano-del-par-uno-de-nosotros-gente-como-yo-mi-tribu-horizontal\/","name":"El a\u00f1o del par (uno de nosotros, gente como yo, mi tribu horizontal) - Proyectum","isPartOf":{"@id":"https:\/\/proyectum.com\/sistema\/#website"},"primaryImageOfPage":{"@id":"https:\/\/proyectum.com\/sistema\/blog\/el-ano-del-par-uno-de-nosotros-gente-como-yo-mi-tribu-horizontal\/#primaryimage"},"image":{"@id":"https:\/\/proyectum.com\/sistema\/blog\/el-ano-del-par-uno-de-nosotros-gente-como-yo-mi-tribu-horizontal\/#primaryimage"},"thumbnailUrl":"https:\/\/proyectum.com\/sistema\/wp-content\/uploads\/2021\/06\/An\u0303o-del-par.jpg","datePublished":"2021-06-08T19:00:37+00:00","dateModified":"2021-06-08T19:04:08+00:00","description":"Por Leandro Herrero, MD Traducido y adaptado por Jorge Vald\u00e9s Garciatorres, MDO, PMP \u201cUn hombre conf\u00eda en otro hombre cuando ve lo suficiente de s\u00ed mismo","breadcrumb":{"@id":"https:\/\/proyectum.com\/sistema\/blog\/el-ano-del-par-uno-de-nosotros-gente-como-yo-mi-tribu-horizontal\/#breadcrumb"},"inLanguage":"es","potentialAction":[{"@type":"ReadAction","target":["https:\/\/proyectum.com\/sistema\/blog\/el-ano-del-par-uno-de-nosotros-gente-como-yo-mi-tribu-horizontal\/"]}]},{"@type":"ImageObject","inLanguage":"es","@id":"https:\/\/proyectum.com\/sistema\/blog\/el-ano-del-par-uno-de-nosotros-gente-como-yo-mi-tribu-horizontal\/#primaryimage","url":"https:\/\/proyectum.com\/sistema\/wp-content\/uploads\/2021\/06\/An\u0303o-del-par.jpg","contentUrl":"https:\/\/proyectum.com\/sistema\/wp-content\/uploads\/2021\/06\/An\u0303o-del-par.jpg","width":1700,"height":1135,"caption":"An\u0303o del par"},{"@type":"BreadcrumbList","@id":"https:\/\/proyectum.com\/sistema\/blog\/el-ano-del-par-uno-de-nosotros-gente-como-yo-mi-tribu-horizontal\/#breadcrumb","itemListElement":[{"@type":"ListItem","position":1,"name":"Home","item":"https:\/\/proyectum.com\/sistema\/"},{"@type":"ListItem","position":2,"name":"El a\u00f1o del par (uno de nosotros, gente como yo, mi tribu horizontal)"}]},{"@type":"WebSite","@id":"https:\/\/proyectum.com\/sistema\/#website","url":"https:\/\/proyectum.com\/sistema\/","name":"Proyectum","description":"Direcci\u00f3n de Proyectos y M\u00e9todos \u00c1giles","publisher":{"@id":"https:\/\/proyectum.com\/sistema\/#organization"},"potentialAction":[{"@type":"SearchAction","target":{"@type":"EntryPoint","urlTemplate":"https:\/\/proyectum.com\/sistema\/?s={search_term_string}"},"query-input":{"@type":"PropertyValueSpecification","valueRequired":true,"valueName":"search_term_string"}}],"inLanguage":"es"},{"@type":"Organization","@id":"https:\/\/proyectum.com\/sistema\/#organization","name":"Proyectum","url":"https:\/\/proyectum.com\/sistema\/","logo":{"@type":"ImageObject","inLanguage":"es","@id":"https:\/\/proyectum.com\/sistema\/#\/schema\/logo\/image\/","url":"https:\/\/www.proyectum.com\/sistema\/wp-content\/uploads\/2020\/04\/proyectum-logo-snippet.png","contentUrl":"https:\/\/www.proyectum.com\/sistema\/wp-content\/uploads\/2020\/04\/proyectum-logo-snippet.png","width":600,"height":315,"caption":"Proyectum"},"image":{"@id":"https:\/\/proyectum.com\/sistema\/#\/schema\/logo\/image\/"},"sameAs":["https:\/\/www.facebook.com\/proyectum\/","https:\/\/www.linkedin.com\/company\/sistemaproyectum\/","https:\/\/www.youtube.com\/channel\/UCljouWimyhK_cNcC2jniUgw"]},{"@type":"Person","@id":"https:\/\/proyectum.com\/sistema\/#\/schema\/person\/d31dc858cdc64bb094f97de74c958a16","name":"Jorge Vald\u00e9s Garciatorres","image":{"@type":"ImageObject","inLanguage":"es","@id":"https:\/\/secure.gravatar.com\/avatar\/d8c545fb11684f0c20963dba484f2d994a1b6fad92d26f108a8188f16c288d78?s=96&d=mm&r=g","url":"https:\/\/secure.gravatar.com\/avatar\/d8c545fb11684f0c20963dba484f2d994a1b6fad92d26f108a8188f16c288d78?s=96&d=mm&r=g","contentUrl":"https:\/\/secure.gravatar.com\/avatar\/d8c545fb11684f0c20963dba484f2d994a1b6fad92d26f108a8188f16c288d78?s=96&d=mm&r=g","caption":"Jorge Vald\u00e9s Garciatorres"},"description":"Jorge es autor del libro \"El Camino hacia la PMO \u00c1gil\". Es Coautor de un modelo sist\u00e9mico para la evaluaci\u00f3n y mejora del Ecosistema Organizacional de Direcci\u00f3n de de Proyectos. Ha sido consultor, instructor y facilitador desde 2005 en temas relacionados con Estrategia, Direcci\u00f3n de Proyectos y Optimizaci\u00f3n de Procesos de Negocio. Igualmente es contador de historias y frecuentemente participa en diversos foros, compartiendo sus reflexiones. Jorge es miembro de importantes organizaciones como el PMI y el NTL Institute. Adem\u00e1s, cuenta con varias certificaciones como la de PMP, Systems Thinking, Agile Leadership, entre muchas otras.","sameAs":["https:\/\/www.linkedin.com\/in\/jorgevaldex\/"],"url":"https:\/\/proyectum.com\/sistema\/author\/jvaldex\/"}]}},"_links":{"self":[{"href":"https:\/\/proyectum.com\/sistema\/wp-json\/wp\/v2\/posts\/9527","targetHints":{"allow":["GET"]}}],"collection":[{"href":"https:\/\/proyectum.com\/sistema\/wp-json\/wp\/v2\/posts"}],"about":[{"href":"https:\/\/proyectum.com\/sistema\/wp-json\/wp\/v2\/types\/post"}],"author":[{"embeddable":true,"href":"https:\/\/proyectum.com\/sistema\/wp-json\/wp\/v2\/users\/18"}],"replies":[{"embeddable":true,"href":"https:\/\/proyectum.com\/sistema\/wp-json\/wp\/v2\/comments?post=9527"}],"version-history":[{"count":0,"href":"https:\/\/proyectum.com\/sistema\/wp-json\/wp\/v2\/posts\/9527\/revisions"}],"wp:featuredmedia":[{"embeddable":true,"href":"https:\/\/proyectum.com\/sistema\/wp-json\/wp\/v2\/media\/9529"}],"wp:attachment":[{"href":"https:\/\/proyectum.com\/sistema\/wp-json\/wp\/v2\/media?parent=9527"}],"wp:term":[{"taxonomy":"category","embeddable":true,"href":"https:\/\/proyectum.com\/sistema\/wp-json\/wp\/v2\/categories?post=9527"},{"taxonomy":"post_tag","embeddable":true,"href":"https:\/\/proyectum.com\/sistema\/wp-json\/wp\/v2\/tags?post=9527"}],"curies":[{"name":"wp","href":"https:\/\/api.w.org\/{rel}","templated":true}]}}