{"id":9722,"date":"2021-09-28T12:36:05","date_gmt":"2021-09-28T15:36:05","guid":{"rendered":"https:\/\/www.proyectum.com\/sistema\/?p=9722"},"modified":"2021-09-28T12:40:35","modified_gmt":"2021-09-28T15:40:35","slug":"el-autoproclamado-salvador-el-personaje-mas-peligroso-de-la-trama-de-la-organizacion","status":"publish","type":"post","link":"https:\/\/proyectum.com\/sistema\/blog\/el-autoproclamado-salvador-el-personaje-mas-peligroso-de-la-trama-de-la-organizacion\/","title":{"rendered":"El autoproclamado salvador &#8211; El personaje m\u00e1s peligroso de la trama de la organizaci\u00f3n"},"content":{"rendered":"<p style=\"text-align: right;\">Por: Leandro Herrero, MD<\/p>\n<p style=\"text-align: right;\">Traducido y adaptado por: Jorge Vald\u00e9s Garciatorres, MDO, PMP<\/p>\n<p style=\"text-align: right;\"><em>\u201cLa verdad es tan oscura en estos tiempos, y la falsedad est\u00e1 tan establecida, que, a menos que amemos la verdad, no podemos conocerla.\u201d<\/em><\/p>\n<p style=\"text-align: right;\">Blaise Pascal<\/p>\n<p><strong>Los autoproclamados salvadores nunca te salvar\u00e1n<\/strong> ya que su \u00fanica intenci\u00f3n es su <strong>\u00e9xito personal<\/strong>. Sucede en la sociedad y en la pol\u00edtica, y sucede en las organizaciones.<\/p>\n<p><strong>A los autoproclamados salvadores les encantan los problemas<\/strong>. Sin ellos, c\u00f3mo podr\u00edan salvar a nadie. Los aman tanto, y los necesitan tanto, que los crean si no existen.<\/p>\n<p>En mi anterior vida empresarial, uno de mis colegas m\u00e1s veteranos, que <strong>era un autoproclamado salvador<\/strong>, era muy expl\u00edcito al respecto: \u00ab<strong>dejad que fracasen<\/strong>\u00ab, sol\u00eda decir, refiri\u00e9ndose a alg\u00fan camino equivocado evidente o a <strong>decisiones de equipos de proyectos<\/strong> encargados de alcanzar objetivos millonarios.<\/p>\n<p>Los autoproclamados salvadores tambi\u00e9n son muy buenos ocultando informaci\u00f3n o siendo econ\u00f3micos con la verdad. Destacan por querer hacerse indispensables en el sistema al ser los que tienen todas las piezas del rompecabezas.<\/p>\n<p>Los autoproclamados salvadores est\u00e1n en casa en la Escuela de Deconstrucci\u00f3n del Tejido Institucional de Mar-A-Lago. En esa escuela se aprende a demostrar, minuciosamente, que el tejido est\u00e1 podrido, de modo que el Salvador debe crear un sustituto, en nombre del \u00abpueblo\u00bb, o sea, para salvar al \u00abpueblo\u00bb.\u00a0 Si eso implica la fabricaci\u00f3n de \u00abhechos alternativos\u00bb y propaganda a la antigua, sin necesidad siquiera de un Ministerio de eso, pues que as\u00ed sea, es lo que se necesita.<\/p>\n<p>He llegado a creer que muchos autoproclamados salvadores no mienten, a pesar de que pueden expresar y defender las cosas m\u00e1s escandalosas. La definici\u00f3n de mentira incluye \u00abfalsedad intencionada\u00bb, \u00abintenci\u00f3n deliberada de enga\u00f1ar\u00bb. Pero <strong>los autoproclamados salvadores suelen creer lo que quieren y necesitan creer<\/strong>. La verdad o la mentira para ellos no est\u00e1 ni aqu\u00ed ni all\u00e1.<\/p>\n<p>No somos diferentes en la vida organizativa. Nuestro propio enfoque de la vida en Mar-A-Lago alberga un buen n\u00famero de reorganizaciones gratuitas cuyo \u00fanico prop\u00f3sito es mostrar que A era malo y B resuelve el problema. <strong>A, necesitaba ser salvado y un nuevo l\u00edder lo hace. Eso es liderazgo. \u00bfDE ACUERDO?<\/strong><\/p>\n<p>Los autoproclamados salvadores lo pasan mal cuando se les muestra la precariedad de su supuesta indispensabilidad. Que incluso los mejores autoproclamados salvadores acaban en el cementerio, un lugar, seg\u00fan el general Charles De Gaulle, \u00ablleno de personas indispensables\u00bb.<\/p>\n<p>Creo que los autoproclamados salvadores merecen un d\u00eda en el calendario, una fiesta dedicada. Propongo que sea el Mi\u00e9rcoles de Ceniza, el primer d\u00eda de la Cuaresma en la tradici\u00f3n cristiana, antes de que comience todo el ayuno y la \u00abmoderaci\u00f3n\u00bb. Ese d\u00eda, sobre todo en la Iglesia cat\u00f3lica, existe un antiguo ritual que consiste en frotarse la frente con ceniza, mientras el sacerdote dice \u00abMemento, homo quia pulvis es, et in pulverem reverteris\u00bb. Es decir, \u00abrecuerda, hombre, que eres polvo y al polvo volver\u00e1s\u00bb.<\/p>\n<p>Pero, para los autoproclamados salvadores, definitivamente lo dir\u00eda en lat\u00edn.<\/p>\n<p>_______________<\/p>\n<p>Para ver el articulo original por favor da clic en esta <a href=\"https:\/\/leandroherrero.com\/the-most-dangerous-character-in-the-organizations-plot-the-self-proclaimed-saviour-2\/\" target=\"_blank\" rel=\"noopener\">liga<\/a><\/p>\n<p>\u00a9 The Chalfont Project Limited 2021. All rights reserved<\/p>\n<p>All articles supplied by [The Chalfont Project Limited] whether by access to digital resources or directly to any individual or company (collectively \u201cthe Content\u201d) are copyright The Chalfont Project Limited. Copying, reproducing, distributing, modifying, or transmitting the Content or any part of the Content is prohibited. Other than as expressly granted to any person or organization, no rights over the Content are granted or implied. \u201cViral Change\u2122\u201d is a registered trademark of The Chalfont Project Limited\u00a0(TCP). The Chalfont Project has granted permission for Proyectum to publish material in Spanish on their company Blog. Material must be represented in its original form and clearly marked\u00a0as copyrighted material. No other licenses or permission for use or publication is allowed or implied\u00a0by this agreement.<\/p>\n","protected":false},"excerpt":{"rendered":"<p>Por: Leandro Herrero, MD Traducido y adaptado por: Jorge Vald\u00e9s Garciatorres, MDO, PMP \u201cLa verdad es tan oscura en estos tiempos, y la falsedad est\u00e1 tan establecida, que, a menos que amemos la verdad, no podemos conocerla.\u201d Blaise Pascal Los autoproclamados salvadores nunca te salvar\u00e1n ya que su \u00fanica intenci\u00f3n es su \u00e9xito personal. Sucede [&hellip;]<\/p>\n","protected":false},"author":18,"featured_media":9723,"comment_status":"closed","ping_status":"closed","sticky":false,"template":"","format":"standard","meta":{"_acf_changed":false,"content-type":"","footnotes":""},"categories":[55,3859],"tags":[4264,4265,4263,4262],"class_list":["post-9722","post","type-post","status-publish","format-standard","has-post-thumbnail","hentry","category-liderazgo","category-transformacion-y-cambio","tag-autoproclamado-salvador","tag-decisiones-de-equipos-de-proyectos","tag-exito-personal","tag-los-autoproclamados-salvadores-nunca-te-salvaran"],"acf":[],"featured_image_src":{"landsacpe":["https:\/\/proyectum.com\/sistema\/wp-content\/uploads\/2021\/09\/Autoproclamado-Salvador-1140x445.jpg",1140,445,true],"list":["https:\/\/proyectum.com\/sistema\/wp-content\/uploads\/2021\/09\/Autoproclamado-Salvador-463x348.jpg",463,348,true],"medium":["https:\/\/proyectum.com\/sistema\/wp-content\/uploads\/2021\/09\/Autoproclamado-Salvador-300x200.jpg",300,200,true],"full":["https:\/\/proyectum.com\/sistema\/wp-content\/uploads\/2021\/09\/Autoproclamado-Salvador.jpg",1700,1133,false]},"yoast_head":"<!-- This site is optimized with the Yoast SEO plugin v27.5 - https:\/\/yoast.com\/product\/yoast-seo-wordpress\/ -->\n<title>El autoproclamado salvador - El personaje m\u00e1s peligroso de la trama de la organizaci\u00f3n - Proyectum<\/title>\n<meta name=\"description\" content=\"Los autoproclamados salvadores nunca te salvar\u00e1n ya que su \u00fanica intenci\u00f3n es su \u00e9xito personal dentro de las organizaciones.\" \/>\n<meta name=\"robots\" content=\"index, follow, max-snippet:-1, max-image-preview:large, max-video-preview:-1\" \/>\n<link rel=\"canonical\" href=\"https:\/\/proyectum.com\/sistema\/blog\/el-autoproclamado-salvador-el-personaje-mas-peligroso-de-la-trama-de-la-organizacion\/\" \/>\n<meta property=\"og:locale\" content=\"es_ES\" \/>\n<meta property=\"og:type\" content=\"article\" \/>\n<meta property=\"og:title\" content=\"El autoproclamado salvador - El personaje m\u00e1s peligroso de la trama de la organizaci\u00f3n - Proyectum\" \/>\n<meta property=\"og:description\" content=\"Los autoproclamados salvadores nunca te salvar\u00e1n ya que su \u00fanica intenci\u00f3n es su \u00e9xito personal dentro de las organizaciones.\" \/>\n<meta property=\"og:url\" content=\"https:\/\/proyectum.com\/sistema\/blog\/el-autoproclamado-salvador-el-personaje-mas-peligroso-de-la-trama-de-la-organizacion\/\" \/>\n<meta property=\"og:site_name\" content=\"Proyectum\" \/>\n<meta property=\"article:publisher\" content=\"https:\/\/www.facebook.com\/proyectum\/\" \/>\n<meta property=\"article:published_time\" content=\"2021-09-28T15:36:05+00:00\" \/>\n<meta property=\"article:modified_time\" content=\"2021-09-28T15:40:35+00:00\" \/>\n<meta property=\"og:image\" content=\"https:\/\/proyectum.com\/sistema\/wp-content\/uploads\/2021\/09\/Autoproclamado-Salvador.jpg\" \/>\n\t<meta property=\"og:image:width\" content=\"1700\" \/>\n\t<meta property=\"og:image:height\" content=\"1133\" \/>\n\t<meta property=\"og:image:type\" content=\"image\/jpeg\" \/>\n<meta name=\"author\" content=\"Jorge Vald\u00e9s Garciatorres\" \/>\n<meta name=\"twitter:card\" content=\"summary_large_image\" \/>\n<meta name=\"twitter:label1\" content=\"Escrito por\" \/>\n\t<meta name=\"twitter:data1\" content=\"Jorge Vald\u00e9s Garciatorres\" \/>\n\t<meta name=\"twitter:label2\" content=\"Tiempo de lectura\" \/>\n\t<meta name=\"twitter:data2\" content=\"3 minutos\" \/>\n<script type=\"application\/ld+json\" class=\"yoast-schema-graph\">{\"@context\":\"https:\\\/\\\/schema.org\",\"@graph\":[{\"@type\":\"Article\",\"@id\":\"https:\\\/\\\/proyectum.com\\\/sistema\\\/blog\\\/el-autoproclamado-salvador-el-personaje-mas-peligroso-de-la-trama-de-la-organizacion\\\/#article\",\"isPartOf\":{\"@id\":\"https:\\\/\\\/proyectum.com\\\/sistema\\\/blog\\\/el-autoproclamado-salvador-el-personaje-mas-peligroso-de-la-trama-de-la-organizacion\\\/\"},\"author\":{\"name\":\"Jorge Vald\u00e9s Garciatorres\",\"@id\":\"https:\\\/\\\/proyectum.com\\\/sistema\\\/#\\\/schema\\\/person\\\/d31dc858cdc64bb094f97de74c958a16\"},\"headline\":\"El autoproclamado salvador &#8211; El personaje m\u00e1s peligroso de la trama de la organizaci\u00f3n\",\"datePublished\":\"2021-09-28T15:36:05+00:00\",\"dateModified\":\"2021-09-28T15:40:35+00:00\",\"mainEntityOfPage\":{\"@id\":\"https:\\\/\\\/proyectum.com\\\/sistema\\\/blog\\\/el-autoproclamado-salvador-el-personaje-mas-peligroso-de-la-trama-de-la-organizacion\\\/\"},\"wordCount\":686,\"publisher\":{\"@id\":\"https:\\\/\\\/proyectum.com\\\/sistema\\\/#organization\"},\"image\":{\"@id\":\"https:\\\/\\\/proyectum.com\\\/sistema\\\/blog\\\/el-autoproclamado-salvador-el-personaje-mas-peligroso-de-la-trama-de-la-organizacion\\\/#primaryimage\"},\"thumbnailUrl\":\"https:\\\/\\\/proyectum.com\\\/sistema\\\/wp-content\\\/uploads\\\/2021\\\/09\\\/Autoproclamado-Salvador.jpg\",\"keywords\":[\"autoproclamado salvador\",\"decisiones de equipos de proyectos\",\"\u00e9xito personal\",\"Los autoproclamados salvadores nunca te salvar\u00e1n\"],\"articleSection\":[\"Liderazgo\",\"Transformaci\u00f3n y cambio\"],\"inLanguage\":\"es\"},{\"@type\":\"WebPage\",\"@id\":\"https:\\\/\\\/proyectum.com\\\/sistema\\\/blog\\\/el-autoproclamado-salvador-el-personaje-mas-peligroso-de-la-trama-de-la-organizacion\\\/\",\"url\":\"https:\\\/\\\/proyectum.com\\\/sistema\\\/blog\\\/el-autoproclamado-salvador-el-personaje-mas-peligroso-de-la-trama-de-la-organizacion\\\/\",\"name\":\"El autoproclamado salvador - El personaje m\u00e1s peligroso de la trama de la organizaci\u00f3n - Proyectum\",\"isPartOf\":{\"@id\":\"https:\\\/\\\/proyectum.com\\\/sistema\\\/#website\"},\"primaryImageOfPage\":{\"@id\":\"https:\\\/\\\/proyectum.com\\\/sistema\\\/blog\\\/el-autoproclamado-salvador-el-personaje-mas-peligroso-de-la-trama-de-la-organizacion\\\/#primaryimage\"},\"image\":{\"@id\":\"https:\\\/\\\/proyectum.com\\\/sistema\\\/blog\\\/el-autoproclamado-salvador-el-personaje-mas-peligroso-de-la-trama-de-la-organizacion\\\/#primaryimage\"},\"thumbnailUrl\":\"https:\\\/\\\/proyectum.com\\\/sistema\\\/wp-content\\\/uploads\\\/2021\\\/09\\\/Autoproclamado-Salvador.jpg\",\"datePublished\":\"2021-09-28T15:36:05+00:00\",\"dateModified\":\"2021-09-28T15:40:35+00:00\",\"description\":\"Los autoproclamados salvadores nunca te salvar\u00e1n ya que su \u00fanica intenci\u00f3n es su \u00e9xito personal dentro de las organizaciones.\",\"breadcrumb\":{\"@id\":\"https:\\\/\\\/proyectum.com\\\/sistema\\\/blog\\\/el-autoproclamado-salvador-el-personaje-mas-peligroso-de-la-trama-de-la-organizacion\\\/#breadcrumb\"},\"inLanguage\":\"es\",\"potentialAction\":[{\"@type\":\"ReadAction\",\"target\":[\"https:\\\/\\\/proyectum.com\\\/sistema\\\/blog\\\/el-autoproclamado-salvador-el-personaje-mas-peligroso-de-la-trama-de-la-organizacion\\\/\"]}]},{\"@type\":\"ImageObject\",\"inLanguage\":\"es\",\"@id\":\"https:\\\/\\\/proyectum.com\\\/sistema\\\/blog\\\/el-autoproclamado-salvador-el-personaje-mas-peligroso-de-la-trama-de-la-organizacion\\\/#primaryimage\",\"url\":\"https:\\\/\\\/proyectum.com\\\/sistema\\\/wp-content\\\/uploads\\\/2021\\\/09\\\/Autoproclamado-Salvador.jpg\",\"contentUrl\":\"https:\\\/\\\/proyectum.com\\\/sistema\\\/wp-content\\\/uploads\\\/2021\\\/09\\\/Autoproclamado-Salvador.jpg\",\"width\":1700,\"height\":1133,\"caption\":\"Autoproclamado Salvador\"},{\"@type\":\"BreadcrumbList\",\"@id\":\"https:\\\/\\\/proyectum.com\\\/sistema\\\/blog\\\/el-autoproclamado-salvador-el-personaje-mas-peligroso-de-la-trama-de-la-organizacion\\\/#breadcrumb\",\"itemListElement\":[{\"@type\":\"ListItem\",\"position\":1,\"name\":\"Home\",\"item\":\"https:\\\/\\\/proyectum.com\\\/sistema\\\/\"},{\"@type\":\"ListItem\",\"position\":2,\"name\":\"El autoproclamado salvador &#8211; El personaje m\u00e1s peligroso de la trama de la organizaci\u00f3n\"}]},{\"@type\":\"WebSite\",\"@id\":\"https:\\\/\\\/proyectum.com\\\/sistema\\\/#website\",\"url\":\"https:\\\/\\\/proyectum.com\\\/sistema\\\/\",\"name\":\"Proyectum\",\"description\":\"Direcci\u00f3n de Proyectos y M\u00e9todos \u00c1giles\",\"publisher\":{\"@id\":\"https:\\\/\\\/proyectum.com\\\/sistema\\\/#organization\"},\"potentialAction\":[{\"@type\":\"SearchAction\",\"target\":{\"@type\":\"EntryPoint\",\"urlTemplate\":\"https:\\\/\\\/proyectum.com\\\/sistema\\\/?s={search_term_string}\"},\"query-input\":{\"@type\":\"PropertyValueSpecification\",\"valueRequired\":true,\"valueName\":\"search_term_string\"}}],\"inLanguage\":\"es\"},{\"@type\":\"Organization\",\"@id\":\"https:\\\/\\\/proyectum.com\\\/sistema\\\/#organization\",\"name\":\"Proyectum\",\"url\":\"https:\\\/\\\/proyectum.com\\\/sistema\\\/\",\"logo\":{\"@type\":\"ImageObject\",\"inLanguage\":\"es\",\"@id\":\"https:\\\/\\\/proyectum.com\\\/sistema\\\/#\\\/schema\\\/logo\\\/image\\\/\",\"url\":\"https:\\\/\\\/www.proyectum.com\\\/sistema\\\/wp-content\\\/uploads\\\/2020\\\/04\\\/proyectum-logo-snippet.png\",\"contentUrl\":\"https:\\\/\\\/www.proyectum.com\\\/sistema\\\/wp-content\\\/uploads\\\/2020\\\/04\\\/proyectum-logo-snippet.png\",\"width\":600,\"height\":315,\"caption\":\"Proyectum\"},\"image\":{\"@id\":\"https:\\\/\\\/proyectum.com\\\/sistema\\\/#\\\/schema\\\/logo\\\/image\\\/\"},\"sameAs\":[\"https:\\\/\\\/www.facebook.com\\\/proyectum\\\/\",\"https:\\\/\\\/www.linkedin.com\\\/company\\\/sistemaproyectum\\\/\",\"https:\\\/\\\/www.youtube.com\\\/channel\\\/UCljouWimyhK_cNcC2jniUgw\"]},{\"@type\":\"Person\",\"@id\":\"https:\\\/\\\/proyectum.com\\\/sistema\\\/#\\\/schema\\\/person\\\/d31dc858cdc64bb094f97de74c958a16\",\"name\":\"Jorge Vald\u00e9s Garciatorres\",\"image\":{\"@type\":\"ImageObject\",\"inLanguage\":\"es\",\"@id\":\"https:\\\/\\\/secure.gravatar.com\\\/avatar\\\/d8c545fb11684f0c20963dba484f2d994a1b6fad92d26f108a8188f16c288d78?s=96&d=mm&r=g\",\"url\":\"https:\\\/\\\/secure.gravatar.com\\\/avatar\\\/d8c545fb11684f0c20963dba484f2d994a1b6fad92d26f108a8188f16c288d78?s=96&d=mm&r=g\",\"contentUrl\":\"https:\\\/\\\/secure.gravatar.com\\\/avatar\\\/d8c545fb11684f0c20963dba484f2d994a1b6fad92d26f108a8188f16c288d78?s=96&d=mm&r=g\",\"caption\":\"Jorge Vald\u00e9s Garciatorres\"},\"description\":\"Jorge es autor del libro \\\"El Camino hacia la PMO \u00c1gil\\\". Es Coautor de un modelo sist\u00e9mico para la evaluaci\u00f3n y mejora del Ecosistema Organizacional de Direcci\u00f3n de de Proyectos. Ha sido consultor, instructor y facilitador desde 2005 en temas relacionados con Estrategia, Direcci\u00f3n de Proyectos y Optimizaci\u00f3n de Procesos de Negocio. Igualmente es contador de historias y frecuentemente participa en diversos foros, compartiendo sus reflexiones. Jorge es miembro de importantes organizaciones como el PMI y el NTL Institute. Adem\u00e1s, cuenta con varias certificaciones como la de PMP, Systems Thinking, Agile Leadership, entre muchas otras.\",\"sameAs\":[\"https:\\\/\\\/www.linkedin.com\\\/in\\\/jorgevaldex\\\/\"],\"url\":\"https:\\\/\\\/proyectum.com\\\/sistema\\\/author\\\/jvaldex\\\/\"}]}<\/script>\n<!-- \/ Yoast SEO plugin. -->","yoast_head_json":{"title":"El autoproclamado salvador - El personaje m\u00e1s peligroso de la trama de la organizaci\u00f3n - Proyectum","description":"Los autoproclamados salvadores nunca te salvar\u00e1n ya que su \u00fanica intenci\u00f3n es su \u00e9xito personal dentro de las organizaciones.","robots":{"index":"index","follow":"follow","max-snippet":"max-snippet:-1","max-image-preview":"max-image-preview:large","max-video-preview":"max-video-preview:-1"},"canonical":"https:\/\/proyectum.com\/sistema\/blog\/el-autoproclamado-salvador-el-personaje-mas-peligroso-de-la-trama-de-la-organizacion\/","og_locale":"es_ES","og_type":"article","og_title":"El autoproclamado salvador - El personaje m\u00e1s peligroso de la trama de la organizaci\u00f3n - Proyectum","og_description":"Los autoproclamados salvadores nunca te salvar\u00e1n ya que su \u00fanica intenci\u00f3n es su \u00e9xito personal dentro de las organizaciones.","og_url":"https:\/\/proyectum.com\/sistema\/blog\/el-autoproclamado-salvador-el-personaje-mas-peligroso-de-la-trama-de-la-organizacion\/","og_site_name":"Proyectum","article_publisher":"https:\/\/www.facebook.com\/proyectum\/","article_published_time":"2021-09-28T15:36:05+00:00","article_modified_time":"2021-09-28T15:40:35+00:00","og_image":[{"width":1700,"height":1133,"url":"https:\/\/proyectum.com\/sistema\/wp-content\/uploads\/2021\/09\/Autoproclamado-Salvador.jpg","type":"image\/jpeg"}],"author":"Jorge Vald\u00e9s Garciatorres","twitter_card":"summary_large_image","twitter_misc":{"Escrito por":"Jorge Vald\u00e9s Garciatorres","Tiempo de lectura":"3 minutos"},"schema":{"@context":"https:\/\/schema.org","@graph":[{"@type":"Article","@id":"https:\/\/proyectum.com\/sistema\/blog\/el-autoproclamado-salvador-el-personaje-mas-peligroso-de-la-trama-de-la-organizacion\/#article","isPartOf":{"@id":"https:\/\/proyectum.com\/sistema\/blog\/el-autoproclamado-salvador-el-personaje-mas-peligroso-de-la-trama-de-la-organizacion\/"},"author":{"name":"Jorge Vald\u00e9s Garciatorres","@id":"https:\/\/proyectum.com\/sistema\/#\/schema\/person\/d31dc858cdc64bb094f97de74c958a16"},"headline":"El autoproclamado salvador &#8211; El personaje m\u00e1s peligroso de la trama de la organizaci\u00f3n","datePublished":"2021-09-28T15:36:05+00:00","dateModified":"2021-09-28T15:40:35+00:00","mainEntityOfPage":{"@id":"https:\/\/proyectum.com\/sistema\/blog\/el-autoproclamado-salvador-el-personaje-mas-peligroso-de-la-trama-de-la-organizacion\/"},"wordCount":686,"publisher":{"@id":"https:\/\/proyectum.com\/sistema\/#organization"},"image":{"@id":"https:\/\/proyectum.com\/sistema\/blog\/el-autoproclamado-salvador-el-personaje-mas-peligroso-de-la-trama-de-la-organizacion\/#primaryimage"},"thumbnailUrl":"https:\/\/proyectum.com\/sistema\/wp-content\/uploads\/2021\/09\/Autoproclamado-Salvador.jpg","keywords":["autoproclamado salvador","decisiones de equipos de proyectos","\u00e9xito personal","Los autoproclamados salvadores nunca te salvar\u00e1n"],"articleSection":["Liderazgo","Transformaci\u00f3n y cambio"],"inLanguage":"es"},{"@type":"WebPage","@id":"https:\/\/proyectum.com\/sistema\/blog\/el-autoproclamado-salvador-el-personaje-mas-peligroso-de-la-trama-de-la-organizacion\/","url":"https:\/\/proyectum.com\/sistema\/blog\/el-autoproclamado-salvador-el-personaje-mas-peligroso-de-la-trama-de-la-organizacion\/","name":"El autoproclamado salvador - El personaje m\u00e1s peligroso de la trama de la organizaci\u00f3n - Proyectum","isPartOf":{"@id":"https:\/\/proyectum.com\/sistema\/#website"},"primaryImageOfPage":{"@id":"https:\/\/proyectum.com\/sistema\/blog\/el-autoproclamado-salvador-el-personaje-mas-peligroso-de-la-trama-de-la-organizacion\/#primaryimage"},"image":{"@id":"https:\/\/proyectum.com\/sistema\/blog\/el-autoproclamado-salvador-el-personaje-mas-peligroso-de-la-trama-de-la-organizacion\/#primaryimage"},"thumbnailUrl":"https:\/\/proyectum.com\/sistema\/wp-content\/uploads\/2021\/09\/Autoproclamado-Salvador.jpg","datePublished":"2021-09-28T15:36:05+00:00","dateModified":"2021-09-28T15:40:35+00:00","description":"Los autoproclamados salvadores nunca te salvar\u00e1n ya que su \u00fanica intenci\u00f3n es su \u00e9xito personal dentro de las organizaciones.","breadcrumb":{"@id":"https:\/\/proyectum.com\/sistema\/blog\/el-autoproclamado-salvador-el-personaje-mas-peligroso-de-la-trama-de-la-organizacion\/#breadcrumb"},"inLanguage":"es","potentialAction":[{"@type":"ReadAction","target":["https:\/\/proyectum.com\/sistema\/blog\/el-autoproclamado-salvador-el-personaje-mas-peligroso-de-la-trama-de-la-organizacion\/"]}]},{"@type":"ImageObject","inLanguage":"es","@id":"https:\/\/proyectum.com\/sistema\/blog\/el-autoproclamado-salvador-el-personaje-mas-peligroso-de-la-trama-de-la-organizacion\/#primaryimage","url":"https:\/\/proyectum.com\/sistema\/wp-content\/uploads\/2021\/09\/Autoproclamado-Salvador.jpg","contentUrl":"https:\/\/proyectum.com\/sistema\/wp-content\/uploads\/2021\/09\/Autoproclamado-Salvador.jpg","width":1700,"height":1133,"caption":"Autoproclamado Salvador"},{"@type":"BreadcrumbList","@id":"https:\/\/proyectum.com\/sistema\/blog\/el-autoproclamado-salvador-el-personaje-mas-peligroso-de-la-trama-de-la-organizacion\/#breadcrumb","itemListElement":[{"@type":"ListItem","position":1,"name":"Home","item":"https:\/\/proyectum.com\/sistema\/"},{"@type":"ListItem","position":2,"name":"El autoproclamado salvador &#8211; El personaje m\u00e1s peligroso de la trama de la organizaci\u00f3n"}]},{"@type":"WebSite","@id":"https:\/\/proyectum.com\/sistema\/#website","url":"https:\/\/proyectum.com\/sistema\/","name":"Proyectum","description":"Direcci\u00f3n de Proyectos y M\u00e9todos \u00c1giles","publisher":{"@id":"https:\/\/proyectum.com\/sistema\/#organization"},"potentialAction":[{"@type":"SearchAction","target":{"@type":"EntryPoint","urlTemplate":"https:\/\/proyectum.com\/sistema\/?s={search_term_string}"},"query-input":{"@type":"PropertyValueSpecification","valueRequired":true,"valueName":"search_term_string"}}],"inLanguage":"es"},{"@type":"Organization","@id":"https:\/\/proyectum.com\/sistema\/#organization","name":"Proyectum","url":"https:\/\/proyectum.com\/sistema\/","logo":{"@type":"ImageObject","inLanguage":"es","@id":"https:\/\/proyectum.com\/sistema\/#\/schema\/logo\/image\/","url":"https:\/\/www.proyectum.com\/sistema\/wp-content\/uploads\/2020\/04\/proyectum-logo-snippet.png","contentUrl":"https:\/\/www.proyectum.com\/sistema\/wp-content\/uploads\/2020\/04\/proyectum-logo-snippet.png","width":600,"height":315,"caption":"Proyectum"},"image":{"@id":"https:\/\/proyectum.com\/sistema\/#\/schema\/logo\/image\/"},"sameAs":["https:\/\/www.facebook.com\/proyectum\/","https:\/\/www.linkedin.com\/company\/sistemaproyectum\/","https:\/\/www.youtube.com\/channel\/UCljouWimyhK_cNcC2jniUgw"]},{"@type":"Person","@id":"https:\/\/proyectum.com\/sistema\/#\/schema\/person\/d31dc858cdc64bb094f97de74c958a16","name":"Jorge Vald\u00e9s Garciatorres","image":{"@type":"ImageObject","inLanguage":"es","@id":"https:\/\/secure.gravatar.com\/avatar\/d8c545fb11684f0c20963dba484f2d994a1b6fad92d26f108a8188f16c288d78?s=96&d=mm&r=g","url":"https:\/\/secure.gravatar.com\/avatar\/d8c545fb11684f0c20963dba484f2d994a1b6fad92d26f108a8188f16c288d78?s=96&d=mm&r=g","contentUrl":"https:\/\/secure.gravatar.com\/avatar\/d8c545fb11684f0c20963dba484f2d994a1b6fad92d26f108a8188f16c288d78?s=96&d=mm&r=g","caption":"Jorge Vald\u00e9s Garciatorres"},"description":"Jorge es autor del libro \"El Camino hacia la PMO \u00c1gil\". Es Coautor de un modelo sist\u00e9mico para la evaluaci\u00f3n y mejora del Ecosistema Organizacional de Direcci\u00f3n de de Proyectos. Ha sido consultor, instructor y facilitador desde 2005 en temas relacionados con Estrategia, Direcci\u00f3n de Proyectos y Optimizaci\u00f3n de Procesos de Negocio. Igualmente es contador de historias y frecuentemente participa en diversos foros, compartiendo sus reflexiones. Jorge es miembro de importantes organizaciones como el PMI y el NTL Institute. Adem\u00e1s, cuenta con varias certificaciones como la de PMP, Systems Thinking, Agile Leadership, entre muchas otras.","sameAs":["https:\/\/www.linkedin.com\/in\/jorgevaldex\/"],"url":"https:\/\/proyectum.com\/sistema\/author\/jvaldex\/"}]}},"_links":{"self":[{"href":"https:\/\/proyectum.com\/sistema\/wp-json\/wp\/v2\/posts\/9722","targetHints":{"allow":["GET"]}}],"collection":[{"href":"https:\/\/proyectum.com\/sistema\/wp-json\/wp\/v2\/posts"}],"about":[{"href":"https:\/\/proyectum.com\/sistema\/wp-json\/wp\/v2\/types\/post"}],"author":[{"embeddable":true,"href":"https:\/\/proyectum.com\/sistema\/wp-json\/wp\/v2\/users\/18"}],"replies":[{"embeddable":true,"href":"https:\/\/proyectum.com\/sistema\/wp-json\/wp\/v2\/comments?post=9722"}],"version-history":[{"count":0,"href":"https:\/\/proyectum.com\/sistema\/wp-json\/wp\/v2\/posts\/9722\/revisions"}],"wp:featuredmedia":[{"embeddable":true,"href":"https:\/\/proyectum.com\/sistema\/wp-json\/wp\/v2\/media\/9723"}],"wp:attachment":[{"href":"https:\/\/proyectum.com\/sistema\/wp-json\/wp\/v2\/media?parent=9722"}],"wp:term":[{"taxonomy":"category","embeddable":true,"href":"https:\/\/proyectum.com\/sistema\/wp-json\/wp\/v2\/categories?post=9722"},{"taxonomy":"post_tag","embeddable":true,"href":"https:\/\/proyectum.com\/sistema\/wp-json\/wp\/v2\/tags?post=9722"}],"curies":[{"name":"wp","href":"https:\/\/api.w.org\/{rel}","templated":true}]}}