{"id":9807,"date":"2021-11-18T14:12:22","date_gmt":"2021-11-18T17:12:22","guid":{"rendered":"https:\/\/www.proyectum.com\/sistema\/?p=9807"},"modified":"2021-11-23T15:36:30","modified_gmt":"2021-11-23T18:36:30","slug":"hora-de-contar-con-directores-de-proyectos-profesionales","status":"publish","type":"post","link":"https:\/\/proyectum.com\/sistema\/blog\/ya-es-hora-de-contar-con-directores-de-proyectos-profesionales\/","title":{"rendered":"Ya es hora de contar con Directores de Proyectos Profesionales"},"content":{"rendered":"<p><strong>Si todas las organizaciones ejecutan proyectos, ya es hora de contar con directores de proyectos profesionales. Todas las organizaciones ejecutan proyectos. Desgraciadamente, en muchos casos, estos proyectos son gestionados con las mejores intenciones, pero sin un respaldo profesional<\/strong> de buenos conocimientos y herramientas.<\/p>\n<h3><strong>\u00bfQu\u00e9 es la direcci\u00f3n de proyectos?<\/strong><\/h3>\n<p>De acuerdo con el <strong><em>Project Management Institute <\/em>PMI<\/strong>:<\/p>\n<p style=\"text-align: center;\"><em><strong>\u201cEs la aplicaci\u00f3n de conocimientos, habilidades, herramientas y t\u00e9cnicas a las actividades del proyecto para cumplir con los requisitos del mismo\u00bb<\/strong><\/em><\/p>\n<p>Una gran parte de estas habilidades, herramientas y t\u00e9cnicas se describen en la <strong>Gu\u00eda PMBOK\u00ae<\/strong>, el cuerpo de conocimiento de la <strong>direcci\u00f3n de proyectos<\/strong>. Un libro que deber\u00eda ser una referencia obligada para aquellos profesionales que tienen el encargo de <strong>gestionar un proyecto<\/strong>.<\/p>\n<p><strong>Los proyectos impulsan el cambio en las organizaciones<\/strong> y la direcci\u00f3n de proyectos permite a las organizaciones ejecutar proyectos de manera eficaz y eficiente. Para que esto sea una realidad, se debe valorar y profesionalizar a la persona encargada de liderar al equipo responsable de alcanzar los objetivos del proyecto.<\/p>\n<h3><strong>La importancia y el valor de profesionalizar a los directores de proyectos<\/strong><\/h3>\n<p>Seg\u00fan las <a href=\"https:\/\/www.pmi.org\/learning\/library\/project-management-professionalization-8333\" target=\"_blank\" rel=\"noopener\">definiciones tradicionales<\/a>, la direcci\u00f3n de proyectos no se considera una profesi\u00f3n. Me resulta incre\u00edble que esta disciplina no se ense\u00f1e como materia obligatoria en varios semestres de las universidades o inclusive que no haya una carrera espec\u00edfica para <strong>graduarte como un director de proyectos profesional<\/strong>.<\/p>\n<p>Si los proyectos hacen posible la creaci\u00f3n de valor e impulsan el cambio para las organizaciones, \u00bfpor qu\u00e9 la direcci\u00f3n de proyectos sigue sin profesionalizarse?<\/p>\n<p>El pensar de muchas organizaciones es que se puede <strong>dirigir proyectos<\/strong> sin la necesidad de un profesional espec\u00edficamente preparado para la tarea. Quiz\u00e1 s\u00ed. Grandes proyectos de la humanidad, como la construcci\u00f3n de las pir\u00e1mides, se llevaron a cabo sin un director de proyectos profesional.<\/p>\n<p>Pero si est\u00e1 disciplina se ha ido enriqueciendo a trav\u00e9s de los a\u00f1os por qu\u00e9 no usarla. Por qu\u00e9 te negar\u00edas a usar el cintur\u00f3n de seguridad cuando lo tienes a tu disposici\u00f3n, simplemente por necedad.<\/p>\n<p><strong>Es momento de que las organizaciones dejen de llevar sus proyectos de forma intuitiva<\/strong>, que adopten las buenas pr\u00e1cticas de la disciplina y que desarrollen a sus <strong>directores de proyectos para que pasen de lo emp\u00edrico a lo profesional<\/strong>.<\/p>\n<h3><strong>Ya es hora de contar con Directores de Proyectos Profesionales<\/strong><\/h3>\n<p>\u00a1Ok, capac\u00edtemos a un grupo de personas y que obtengan su <strong>certificaci\u00f3n PMP\u00ae<\/strong>!<\/p>\n<p>Momento, ese no es el mejor camino para seguir. Si realmente queremos un cambio que nos derive en <strong>proyectos m\u00e1s exitosos y mayor valor para la organizaci\u00f3n<\/strong>, no podemos tomar el camino f\u00e1cil.<\/p>\n<p>Si mandas a todo mundo a capacitar y buscar su certificaci\u00f3n puede pasar de todo, menos lo que realmente buscas. Las personas seguramente no valorar\u00e1n la capacitaci\u00f3n y por lo tanto no se esforzar\u00e1n por realmente obtener la certificaci\u00f3n.<\/p>\n<p>Adem\u00e1s, en caso de que una persona llegue a certificarse, te pregunto, \u00bfes suficiente para profesionalizar la direcci\u00f3n de proyectos de tu organizaci\u00f3n? Es claro que la respuesta es no.<\/p>\n<p>Para pasar de proyectos gestionados de forma emp\u00edrica, con problemas de retrabajos, desviaciones y constantes fracasos, a <strong>proyectos gestionados profesionalmente que sean exitosos<\/strong>, se requiere un cambio organizacional que, por supuesto incluir\u00e1 la capacitaci\u00f3n, pero no como \u00fanico componente.<\/p>\n<h3><strong>\u00a1Quiero comenzar el camino de la profesionalizaci\u00f3n!<\/strong><\/h3>\n<p>Para que este art\u00edculo no sea solo un mensaje de: <em>\u201cno te vayas por el camino f\u00e1cil\u201d<\/em> y puedas alcanzar a ver que s\u00ed hay mejores soluciones, te comparto un par de pasos que podr\u00edas seguir para arrancar.<\/p>\n<p><strong>1- Analiza tu contexto actual.<\/strong> Si partimos de que no hay una receta a seguir, de un paso a paso que te garantice el \u00e9xito y que sea aplicable a todas las organizaciones, lo primero que debemos hacer no es buscar afuera de la organizaci\u00f3n si no hacer un an\u00e1lisis adentro.<\/p>\n<p>Analiza y lleva un registro de cu\u00e1ntos proyectos se llevan en tu organizaci\u00f3n, cu\u00e1l es la <strong>tasa de proyectos exitosos<\/strong>, si llevan un marco de direcci\u00f3n de proyectos com\u00fan o por lo menos similar, o definitivamente cada qui\u00e9n dirige su proyecto como mejor le parece. Identifica tambi\u00e9n quienes son esas personas clave que al igual que t\u00fa est\u00e1n interesadas en evolucionar la manera en que se llevan los proyectos en tu organizaci\u00f3n.<\/p>\n<p><strong>2- Inicia un proyecto.<\/strong> A partir de la situaci\u00f3n actual de tu organizaci\u00f3n, inicia <strong>un proyecto que tenga por objetivo profesionalizar la direcci\u00f3n de proyectos<\/strong>. Esta iniciativa tiene dos prop\u00f3sitos. La primera es por supuesto cumplir el objetivo del proyecto. La segunda es comenzar a <strong>utilizar las buenas pr\u00e1cticas en direcci\u00f3n de proyectos<\/strong>.<\/p>\n<p>Estos dos pasos incluyen una gran cantidad de trabajo, no tienes por qu\u00e9 llevarlo a cabo en solitario, en <a href=\"https:\/\/www.proyectum.com\/sistema\/\" target=\"_blank\" rel=\"noopener\">Proyectum<\/a> contamos con a\u00f1os de experiencia y expertos en la disciplina que han ayudado a cientos de organizaciones a profesionalizar su direcci\u00f3n de proyectos.<\/p>\n<p>Si quieres comenzar contigo y convertirte en un verdadero director de proyectos profesional, nuestro grupo de <a href=\"https:\/\/www.proyectum.com\/sistema\/instructores\/\" target=\"_blank\" rel=\"noopener\">asesores<\/a> te puede recomendar cu\u00e1l es la mejor opci\u00f3n de capacitaci\u00f3n. Partiendo de un an\u00e1lisis de tu experiencia y tu situaci\u00f3n actual.<\/p>\n<p><strong>Cuenta con el respaldo de Proyectum para tu profesionalizaci\u00f3n en direcci\u00f3n de proyectos, ya sea a nivel personal u organizacional.<\/strong><\/p>\n<p><strong>Conclusiones<\/strong><\/p>\n<p><strong>Mientras cualquiera pueda decirse director de proyecto<\/strong>, sin tener en cuenta la capacitaci\u00f3n o la certificaci\u00f3n, ser\u00e1 imposible crear una ocupaci\u00f3n que pueda <strong>reclamar el estatus de \u201cprofesional\u201d<\/strong>.<\/p>\n<p>Dejar de lado la intuici\u00f3n y el azar y comenzar a utilizar buenas pr\u00e1cticas probadas por muchos directores de proyectos alrededor del mundo, en distintas industrias, ayudar\u00e1 a que los proyectos <strong>cumplan su objetivo, crear valor e impulsar el cambio para las organizaciones<\/strong>.<\/p>\n<p><strong>Referencias:<\/strong><\/p>\n<p><a href=\"https:\/\/www.pmi.org\/learning\/library\/project-management-professionalization-8333\" target=\"_blank\" rel=\"noopener\">PMI.org<\/a><\/p>\n","protected":false},"excerpt":{"rendered":"<p>Si todas las organizaciones ejecutan proyectos, ya es hora de contar con directores de proyectos profesionales. Todas las organizaciones ejecutan proyectos. Desgraciadamente, en muchos casos, estos proyectos son gestionados con las mejores intenciones, pero sin un respaldo profesional de buenos conocimientos y herramientas. \u00bfQu\u00e9 es la direcci\u00f3n de proyectos? De acuerdo con el Project Management [&hellip;]<\/p>\n","protected":false},"author":46,"featured_media":9808,"comment_status":"closed","ping_status":"closed","sticky":false,"template":"","format":"standard","meta":{"_acf_changed":false,"content-type":"","footnotes":""},"categories":[57,55,61],"tags":[870,122,4314,4317,3357,4316,1667,4315,3740,4319,4318,4320,4313,4321],"class_list":["post-9807","post","type-post","status-publish","format-standard","has-post-thumbnail","hentry","category-direccion-de-proyectos","category-liderazgo","category-recursos-humanos","tag-certificacion-pmp","tag-direccion-de-proyectos-2","tag-directores-de-proyectos-profesionales","tag-dirigir-proyectos","tag-gestionar-un-proyecto","tag-graduarte-como-un-director-de-proyectos-profesional","tag-guia-pmbok","tag-los-proyectos-impulsan-el-cambio-en-las-organizaciones","tag-project-management-institute-pmi","tag-proyectos-gestionados-profesionalmente-que-sean-exitosos","tag-proyectos-mas-exitosos-y-mayor-valor-para-la-organizacion","tag-tasa-de-proyectos-exitosos","tag-todas-las-organizaciones-ejecutan-proyectos","tag-utilizar-las-buenas-practicas-en-direccion-de-proyectos"],"acf":[],"featured_image_src":{"landsacpe":["https:\/\/proyectum.com\/sistema\/wp-content\/uploads\/2021\/11\/Ya-es-hora-Directores-de-Proyectos-Profesionales-1140x445.jpg",1140,445,true],"list":["https:\/\/proyectum.com\/sistema\/wp-content\/uploads\/2021\/11\/Ya-es-hora-Directores-de-Proyectos-Profesionales-463x348.jpg",463,348,true],"medium":["https:\/\/proyectum.com\/sistema\/wp-content\/uploads\/2021\/11\/Ya-es-hora-Directores-de-Proyectos-Profesionales-300x200.jpg",300,200,true],"full":["https:\/\/proyectum.com\/sistema\/wp-content\/uploads\/2021\/11\/Ya-es-hora-Directores-de-Proyectos-Profesionales.jpg",1700,1133,false]},"yoast_head":"<!-- This site is optimized with the Yoast SEO plugin v27.5 - https:\/\/yoast.com\/product\/yoast-seo-wordpress\/ -->\n<title>Ya es hora de contar con Directores de Proyectos Profesionales<\/title>\n<meta name=\"description\" content=\"Si todas las organizaciones ejecutan proyectos, ya es hora de contar con directores de proyectos profesionales.\" \/>\n<meta name=\"robots\" content=\"index, follow, max-snippet:-1, max-image-preview:large, max-video-preview:-1\" \/>\n<link rel=\"canonical\" href=\"https:\/\/proyectum.com\/sistema\/blog\/ya-es-hora-de-contar-con-directores-de-proyectos-profesionales\/\" \/>\n<meta property=\"og:locale\" content=\"es_ES\" \/>\n<meta property=\"og:type\" content=\"article\" \/>\n<meta property=\"og:title\" content=\"Ya es hora de contar con Directores de Proyectos Profesionales\" \/>\n<meta property=\"og:description\" content=\"Si todas las organizaciones ejecutan proyectos, ya es hora de contar con directores de proyectos profesionales.\" \/>\n<meta property=\"og:url\" content=\"https:\/\/proyectum.com\/sistema\/blog\/ya-es-hora-de-contar-con-directores-de-proyectos-profesionales\/\" \/>\n<meta property=\"og:site_name\" content=\"Proyectum\" \/>\n<meta property=\"article:publisher\" content=\"https:\/\/www.facebook.com\/proyectum\/\" \/>\n<meta property=\"article:published_time\" content=\"2021-11-18T17:12:22+00:00\" \/>\n<meta property=\"article:modified_time\" content=\"2021-11-23T18:36:30+00:00\" \/>\n<meta property=\"og:image\" content=\"https:\/\/proyectum.com\/sistema\/wp-content\/uploads\/2021\/11\/Ya-es-hora-Directores-de-Proyectos-Profesionales.jpg\" \/>\n\t<meta property=\"og:image:width\" content=\"1700\" \/>\n\t<meta property=\"og:image:height\" content=\"1133\" \/>\n\t<meta property=\"og:image:type\" content=\"image\/jpeg\" \/>\n<meta name=\"author\" content=\"Omar Garc\u00eda\" \/>\n<meta name=\"twitter:card\" content=\"summary_large_image\" \/>\n<meta name=\"twitter:creator\" content=\"@omarzgarcia\" \/>\n<meta name=\"twitter:label1\" content=\"Escrito por\" \/>\n\t<meta name=\"twitter:data1\" content=\"Omar Garc\u00eda\" \/>\n\t<meta name=\"twitter:label2\" content=\"Tiempo de lectura\" \/>\n\t<meta name=\"twitter:data2\" content=\"5 minutos\" \/>\n<script type=\"application\/ld+json\" class=\"yoast-schema-graph\">{\"@context\":\"https:\\\/\\\/schema.org\",\"@graph\":[{\"@type\":\"Article\",\"@id\":\"https:\\\/\\\/proyectum.com\\\/sistema\\\/blog\\\/ya-es-hora-de-contar-con-directores-de-proyectos-profesionales\\\/#article\",\"isPartOf\":{\"@id\":\"https:\\\/\\\/proyectum.com\\\/sistema\\\/blog\\\/ya-es-hora-de-contar-con-directores-de-proyectos-profesionales\\\/\"},\"author\":{\"name\":\"Omar Garc\u00eda\",\"@id\":\"https:\\\/\\\/proyectum.com\\\/sistema\\\/#\\\/schema\\\/person\\\/2c2f3285c31a3a005b11add8832ae8f7\"},\"headline\":\"Ya es hora de contar con Directores de Proyectos Profesionales\",\"datePublished\":\"2021-11-18T17:12:22+00:00\",\"dateModified\":\"2021-11-23T18:36:30+00:00\",\"mainEntityOfPage\":{\"@id\":\"https:\\\/\\\/proyectum.com\\\/sistema\\\/blog\\\/ya-es-hora-de-contar-con-directores-de-proyectos-profesionales\\\/\"},\"wordCount\":1022,\"publisher\":{\"@id\":\"https:\\\/\\\/proyectum.com\\\/sistema\\\/#organization\"},\"image\":{\"@id\":\"https:\\\/\\\/proyectum.com\\\/sistema\\\/blog\\\/ya-es-hora-de-contar-con-directores-de-proyectos-profesionales\\\/#primaryimage\"},\"thumbnailUrl\":\"https:\\\/\\\/proyectum.com\\\/sistema\\\/wp-content\\\/uploads\\\/2021\\\/11\\\/Ya-es-hora-Directores-de-Proyectos-Profesionales.jpg\",\"keywords\":[\"certificaci\u00f3n PMP\",\"direcci\u00f3n de proyectos\",\"directores de proyectos profesionales\",\"dirigir proyectos\",\"gestionar un proyecto\",\"graduarte como un director de proyectos profesional\",\"Gu\u00eda PMBOK\u00ae\",\"Los proyectos impulsan el cambio en las organizaciones\",\"Project Management Institute PMI\",\"proyectos gestionados profesionalmente que sean exitosos\",\"proyectos m\u00e1s exitosos y mayor valor para la organizaci\u00f3n\",\"tasa de proyectos exitosos\",\"Todas las organizaciones ejecutan proyectos\",\"utilizar las buenas pr\u00e1cticas en direcci\u00f3n de proyectos\"],\"articleSection\":[\"Direcci\u00f3n de Proyectos\",\"Liderazgo\",\"Recursos Humanos\"],\"inLanguage\":\"es\"},{\"@type\":\"WebPage\",\"@id\":\"https:\\\/\\\/proyectum.com\\\/sistema\\\/blog\\\/ya-es-hora-de-contar-con-directores-de-proyectos-profesionales\\\/\",\"url\":\"https:\\\/\\\/proyectum.com\\\/sistema\\\/blog\\\/ya-es-hora-de-contar-con-directores-de-proyectos-profesionales\\\/\",\"name\":\"Ya es hora de contar con Directores de Proyectos Profesionales\",\"isPartOf\":{\"@id\":\"https:\\\/\\\/proyectum.com\\\/sistema\\\/#website\"},\"primaryImageOfPage\":{\"@id\":\"https:\\\/\\\/proyectum.com\\\/sistema\\\/blog\\\/ya-es-hora-de-contar-con-directores-de-proyectos-profesionales\\\/#primaryimage\"},\"image\":{\"@id\":\"https:\\\/\\\/proyectum.com\\\/sistema\\\/blog\\\/ya-es-hora-de-contar-con-directores-de-proyectos-profesionales\\\/#primaryimage\"},\"thumbnailUrl\":\"https:\\\/\\\/proyectum.com\\\/sistema\\\/wp-content\\\/uploads\\\/2021\\\/11\\\/Ya-es-hora-Directores-de-Proyectos-Profesionales.jpg\",\"datePublished\":\"2021-11-18T17:12:22+00:00\",\"dateModified\":\"2021-11-23T18:36:30+00:00\",\"description\":\"Si todas las organizaciones ejecutan proyectos, ya es hora de contar con directores de proyectos profesionales.\",\"breadcrumb\":{\"@id\":\"https:\\\/\\\/proyectum.com\\\/sistema\\\/blog\\\/ya-es-hora-de-contar-con-directores-de-proyectos-profesionales\\\/#breadcrumb\"},\"inLanguage\":\"es\",\"potentialAction\":[{\"@type\":\"ReadAction\",\"target\":[\"https:\\\/\\\/proyectum.com\\\/sistema\\\/blog\\\/ya-es-hora-de-contar-con-directores-de-proyectos-profesionales\\\/\"]}]},{\"@type\":\"ImageObject\",\"inLanguage\":\"es\",\"@id\":\"https:\\\/\\\/proyectum.com\\\/sistema\\\/blog\\\/ya-es-hora-de-contar-con-directores-de-proyectos-profesionales\\\/#primaryimage\",\"url\":\"https:\\\/\\\/proyectum.com\\\/sistema\\\/wp-content\\\/uploads\\\/2021\\\/11\\\/Ya-es-hora-Directores-de-Proyectos-Profesionales.jpg\",\"contentUrl\":\"https:\\\/\\\/proyectum.com\\\/sistema\\\/wp-content\\\/uploads\\\/2021\\\/11\\\/Ya-es-hora-Directores-de-Proyectos-Profesionales.jpg\",\"width\":1700,\"height\":1133,\"caption\":\"Ya es hora Directores de Proyectos Profesionales\"},{\"@type\":\"BreadcrumbList\",\"@id\":\"https:\\\/\\\/proyectum.com\\\/sistema\\\/blog\\\/ya-es-hora-de-contar-con-directores-de-proyectos-profesionales\\\/#breadcrumb\",\"itemListElement\":[{\"@type\":\"ListItem\",\"position\":1,\"name\":\"Home\",\"item\":\"https:\\\/\\\/proyectum.com\\\/sistema\\\/\"},{\"@type\":\"ListItem\",\"position\":2,\"name\":\"Ya es hora de contar con Directores de Proyectos Profesionales\"}]},{\"@type\":\"WebSite\",\"@id\":\"https:\\\/\\\/proyectum.com\\\/sistema\\\/#website\",\"url\":\"https:\\\/\\\/proyectum.com\\\/sistema\\\/\",\"name\":\"Proyectum\",\"description\":\"Direcci\u00f3n de Proyectos y M\u00e9todos \u00c1giles\",\"publisher\":{\"@id\":\"https:\\\/\\\/proyectum.com\\\/sistema\\\/#organization\"},\"potentialAction\":[{\"@type\":\"SearchAction\",\"target\":{\"@type\":\"EntryPoint\",\"urlTemplate\":\"https:\\\/\\\/proyectum.com\\\/sistema\\\/?s={search_term_string}\"},\"query-input\":{\"@type\":\"PropertyValueSpecification\",\"valueRequired\":true,\"valueName\":\"search_term_string\"}}],\"inLanguage\":\"es\"},{\"@type\":\"Organization\",\"@id\":\"https:\\\/\\\/proyectum.com\\\/sistema\\\/#organization\",\"name\":\"Proyectum\",\"url\":\"https:\\\/\\\/proyectum.com\\\/sistema\\\/\",\"logo\":{\"@type\":\"ImageObject\",\"inLanguage\":\"es\",\"@id\":\"https:\\\/\\\/proyectum.com\\\/sistema\\\/#\\\/schema\\\/logo\\\/image\\\/\",\"url\":\"https:\\\/\\\/www.proyectum.com\\\/sistema\\\/wp-content\\\/uploads\\\/2020\\\/04\\\/proyectum-logo-snippet.png\",\"contentUrl\":\"https:\\\/\\\/www.proyectum.com\\\/sistema\\\/wp-content\\\/uploads\\\/2020\\\/04\\\/proyectum-logo-snippet.png\",\"width\":600,\"height\":315,\"caption\":\"Proyectum\"},\"image\":{\"@id\":\"https:\\\/\\\/proyectum.com\\\/sistema\\\/#\\\/schema\\\/logo\\\/image\\\/\"},\"sameAs\":[\"https:\\\/\\\/www.facebook.com\\\/proyectum\\\/\",\"https:\\\/\\\/www.linkedin.com\\\/company\\\/sistemaproyectum\\\/\",\"https:\\\/\\\/www.youtube.com\\\/channel\\\/UCljouWimyhK_cNcC2jniUgw\"]},{\"@type\":\"Person\",\"@id\":\"https:\\\/\\\/proyectum.com\\\/sistema\\\/#\\\/schema\\\/person\\\/2c2f3285c31a3a005b11add8832ae8f7\",\"name\":\"Omar Garc\u00eda\",\"image\":{\"@type\":\"ImageObject\",\"inLanguage\":\"es\",\"@id\":\"https:\\\/\\\/secure.gravatar.com\\\/avatar\\\/6287ae96abd3e19dcc272b2c1ff8c5c0a0fcf3149e67894ce1b778f4232770a9?s=96&d=mm&r=g\",\"url\":\"https:\\\/\\\/secure.gravatar.com\\\/avatar\\\/6287ae96abd3e19dcc272b2c1ff8c5c0a0fcf3149e67894ce1b778f4232770a9?s=96&d=mm&r=g\",\"contentUrl\":\"https:\\\/\\\/secure.gravatar.com\\\/avatar\\\/6287ae96abd3e19dcc272b2c1ff8c5c0a0fcf3149e67894ce1b778f4232770a9?s=96&d=mm&r=g\",\"caption\":\"Omar Garc\u00eda\"},\"description\":\"Creador de contenidos en Proyectum. Para seguir la conversaci\u00f3n puedes escribirme en: @omarzgarcia\",\"sameAs\":[\"https:\\\/\\\/x.com\\\/@omarzgarcia\"],\"url\":\"https:\\\/\\\/proyectum.com\\\/sistema\\\/author\\\/omarzgarcia\\\/\"}]}<\/script>\n<!-- \/ Yoast SEO plugin. -->","yoast_head_json":{"title":"Ya es hora de contar con Directores de Proyectos Profesionales","description":"Si todas las organizaciones ejecutan proyectos, ya es hora de contar con directores de proyectos profesionales.","robots":{"index":"index","follow":"follow","max-snippet":"max-snippet:-1","max-image-preview":"max-image-preview:large","max-video-preview":"max-video-preview:-1"},"canonical":"https:\/\/proyectum.com\/sistema\/blog\/ya-es-hora-de-contar-con-directores-de-proyectos-profesionales\/","og_locale":"es_ES","og_type":"article","og_title":"Ya es hora de contar con Directores de Proyectos Profesionales","og_description":"Si todas las organizaciones ejecutan proyectos, ya es hora de contar con directores de proyectos profesionales.","og_url":"https:\/\/proyectum.com\/sistema\/blog\/ya-es-hora-de-contar-con-directores-de-proyectos-profesionales\/","og_site_name":"Proyectum","article_publisher":"https:\/\/www.facebook.com\/proyectum\/","article_published_time":"2021-11-18T17:12:22+00:00","article_modified_time":"2021-11-23T18:36:30+00:00","og_image":[{"width":1700,"height":1133,"url":"https:\/\/proyectum.com\/sistema\/wp-content\/uploads\/2021\/11\/Ya-es-hora-Directores-de-Proyectos-Profesionales.jpg","type":"image\/jpeg"}],"author":"Omar Garc\u00eda","twitter_card":"summary_large_image","twitter_creator":"@omarzgarcia","twitter_misc":{"Escrito por":"Omar Garc\u00eda","Tiempo de lectura":"5 minutos"},"schema":{"@context":"https:\/\/schema.org","@graph":[{"@type":"Article","@id":"https:\/\/proyectum.com\/sistema\/blog\/ya-es-hora-de-contar-con-directores-de-proyectos-profesionales\/#article","isPartOf":{"@id":"https:\/\/proyectum.com\/sistema\/blog\/ya-es-hora-de-contar-con-directores-de-proyectos-profesionales\/"},"author":{"name":"Omar Garc\u00eda","@id":"https:\/\/proyectum.com\/sistema\/#\/schema\/person\/2c2f3285c31a3a005b11add8832ae8f7"},"headline":"Ya es hora de contar con Directores de Proyectos Profesionales","datePublished":"2021-11-18T17:12:22+00:00","dateModified":"2021-11-23T18:36:30+00:00","mainEntityOfPage":{"@id":"https:\/\/proyectum.com\/sistema\/blog\/ya-es-hora-de-contar-con-directores-de-proyectos-profesionales\/"},"wordCount":1022,"publisher":{"@id":"https:\/\/proyectum.com\/sistema\/#organization"},"image":{"@id":"https:\/\/proyectum.com\/sistema\/blog\/ya-es-hora-de-contar-con-directores-de-proyectos-profesionales\/#primaryimage"},"thumbnailUrl":"https:\/\/proyectum.com\/sistema\/wp-content\/uploads\/2021\/11\/Ya-es-hora-Directores-de-Proyectos-Profesionales.jpg","keywords":["certificaci\u00f3n PMP","direcci\u00f3n de proyectos","directores de proyectos profesionales","dirigir proyectos","gestionar un proyecto","graduarte como un director de proyectos profesional","Gu\u00eda PMBOK\u00ae","Los proyectos impulsan el cambio en las organizaciones","Project Management Institute PMI","proyectos gestionados profesionalmente que sean exitosos","proyectos m\u00e1s exitosos y mayor valor para la organizaci\u00f3n","tasa de proyectos exitosos","Todas las organizaciones ejecutan proyectos","utilizar las buenas pr\u00e1cticas en direcci\u00f3n de proyectos"],"articleSection":["Direcci\u00f3n de Proyectos","Liderazgo","Recursos Humanos"],"inLanguage":"es"},{"@type":"WebPage","@id":"https:\/\/proyectum.com\/sistema\/blog\/ya-es-hora-de-contar-con-directores-de-proyectos-profesionales\/","url":"https:\/\/proyectum.com\/sistema\/blog\/ya-es-hora-de-contar-con-directores-de-proyectos-profesionales\/","name":"Ya es hora de contar con Directores de Proyectos Profesionales","isPartOf":{"@id":"https:\/\/proyectum.com\/sistema\/#website"},"primaryImageOfPage":{"@id":"https:\/\/proyectum.com\/sistema\/blog\/ya-es-hora-de-contar-con-directores-de-proyectos-profesionales\/#primaryimage"},"image":{"@id":"https:\/\/proyectum.com\/sistema\/blog\/ya-es-hora-de-contar-con-directores-de-proyectos-profesionales\/#primaryimage"},"thumbnailUrl":"https:\/\/proyectum.com\/sistema\/wp-content\/uploads\/2021\/11\/Ya-es-hora-Directores-de-Proyectos-Profesionales.jpg","datePublished":"2021-11-18T17:12:22+00:00","dateModified":"2021-11-23T18:36:30+00:00","description":"Si todas las organizaciones ejecutan proyectos, ya es hora de contar con directores de proyectos profesionales.","breadcrumb":{"@id":"https:\/\/proyectum.com\/sistema\/blog\/ya-es-hora-de-contar-con-directores-de-proyectos-profesionales\/#breadcrumb"},"inLanguage":"es","potentialAction":[{"@type":"ReadAction","target":["https:\/\/proyectum.com\/sistema\/blog\/ya-es-hora-de-contar-con-directores-de-proyectos-profesionales\/"]}]},{"@type":"ImageObject","inLanguage":"es","@id":"https:\/\/proyectum.com\/sistema\/blog\/ya-es-hora-de-contar-con-directores-de-proyectos-profesionales\/#primaryimage","url":"https:\/\/proyectum.com\/sistema\/wp-content\/uploads\/2021\/11\/Ya-es-hora-Directores-de-Proyectos-Profesionales.jpg","contentUrl":"https:\/\/proyectum.com\/sistema\/wp-content\/uploads\/2021\/11\/Ya-es-hora-Directores-de-Proyectos-Profesionales.jpg","width":1700,"height":1133,"caption":"Ya es hora Directores de Proyectos Profesionales"},{"@type":"BreadcrumbList","@id":"https:\/\/proyectum.com\/sistema\/blog\/ya-es-hora-de-contar-con-directores-de-proyectos-profesionales\/#breadcrumb","itemListElement":[{"@type":"ListItem","position":1,"name":"Home","item":"https:\/\/proyectum.com\/sistema\/"},{"@type":"ListItem","position":2,"name":"Ya es hora de contar con Directores de Proyectos Profesionales"}]},{"@type":"WebSite","@id":"https:\/\/proyectum.com\/sistema\/#website","url":"https:\/\/proyectum.com\/sistema\/","name":"Proyectum","description":"Direcci\u00f3n de Proyectos y M\u00e9todos \u00c1giles","publisher":{"@id":"https:\/\/proyectum.com\/sistema\/#organization"},"potentialAction":[{"@type":"SearchAction","target":{"@type":"EntryPoint","urlTemplate":"https:\/\/proyectum.com\/sistema\/?s={search_term_string}"},"query-input":{"@type":"PropertyValueSpecification","valueRequired":true,"valueName":"search_term_string"}}],"inLanguage":"es"},{"@type":"Organization","@id":"https:\/\/proyectum.com\/sistema\/#organization","name":"Proyectum","url":"https:\/\/proyectum.com\/sistema\/","logo":{"@type":"ImageObject","inLanguage":"es","@id":"https:\/\/proyectum.com\/sistema\/#\/schema\/logo\/image\/","url":"https:\/\/www.proyectum.com\/sistema\/wp-content\/uploads\/2020\/04\/proyectum-logo-snippet.png","contentUrl":"https:\/\/www.proyectum.com\/sistema\/wp-content\/uploads\/2020\/04\/proyectum-logo-snippet.png","width":600,"height":315,"caption":"Proyectum"},"image":{"@id":"https:\/\/proyectum.com\/sistema\/#\/schema\/logo\/image\/"},"sameAs":["https:\/\/www.facebook.com\/proyectum\/","https:\/\/www.linkedin.com\/company\/sistemaproyectum\/","https:\/\/www.youtube.com\/channel\/UCljouWimyhK_cNcC2jniUgw"]},{"@type":"Person","@id":"https:\/\/proyectum.com\/sistema\/#\/schema\/person\/2c2f3285c31a3a005b11add8832ae8f7","name":"Omar Garc\u00eda","image":{"@type":"ImageObject","inLanguage":"es","@id":"https:\/\/secure.gravatar.com\/avatar\/6287ae96abd3e19dcc272b2c1ff8c5c0a0fcf3149e67894ce1b778f4232770a9?s=96&d=mm&r=g","url":"https:\/\/secure.gravatar.com\/avatar\/6287ae96abd3e19dcc272b2c1ff8c5c0a0fcf3149e67894ce1b778f4232770a9?s=96&d=mm&r=g","contentUrl":"https:\/\/secure.gravatar.com\/avatar\/6287ae96abd3e19dcc272b2c1ff8c5c0a0fcf3149e67894ce1b778f4232770a9?s=96&d=mm&r=g","caption":"Omar Garc\u00eda"},"description":"Creador de contenidos en Proyectum. Para seguir la conversaci\u00f3n puedes escribirme en: @omarzgarcia","sameAs":["https:\/\/x.com\/@omarzgarcia"],"url":"https:\/\/proyectum.com\/sistema\/author\/omarzgarcia\/"}]}},"_links":{"self":[{"href":"https:\/\/proyectum.com\/sistema\/wp-json\/wp\/v2\/posts\/9807","targetHints":{"allow":["GET"]}}],"collection":[{"href":"https:\/\/proyectum.com\/sistema\/wp-json\/wp\/v2\/posts"}],"about":[{"href":"https:\/\/proyectum.com\/sistema\/wp-json\/wp\/v2\/types\/post"}],"author":[{"embeddable":true,"href":"https:\/\/proyectum.com\/sistema\/wp-json\/wp\/v2\/users\/46"}],"replies":[{"embeddable":true,"href":"https:\/\/proyectum.com\/sistema\/wp-json\/wp\/v2\/comments?post=9807"}],"version-history":[{"count":0,"href":"https:\/\/proyectum.com\/sistema\/wp-json\/wp\/v2\/posts\/9807\/revisions"}],"wp:featuredmedia":[{"embeddable":true,"href":"https:\/\/proyectum.com\/sistema\/wp-json\/wp\/v2\/media\/9808"}],"wp:attachment":[{"href":"https:\/\/proyectum.com\/sistema\/wp-json\/wp\/v2\/media?parent=9807"}],"wp:term":[{"taxonomy":"category","embeddable":true,"href":"https:\/\/proyectum.com\/sistema\/wp-json\/wp\/v2\/categories?post=9807"},{"taxonomy":"post_tag","embeddable":true,"href":"https:\/\/proyectum.com\/sistema\/wp-json\/wp\/v2\/tags?post=9807"}],"curies":[{"name":"wp","href":"https:\/\/api.w.org\/{rel}","templated":true}]}}