{"id":9868,"date":"2021-12-20T17:45:14","date_gmt":"2021-12-20T20:45:14","guid":{"rendered":"https:\/\/www.proyectum.com\/sistema\/?p=9868"},"modified":"2021-12-20T18:43:15","modified_gmt":"2021-12-20T21:43:15","slug":"la-religion-de-la-disrupcion-se-pierde-lo-que-no-va-a-cambiar-y-como-podemos-capitalizarlo-2-de-2","status":"publish","type":"post","link":"https:\/\/proyectum.com\/sistema\/blog\/la-religion-de-la-disrupcion-se-pierde-lo-que-no-va-a-cambiar\/","title":{"rendered":"La Religi\u00f3n de la Disrupci\u00f3n se pierde: Lo que no va a cambiar, y c\u00f3mo podemos capitalizarlo. (2 de 2)"},"content":{"rendered":"<p style=\"text-align: right;\">Por: Leandro Herrero, MD<\/p>\n<p style=\"text-align: right;\">Traducido y adaptado por Jorge Vald\u00e9s, MDO, PMP<\/p>\n<p style=\"text-align: right;\"><em>\u201cNo hay nada permanente excepto el cambio.\u201d<\/em><\/p>\n<p style=\"text-align: right;\">Her\u00e1clito de Efeso<\/p>\n<p>En la <a href=\"https:\/\/www.proyectum.com\/sistema\/blog\/esto-no-cambiara-el-anuncio-mas-importante-de-la-gestion-del-cambio\/\" target=\"_blank\" rel=\"noopener\">entrega anterior<\/a> compart\u00ed la sencilla idea de que los enfoques de la <strong>gesti\u00f3n del cambio<\/strong> a menudo pasan por alto un gran elefante en la habitaci\u00f3n: <strong>\u00bfqu\u00e9 es lo que realmente no se puede cambiar?<\/strong> Tambi\u00e9n mencion\u00e9 que <strong>los argumentos a favor del cambio son mucho m\u00e1s fuertes cuando se indica lo que no se puede cambiar, lo que no se toca y por qu\u00e9<\/strong>.<\/p>\n<p>En uno de los peri\u00f3dicos del domingo me recordaron la opini\u00f3n de Jeff Bezos sobre el cambio estrat\u00e9gico y comercial. Vale la pena reproducir el p\u00e1rrafo aqu\u00ed:<\/p>\n<blockquote><p><em>Con mucha frecuencia me preguntan: \u00ab\u00bfQu\u00e9 va a cambiar en los pr\u00f3ximos 10 a\u00f1os?\u00bb <strong>Casi nunca me preguntan: \u00ab\u00bfQu\u00e9 no va a cambiar en los pr\u00f3ximos 10 a\u00f1os?\u00bb<\/strong>. Y yo sostengo que esa segunda pregunta es en realidad la m\u00e1s importante de las dos, porque se puede construir una estrategia comercial en torno a las cosas que son estables en el tiempo. En nuestro negocio de venta al por menor, sabemos que los clientes quieren precios bajos, y s\u00e9 que eso va a ser cierto dentro de 10 a\u00f1os. Es imposible imaginar un futuro en el que un cliente se acerque y diga: \u00abJeff, me encanta Amazon, pero me gustar\u00eda que los precios fueran un poco m\u00e1s altos\u00bb, o \u00abme encanta Amazon, pero me gustar\u00eda que las entregas fueran un poco m\u00e1s lentas\u00bb.<\/em><\/p><\/blockquote>\n<p>Al igual que en la \u00abgesti\u00f3n del cambio\u00bb, el pensamiento y la planificaci\u00f3n estrat\u00e9gicos a menudo se pierden ese momento Bezos. Por supuesto, esto puede ser descartado por muchos bajo la opini\u00f3n de que todo eso suele estar impl\u00edcito en el propio <strong>plan estrat\u00e9gico<\/strong>. Francamente, no es mi experiencia. Puede estar impl\u00edcito y escondido pero apenas lo he visto bien articulado: <strong>esto no va a cambiar, esto no lo vamos a hacer<\/strong>.<\/p>\n<p>La Religi\u00f3n de la Disrupci\u00f3n se equivoca. Mucha gente se lanza a la b\u00fasqueda sagrada de una especie de viejo Skype disruptivo o de un nuevo Uber disruptivo y, o bien se frustra, e incluso se siente fracasada cuando no lo encuentra, o se conforma con aportar una r\u00e9plica disruptiva.<\/p>\n<p>El pensamiento disruptivo, las ideas disruptivas y la innovaci\u00f3n disruptiva no es una religi\u00f3n disruptiva. Me temo que los sectarios parecen ganar muchas veces cuando descartan la discontinuidad construida sobre la continuidad. Traducci\u00f3n: <strong>un salto cu\u00e1ntico en la estrategia puede no ser disruptivo<\/strong> (de los mercados) pero puede ser lo m\u00e1s fant\u00e1stico que hayas hecho. Y superar a los disruptores. El incrementalismo, sin embargo, es pura supervivencia.<\/p>\n<p>Me encantar\u00eda escuchar de la gente algo m\u00e1s de \u00abesto es lo que somos, esto es lo que hacemos, y ahora vamos a conquistar el mundo, el a\u00f1o que viene, sin presiones\u00bb.<\/p>\n<p><strong>La pseudo b\u00fasqueda de la Madre de todas las Disrupciones Eureka est\u00e1 sobrevalorada y suele acabar en l\u00e1grimas.<\/strong><\/p>\n<p>_______________<\/p>\n<p>Para ver el articulo original por favor da clic en esta <a href=\"https:\/\/leandroherrero.com\/the-disruption-religion-misses-the-point-what-will-not-change-and-how-we-can-capitalize-on-it-2-of-2-2\/\" target=\"_blank\" rel=\"noopener\">liga<\/a><\/p>\n<p>\u00a9 The Chalfont Project Limited 2021. All rights reserved<\/p>\n<p>All articles supplied by [The Chalfont Project Limited] whether by access to digital resources or directly to any individual or company (collectively \u201cthe Content\u201d) are copyright The Chalfont Project Limited. Copying, reproducing, distributing, modifying, or transmitting the Content or any part of the Content is prohibited. Other than as expressly granted to any person or organization, no rights over the Content are granted or implied. \u201cViral Change\u2122\u201d is a registered trademark of The Chalfont Project Limited\u00a0(TCP). The Chalfont Project has granted permission for Proyectum to publish material in Spanish on their company Blog. Material must be represented in its original form and clearly marked\u00a0as copyrighted material. No other licenses or permission for use or publication is allowed or implied\u00a0by this agreement.<\/p>\n","protected":false},"excerpt":{"rendered":"<p>Por: Leandro Herrero, MD Traducido y adaptado por Jorge Vald\u00e9s, MDO, PMP \u201cNo hay nada permanente excepto el cambio.\u201d Her\u00e1clito de Efeso En la entrega anterior compart\u00ed la sencilla idea de que los enfoques de la gesti\u00f3n del cambio a menudo pasan por alto un gran elefante en la habitaci\u00f3n: \u00bfqu\u00e9 es lo que realmente [&hellip;]<\/p>\n","protected":false},"author":18,"featured_media":9870,"comment_status":"closed","ping_status":"closed","sticky":false,"template":"","format":"standard","meta":{"_acf_changed":false,"content-type":"","footnotes":""},"categories":[82,3859],"tags":[4367,551,222],"class_list":["post-9868","post","type-post","status-publish","format-standard","has-post-thumbnail","hentry","category-innovacion","category-transformacion-y-cambio","tag-disrupciones","tag-gestion-del-cambio","tag-plan-estrategico"],"acf":[],"featured_image_src":{"landsacpe":["https:\/\/proyectum.com\/sistema\/wp-content\/uploads\/2021\/12\/Religion-Disrupcion-1140x445.jpg",1140,445,true],"list":["https:\/\/proyectum.com\/sistema\/wp-content\/uploads\/2021\/12\/Religion-Disrupcion-463x348.jpg",463,348,true],"medium":["https:\/\/proyectum.com\/sistema\/wp-content\/uploads\/2021\/12\/Religion-Disrupcion-300x225.jpg",300,225,true],"full":["https:\/\/proyectum.com\/sistema\/wp-content\/uploads\/2021\/12\/Religion-Disrupcion.jpg",1700,1275,false]},"yoast_head":"<!-- This site is optimized with the Yoast SEO plugin v27.4 - https:\/\/yoast.com\/product\/yoast-seo-wordpress\/ -->\n<title>La Religi\u00f3n de la Disrupci\u00f3n se pierde: Lo que no va a cambiar, y c\u00f3mo podemos capitalizarlo. (2 de 2) - Proyectum<\/title>\n<meta name=\"description\" content=\"Por: Leandro Herrero, MD Traducido y adaptado por Jorge Vald\u00e9s, MDO, PMP \u201cNo hay nada permanente excepto el cambio.\u201d Her\u00e1clito de Efeso En la entrega\" \/>\n<meta name=\"robots\" content=\"index, follow, max-snippet:-1, max-image-preview:large, max-video-preview:-1\" \/>\n<link rel=\"canonical\" href=\"https:\/\/proyectum.com\/sistema\/blog\/la-religion-de-la-disrupcion-se-pierde-lo-que-no-va-a-cambiar\/\" \/>\n<meta property=\"og:locale\" content=\"es_ES\" \/>\n<meta property=\"og:type\" content=\"article\" \/>\n<meta property=\"og:title\" content=\"La Religi\u00f3n de la Disrupci\u00f3n se pierde: Lo que no va a cambiar, y c\u00f3mo podemos capitalizarlo. (2 de 2) - Proyectum\" \/>\n<meta property=\"og:description\" content=\"Por: Leandro Herrero, MD Traducido y adaptado por Jorge Vald\u00e9s, MDO, PMP \u201cNo hay nada permanente excepto el cambio.\u201d Her\u00e1clito de Efeso En la entrega\" \/>\n<meta property=\"og:url\" content=\"https:\/\/proyectum.com\/sistema\/blog\/la-religion-de-la-disrupcion-se-pierde-lo-que-no-va-a-cambiar\/\" \/>\n<meta property=\"og:site_name\" content=\"Proyectum\" \/>\n<meta property=\"article:publisher\" content=\"https:\/\/www.facebook.com\/proyectum\/\" \/>\n<meta property=\"article:published_time\" content=\"2021-12-20T20:45:14+00:00\" \/>\n<meta property=\"article:modified_time\" content=\"2021-12-20T21:43:15+00:00\" \/>\n<meta property=\"og:image\" content=\"https:\/\/proyectum.com\/sistema\/wp-content\/uploads\/2021\/12\/Religion-Disrupcion.jpg\" \/>\n\t<meta property=\"og:image:width\" content=\"1700\" \/>\n\t<meta property=\"og:image:height\" content=\"1275\" \/>\n\t<meta property=\"og:image:type\" content=\"image\/jpeg\" \/>\n<meta name=\"author\" content=\"Jorge Vald\u00e9s Garciatorres\" \/>\n<meta name=\"twitter:card\" content=\"summary_large_image\" \/>\n<meta name=\"twitter:label1\" content=\"Escrito por\" \/>\n\t<meta name=\"twitter:data1\" content=\"Jorge Vald\u00e9s Garciatorres\" \/>\n\t<meta name=\"twitter:label2\" content=\"Tiempo de lectura\" \/>\n\t<meta name=\"twitter:data2\" content=\"3 minutos\" \/>\n<script type=\"application\/ld+json\" class=\"yoast-schema-graph\">{\"@context\":\"https:\\\/\\\/schema.org\",\"@graph\":[{\"@type\":\"Article\",\"@id\":\"https:\\\/\\\/proyectum.com\\\/sistema\\\/blog\\\/la-religion-de-la-disrupcion-se-pierde-lo-que-no-va-a-cambiar\\\/#article\",\"isPartOf\":{\"@id\":\"https:\\\/\\\/proyectum.com\\\/sistema\\\/blog\\\/la-religion-de-la-disrupcion-se-pierde-lo-que-no-va-a-cambiar\\\/\"},\"author\":{\"name\":\"Jorge Vald\u00e9s Garciatorres\",\"@id\":\"https:\\\/\\\/proyectum.com\\\/sistema\\\/#\\\/schema\\\/person\\\/d31dc858cdc64bb094f97de74c958a16\"},\"headline\":\"La Religi\u00f3n de la Disrupci\u00f3n se pierde: Lo que no va a cambiar, y c\u00f3mo podemos capitalizarlo. (2 de 2)\",\"datePublished\":\"2021-12-20T20:45:14+00:00\",\"dateModified\":\"2021-12-20T21:43:15+00:00\",\"mainEntityOfPage\":{\"@id\":\"https:\\\/\\\/proyectum.com\\\/sistema\\\/blog\\\/la-religion-de-la-disrupcion-se-pierde-lo-que-no-va-a-cambiar\\\/\"},\"wordCount\":691,\"publisher\":{\"@id\":\"https:\\\/\\\/proyectum.com\\\/sistema\\\/#organization\"},\"image\":{\"@id\":\"https:\\\/\\\/proyectum.com\\\/sistema\\\/blog\\\/la-religion-de-la-disrupcion-se-pierde-lo-que-no-va-a-cambiar\\\/#primaryimage\"},\"thumbnailUrl\":\"https:\\\/\\\/proyectum.com\\\/sistema\\\/wp-content\\\/uploads\\\/2021\\\/12\\\/Religion-Disrupcion.jpg\",\"keywords\":[\"disrupciones\",\"Gesti\u00f3n del cambio\",\"plan estrat\u00e9gico\"],\"articleSection\":[\"Innovaci\u00f3n\",\"Transformaci\u00f3n y cambio\"],\"inLanguage\":\"es\"},{\"@type\":\"WebPage\",\"@id\":\"https:\\\/\\\/proyectum.com\\\/sistema\\\/blog\\\/la-religion-de-la-disrupcion-se-pierde-lo-que-no-va-a-cambiar\\\/\",\"url\":\"https:\\\/\\\/proyectum.com\\\/sistema\\\/blog\\\/la-religion-de-la-disrupcion-se-pierde-lo-que-no-va-a-cambiar\\\/\",\"name\":\"La Religi\u00f3n de la Disrupci\u00f3n se pierde: Lo que no va a cambiar, y c\u00f3mo podemos capitalizarlo. (2 de 2) - Proyectum\",\"isPartOf\":{\"@id\":\"https:\\\/\\\/proyectum.com\\\/sistema\\\/#website\"},\"primaryImageOfPage\":{\"@id\":\"https:\\\/\\\/proyectum.com\\\/sistema\\\/blog\\\/la-religion-de-la-disrupcion-se-pierde-lo-que-no-va-a-cambiar\\\/#primaryimage\"},\"image\":{\"@id\":\"https:\\\/\\\/proyectum.com\\\/sistema\\\/blog\\\/la-religion-de-la-disrupcion-se-pierde-lo-que-no-va-a-cambiar\\\/#primaryimage\"},\"thumbnailUrl\":\"https:\\\/\\\/proyectum.com\\\/sistema\\\/wp-content\\\/uploads\\\/2021\\\/12\\\/Religion-Disrupcion.jpg\",\"datePublished\":\"2021-12-20T20:45:14+00:00\",\"dateModified\":\"2021-12-20T21:43:15+00:00\",\"description\":\"Por: Leandro Herrero, MD Traducido y adaptado por Jorge Vald\u00e9s, MDO, PMP \u201cNo hay nada permanente excepto el cambio.\u201d Her\u00e1clito de Efeso En la entrega\",\"breadcrumb\":{\"@id\":\"https:\\\/\\\/proyectum.com\\\/sistema\\\/blog\\\/la-religion-de-la-disrupcion-se-pierde-lo-que-no-va-a-cambiar\\\/#breadcrumb\"},\"inLanguage\":\"es\",\"potentialAction\":[{\"@type\":\"ReadAction\",\"target\":[\"https:\\\/\\\/proyectum.com\\\/sistema\\\/blog\\\/la-religion-de-la-disrupcion-se-pierde-lo-que-no-va-a-cambiar\\\/\"]}]},{\"@type\":\"ImageObject\",\"inLanguage\":\"es\",\"@id\":\"https:\\\/\\\/proyectum.com\\\/sistema\\\/blog\\\/la-religion-de-la-disrupcion-se-pierde-lo-que-no-va-a-cambiar\\\/#primaryimage\",\"url\":\"https:\\\/\\\/proyectum.com\\\/sistema\\\/wp-content\\\/uploads\\\/2021\\\/12\\\/Religion-Disrupcion.jpg\",\"contentUrl\":\"https:\\\/\\\/proyectum.com\\\/sistema\\\/wp-content\\\/uploads\\\/2021\\\/12\\\/Religion-Disrupcion.jpg\",\"width\":1700,\"height\":1275,\"caption\":\"Religion Disrupcion\"},{\"@type\":\"BreadcrumbList\",\"@id\":\"https:\\\/\\\/proyectum.com\\\/sistema\\\/blog\\\/la-religion-de-la-disrupcion-se-pierde-lo-que-no-va-a-cambiar\\\/#breadcrumb\",\"itemListElement\":[{\"@type\":\"ListItem\",\"position\":1,\"name\":\"Home\",\"item\":\"https:\\\/\\\/proyectum.com\\\/sistema\\\/\"},{\"@type\":\"ListItem\",\"position\":2,\"name\":\"La Religi\u00f3n de la Disrupci\u00f3n se pierde: Lo que no va a cambiar, y c\u00f3mo podemos capitalizarlo. (2 de 2)\"}]},{\"@type\":\"WebSite\",\"@id\":\"https:\\\/\\\/proyectum.com\\\/sistema\\\/#website\",\"url\":\"https:\\\/\\\/proyectum.com\\\/sistema\\\/\",\"name\":\"Proyectum\",\"description\":\"Direcci\u00f3n de Proyectos y M\u00e9todos \u00c1giles\",\"publisher\":{\"@id\":\"https:\\\/\\\/proyectum.com\\\/sistema\\\/#organization\"},\"potentialAction\":[{\"@type\":\"SearchAction\",\"target\":{\"@type\":\"EntryPoint\",\"urlTemplate\":\"https:\\\/\\\/proyectum.com\\\/sistema\\\/?s={search_term_string}\"},\"query-input\":{\"@type\":\"PropertyValueSpecification\",\"valueRequired\":true,\"valueName\":\"search_term_string\"}}],\"inLanguage\":\"es\"},{\"@type\":\"Organization\",\"@id\":\"https:\\\/\\\/proyectum.com\\\/sistema\\\/#organization\",\"name\":\"Proyectum\",\"url\":\"https:\\\/\\\/proyectum.com\\\/sistema\\\/\",\"logo\":{\"@type\":\"ImageObject\",\"inLanguage\":\"es\",\"@id\":\"https:\\\/\\\/proyectum.com\\\/sistema\\\/#\\\/schema\\\/logo\\\/image\\\/\",\"url\":\"https:\\\/\\\/www.proyectum.com\\\/sistema\\\/wp-content\\\/uploads\\\/2020\\\/04\\\/proyectum-logo-snippet.png\",\"contentUrl\":\"https:\\\/\\\/www.proyectum.com\\\/sistema\\\/wp-content\\\/uploads\\\/2020\\\/04\\\/proyectum-logo-snippet.png\",\"width\":600,\"height\":315,\"caption\":\"Proyectum\"},\"image\":{\"@id\":\"https:\\\/\\\/proyectum.com\\\/sistema\\\/#\\\/schema\\\/logo\\\/image\\\/\"},\"sameAs\":[\"https:\\\/\\\/www.facebook.com\\\/proyectum\\\/\",\"https:\\\/\\\/www.linkedin.com\\\/company\\\/sistemaproyectum\\\/\",\"https:\\\/\\\/www.youtube.com\\\/channel\\\/UCljouWimyhK_cNcC2jniUgw\"]},{\"@type\":\"Person\",\"@id\":\"https:\\\/\\\/proyectum.com\\\/sistema\\\/#\\\/schema\\\/person\\\/d31dc858cdc64bb094f97de74c958a16\",\"name\":\"Jorge Vald\u00e9s Garciatorres\",\"image\":{\"@type\":\"ImageObject\",\"inLanguage\":\"es\",\"@id\":\"https:\\\/\\\/secure.gravatar.com\\\/avatar\\\/d8c545fb11684f0c20963dba484f2d994a1b6fad92d26f108a8188f16c288d78?s=96&d=mm&r=g\",\"url\":\"https:\\\/\\\/secure.gravatar.com\\\/avatar\\\/d8c545fb11684f0c20963dba484f2d994a1b6fad92d26f108a8188f16c288d78?s=96&d=mm&r=g\",\"contentUrl\":\"https:\\\/\\\/secure.gravatar.com\\\/avatar\\\/d8c545fb11684f0c20963dba484f2d994a1b6fad92d26f108a8188f16c288d78?s=96&d=mm&r=g\",\"caption\":\"Jorge Vald\u00e9s Garciatorres\"},\"description\":\"Jorge es autor del libro \\\"El Camino hacia la PMO \u00c1gil\\\". Es Coautor de un modelo sist\u00e9mico para la evaluaci\u00f3n y mejora del Ecosistema Organizacional de Direcci\u00f3n de de Proyectos. Ha sido consultor, instructor y facilitador desde 2005 en temas relacionados con Estrategia, Direcci\u00f3n de Proyectos y Optimizaci\u00f3n de Procesos de Negocio. Igualmente es contador de historias y frecuentemente participa en diversos foros, compartiendo sus reflexiones. Jorge es miembro de importantes organizaciones como el PMI y el NTL Institute. Adem\u00e1s, cuenta con varias certificaciones como la de PMP, Systems Thinking, Agile Leadership, entre muchas otras.\",\"sameAs\":[\"https:\\\/\\\/www.linkedin.com\\\/in\\\/jorgevaldex\\\/\"],\"url\":\"https:\\\/\\\/proyectum.com\\\/sistema\\\/author\\\/jvaldex\\\/\"}]}<\/script>\n<!-- \/ Yoast SEO plugin. -->","yoast_head_json":{"title":"La Religi\u00f3n de la Disrupci\u00f3n se pierde: Lo que no va a cambiar, y c\u00f3mo podemos capitalizarlo. (2 de 2) - Proyectum","description":"Por: Leandro Herrero, MD Traducido y adaptado por Jorge Vald\u00e9s, MDO, PMP \u201cNo hay nada permanente excepto el cambio.\u201d Her\u00e1clito de Efeso En la entrega","robots":{"index":"index","follow":"follow","max-snippet":"max-snippet:-1","max-image-preview":"max-image-preview:large","max-video-preview":"max-video-preview:-1"},"canonical":"https:\/\/proyectum.com\/sistema\/blog\/la-religion-de-la-disrupcion-se-pierde-lo-que-no-va-a-cambiar\/","og_locale":"es_ES","og_type":"article","og_title":"La Religi\u00f3n de la Disrupci\u00f3n se pierde: Lo que no va a cambiar, y c\u00f3mo podemos capitalizarlo. (2 de 2) - Proyectum","og_description":"Por: Leandro Herrero, MD Traducido y adaptado por Jorge Vald\u00e9s, MDO, PMP \u201cNo hay nada permanente excepto el cambio.\u201d Her\u00e1clito de Efeso En la entrega","og_url":"https:\/\/proyectum.com\/sistema\/blog\/la-religion-de-la-disrupcion-se-pierde-lo-que-no-va-a-cambiar\/","og_site_name":"Proyectum","article_publisher":"https:\/\/www.facebook.com\/proyectum\/","article_published_time":"2021-12-20T20:45:14+00:00","article_modified_time":"2021-12-20T21:43:15+00:00","og_image":[{"width":1700,"height":1275,"url":"https:\/\/proyectum.com\/sistema\/wp-content\/uploads\/2021\/12\/Religion-Disrupcion.jpg","type":"image\/jpeg"}],"author":"Jorge Vald\u00e9s Garciatorres","twitter_card":"summary_large_image","twitter_misc":{"Escrito por":"Jorge Vald\u00e9s Garciatorres","Tiempo de lectura":"3 minutos"},"schema":{"@context":"https:\/\/schema.org","@graph":[{"@type":"Article","@id":"https:\/\/proyectum.com\/sistema\/blog\/la-religion-de-la-disrupcion-se-pierde-lo-que-no-va-a-cambiar\/#article","isPartOf":{"@id":"https:\/\/proyectum.com\/sistema\/blog\/la-religion-de-la-disrupcion-se-pierde-lo-que-no-va-a-cambiar\/"},"author":{"name":"Jorge Vald\u00e9s Garciatorres","@id":"https:\/\/proyectum.com\/sistema\/#\/schema\/person\/d31dc858cdc64bb094f97de74c958a16"},"headline":"La Religi\u00f3n de la Disrupci\u00f3n se pierde: Lo que no va a cambiar, y c\u00f3mo podemos capitalizarlo. (2 de 2)","datePublished":"2021-12-20T20:45:14+00:00","dateModified":"2021-12-20T21:43:15+00:00","mainEntityOfPage":{"@id":"https:\/\/proyectum.com\/sistema\/blog\/la-religion-de-la-disrupcion-se-pierde-lo-que-no-va-a-cambiar\/"},"wordCount":691,"publisher":{"@id":"https:\/\/proyectum.com\/sistema\/#organization"},"image":{"@id":"https:\/\/proyectum.com\/sistema\/blog\/la-religion-de-la-disrupcion-se-pierde-lo-que-no-va-a-cambiar\/#primaryimage"},"thumbnailUrl":"https:\/\/proyectum.com\/sistema\/wp-content\/uploads\/2021\/12\/Religion-Disrupcion.jpg","keywords":["disrupciones","Gesti\u00f3n del cambio","plan estrat\u00e9gico"],"articleSection":["Innovaci\u00f3n","Transformaci\u00f3n y cambio"],"inLanguage":"es"},{"@type":"WebPage","@id":"https:\/\/proyectum.com\/sistema\/blog\/la-religion-de-la-disrupcion-se-pierde-lo-que-no-va-a-cambiar\/","url":"https:\/\/proyectum.com\/sistema\/blog\/la-religion-de-la-disrupcion-se-pierde-lo-que-no-va-a-cambiar\/","name":"La Religi\u00f3n de la Disrupci\u00f3n se pierde: Lo que no va a cambiar, y c\u00f3mo podemos capitalizarlo. (2 de 2) - Proyectum","isPartOf":{"@id":"https:\/\/proyectum.com\/sistema\/#website"},"primaryImageOfPage":{"@id":"https:\/\/proyectum.com\/sistema\/blog\/la-religion-de-la-disrupcion-se-pierde-lo-que-no-va-a-cambiar\/#primaryimage"},"image":{"@id":"https:\/\/proyectum.com\/sistema\/blog\/la-religion-de-la-disrupcion-se-pierde-lo-que-no-va-a-cambiar\/#primaryimage"},"thumbnailUrl":"https:\/\/proyectum.com\/sistema\/wp-content\/uploads\/2021\/12\/Religion-Disrupcion.jpg","datePublished":"2021-12-20T20:45:14+00:00","dateModified":"2021-12-20T21:43:15+00:00","description":"Por: Leandro Herrero, MD Traducido y adaptado por Jorge Vald\u00e9s, MDO, PMP \u201cNo hay nada permanente excepto el cambio.\u201d Her\u00e1clito de Efeso En la entrega","breadcrumb":{"@id":"https:\/\/proyectum.com\/sistema\/blog\/la-religion-de-la-disrupcion-se-pierde-lo-que-no-va-a-cambiar\/#breadcrumb"},"inLanguage":"es","potentialAction":[{"@type":"ReadAction","target":["https:\/\/proyectum.com\/sistema\/blog\/la-religion-de-la-disrupcion-se-pierde-lo-que-no-va-a-cambiar\/"]}]},{"@type":"ImageObject","inLanguage":"es","@id":"https:\/\/proyectum.com\/sistema\/blog\/la-religion-de-la-disrupcion-se-pierde-lo-que-no-va-a-cambiar\/#primaryimage","url":"https:\/\/proyectum.com\/sistema\/wp-content\/uploads\/2021\/12\/Religion-Disrupcion.jpg","contentUrl":"https:\/\/proyectum.com\/sistema\/wp-content\/uploads\/2021\/12\/Religion-Disrupcion.jpg","width":1700,"height":1275,"caption":"Religion Disrupcion"},{"@type":"BreadcrumbList","@id":"https:\/\/proyectum.com\/sistema\/blog\/la-religion-de-la-disrupcion-se-pierde-lo-que-no-va-a-cambiar\/#breadcrumb","itemListElement":[{"@type":"ListItem","position":1,"name":"Home","item":"https:\/\/proyectum.com\/sistema\/"},{"@type":"ListItem","position":2,"name":"La Religi\u00f3n de la Disrupci\u00f3n se pierde: Lo que no va a cambiar, y c\u00f3mo podemos capitalizarlo. (2 de 2)"}]},{"@type":"WebSite","@id":"https:\/\/proyectum.com\/sistema\/#website","url":"https:\/\/proyectum.com\/sistema\/","name":"Proyectum","description":"Direcci\u00f3n de Proyectos y M\u00e9todos \u00c1giles","publisher":{"@id":"https:\/\/proyectum.com\/sistema\/#organization"},"potentialAction":[{"@type":"SearchAction","target":{"@type":"EntryPoint","urlTemplate":"https:\/\/proyectum.com\/sistema\/?s={search_term_string}"},"query-input":{"@type":"PropertyValueSpecification","valueRequired":true,"valueName":"search_term_string"}}],"inLanguage":"es"},{"@type":"Organization","@id":"https:\/\/proyectum.com\/sistema\/#organization","name":"Proyectum","url":"https:\/\/proyectum.com\/sistema\/","logo":{"@type":"ImageObject","inLanguage":"es","@id":"https:\/\/proyectum.com\/sistema\/#\/schema\/logo\/image\/","url":"https:\/\/www.proyectum.com\/sistema\/wp-content\/uploads\/2020\/04\/proyectum-logo-snippet.png","contentUrl":"https:\/\/www.proyectum.com\/sistema\/wp-content\/uploads\/2020\/04\/proyectum-logo-snippet.png","width":600,"height":315,"caption":"Proyectum"},"image":{"@id":"https:\/\/proyectum.com\/sistema\/#\/schema\/logo\/image\/"},"sameAs":["https:\/\/www.facebook.com\/proyectum\/","https:\/\/www.linkedin.com\/company\/sistemaproyectum\/","https:\/\/www.youtube.com\/channel\/UCljouWimyhK_cNcC2jniUgw"]},{"@type":"Person","@id":"https:\/\/proyectum.com\/sistema\/#\/schema\/person\/d31dc858cdc64bb094f97de74c958a16","name":"Jorge Vald\u00e9s Garciatorres","image":{"@type":"ImageObject","inLanguage":"es","@id":"https:\/\/secure.gravatar.com\/avatar\/d8c545fb11684f0c20963dba484f2d994a1b6fad92d26f108a8188f16c288d78?s=96&d=mm&r=g","url":"https:\/\/secure.gravatar.com\/avatar\/d8c545fb11684f0c20963dba484f2d994a1b6fad92d26f108a8188f16c288d78?s=96&d=mm&r=g","contentUrl":"https:\/\/secure.gravatar.com\/avatar\/d8c545fb11684f0c20963dba484f2d994a1b6fad92d26f108a8188f16c288d78?s=96&d=mm&r=g","caption":"Jorge Vald\u00e9s Garciatorres"},"description":"Jorge es autor del libro \"El Camino hacia la PMO \u00c1gil\". Es Coautor de un modelo sist\u00e9mico para la evaluaci\u00f3n y mejora del Ecosistema Organizacional de Direcci\u00f3n de de Proyectos. Ha sido consultor, instructor y facilitador desde 2005 en temas relacionados con Estrategia, Direcci\u00f3n de Proyectos y Optimizaci\u00f3n de Procesos de Negocio. Igualmente es contador de historias y frecuentemente participa en diversos foros, compartiendo sus reflexiones. Jorge es miembro de importantes organizaciones como el PMI y el NTL Institute. Adem\u00e1s, cuenta con varias certificaciones como la de PMP, Systems Thinking, Agile Leadership, entre muchas otras.","sameAs":["https:\/\/www.linkedin.com\/in\/jorgevaldex\/"],"url":"https:\/\/proyectum.com\/sistema\/author\/jvaldex\/"}]}},"_links":{"self":[{"href":"https:\/\/proyectum.com\/sistema\/wp-json\/wp\/v2\/posts\/9868","targetHints":{"allow":["GET"]}}],"collection":[{"href":"https:\/\/proyectum.com\/sistema\/wp-json\/wp\/v2\/posts"}],"about":[{"href":"https:\/\/proyectum.com\/sistema\/wp-json\/wp\/v2\/types\/post"}],"author":[{"embeddable":true,"href":"https:\/\/proyectum.com\/sistema\/wp-json\/wp\/v2\/users\/18"}],"replies":[{"embeddable":true,"href":"https:\/\/proyectum.com\/sistema\/wp-json\/wp\/v2\/comments?post=9868"}],"version-history":[{"count":0,"href":"https:\/\/proyectum.com\/sistema\/wp-json\/wp\/v2\/posts\/9868\/revisions"}],"wp:featuredmedia":[{"embeddable":true,"href":"https:\/\/proyectum.com\/sistema\/wp-json\/wp\/v2\/media\/9870"}],"wp:attachment":[{"href":"https:\/\/proyectum.com\/sistema\/wp-json\/wp\/v2\/media?parent=9868"}],"wp:term":[{"taxonomy":"category","embeddable":true,"href":"https:\/\/proyectum.com\/sistema\/wp-json\/wp\/v2\/categories?post=9868"},{"taxonomy":"post_tag","embeddable":true,"href":"https:\/\/proyectum.com\/sistema\/wp-json\/wp\/v2\/tags?post=9868"}],"curies":[{"name":"wp","href":"https:\/\/api.w.org\/{rel}","templated":true}]}}