{"id":9904,"date":"2022-01-04T11:57:24","date_gmt":"2022-01-04T14:57:24","guid":{"rendered":"https:\/\/www.proyectum.com\/sistema\/?p=9904"},"modified":"2022-01-04T00:47:02","modified_gmt":"2022-01-04T03:47:02","slug":"no-hay-sistemas-ahi-fuera-falso","status":"publish","type":"post","link":"https:\/\/proyectum.com\/sistema\/blog\/no-hay-sistemas-ahi-fuera-falso\/","title":{"rendered":"\u00abNo hay sistemas ah\u00ed fuera\u201d Falso"},"content":{"rendered":"<p style=\"text-align: right;\">Por: Derek &amp; Laura Cabrera<\/p>\n<p style=\"text-align: right;\">Traducido y adaptado por: Jorge Vald\u00e9s Garciatorres<\/p>\n<p style=\"text-align: right;\"><em>\u00abEl enga\u00f1o fundamental de la humanidad es suponer que yo estoy aqu\u00ed y t\u00fa est\u00e1s ah\u00ed fuera\u00bb.<\/em><\/p>\n<p style=\"text-align: right;\">-Yasutani Roshi<\/p>\n<h3><strong>Los sistemas existen<\/strong><\/h3>\n<p>Se suele decir, citando a Banathy, que \u00abno hay sistemas ah\u00ed fuera\u00bb. Las variaciones de este punto de vista incluyen una panoplia<a href=\"#_ftn1\" name=\"_ftnref1\">[1]<\/a> de ideas que r\u00e1pidamente se convierten en solipsismo <a href=\"#_ftn2\" name=\"_ftnref2\">[2]<\/a>(la idea de que no hay una realidad \u00abah\u00ed fuera\u00bb sino nuestros modelos mentales \u00abaqu\u00ed dentro\u00bb):<\/p>\n<ul>\n<li>los sistemas no son reales<\/li>\n<li>los sistemas son s\u00f3lo nuestras representaciones<\/li>\n<li>los sistemas no existen en la naturaleza<\/li>\n<\/ul>\n<p>Todos presuponen que los sistemas son meros devaneos de la mente. En realidad, los sistemas existen tanto en la mente como en la naturaleza. De hecho, se ha demostrado que todos los patrones del enfoque DSRP existen en la mente y en la naturaleza (v\u00e9ase la <a href=\"https:\/\/f.hubspotusercontent20.net\/hubfs\/7421276\/CRL%20Public%20Resources%20Folder\/LitReview_JOAST_20_6.pdf\">evidencia<\/a>). Los sistemas existen en la naturaleza, la estructura parcial existe, y su anidaci\u00f3n, jerarqu\u00eda y fractalidad resultantes tambi\u00e9n existen. La pregunta que deber\u00edamos hacernos es \u00bfexiste el sistema en la naturaleza tal y como lo veo en mi mente? \u00bfEs mi modelo mental un reflejo exacto de lo que realmente existe?<\/p>\n<p>Para ser justos, no s\u00e9 qu\u00e9 pretend\u00eda Banathy. Sabemos que muchas citas, sacadas de contexto, pueden tener un significado diferente (por ejemplo, que el POSIWID de Beer significa que todos los sistemas tienen un prop\u00f3sito en la forma en que los humanos piensan en el prop\u00f3sito [no es as\u00ed]). Es posible que Banathy intentara distinguir entre los modelos mentales y la realidad durante una \u00e9poca en la que la distinci\u00f3n no estaba tan clara para el p\u00fablico en general. Si, por ejemplo, este fuera el caso, entonces lo que Banathy quer\u00eda decir con \u00abah\u00ed fuera\u00bb son los modelos mentales, que es tambi\u00e9n lo que se quiere decir con \u00abaqu\u00ed dentro\u00bb (modelos mentales. Esto har\u00eda que la distinci\u00f3n entre mente y naturaleza, entre modelo mental y realidad, o entre \u00abaqu\u00ed\u00bb y \u00abah\u00ed fuera\u00bb fuera una distinci\u00f3n sin sentido. En otras palabras, no se est\u00e1 haciendo ninguna afirmaci\u00f3n significativa. En cualquiera de estos casos, simplemente estar\u00eda apoyando el <a href=\"https:\/\/help.cabreraresearch.org\/st-loop\">Loop ST<\/a>. En cualquier caso, la afirmaci\u00f3n de que no hay sistemas en la naturaleza es enga\u00f1osa. De hecho, un estudiante de Bela Banathy, Sherryl Dimitry, explica,<\/p>\n<blockquote><p><em>Siempre tengo que re\u00edrme cuando escucho citas al azar, de media frase, fuera de contexto. Estudi\u00e9 con Bela m\u00e1s de 10 a\u00f1os hasta que falleci\u00f3, y nunca le o\u00ed decir que \u00abno hay sistemas ah\u00ed fuera\u00bb. <\/em><\/p><\/blockquote>\n<p>En esta misma l\u00ednea, a algunos les recuerda el famoso dicho de que \u00abel mapa no es el territorio\u00bb. Es cierto que, el mapa no es el territorio. Pero eso no significa que no haya territorio y que s\u00f3lo haya un mapa. Tampoco significa que no haya correspondencia entre el mapa y el territorio. Hay monta\u00f1as en los mapas y hay monta\u00f1as en los territorios. Por lo tanto, ser\u00eda un error decir que las monta\u00f1as est\u00e1n simplemente en nuestros mapas, o en nuestras mentes. La obviedad de que el mapa no es el territorio es una met\u00e1fora totalmente diferente a la tergiversaci\u00f3n solipsista de que no hay sistemas reales o que los sistemas no son reales. Puede que el sistema de tu mente no represente bien el sistema real de la naturaleza, pero eso no significa que no haya sistemas \u00abah\u00ed fuera\u00bb. Los sistemas existen en la mente y en la naturaleza. A veces nos equivocamos sobre d\u00f3nde y c\u00f3mo existen.<\/p>\n<h3><strong>La explicaci\u00f3n original de Banathy es la siguiente<\/strong><\/h3>\n<blockquote><p><em>\u00abFlood y Jackson (1991) sugieren que el concepto de \u00absistema\u00bb no se refiere a cosas del mundo real, sino a una forma particular de organizar nuestros pensamientos sobre el mundo. Siempre escandalizo a los estudiantes que llegan a la orientaci\u00f3n [Banathy ense\u00f1aba sistemas en la Saybrook Graduate School] cuando les digo que no existe un sistema ah\u00ed fuera. Los sistemas existen como im\u00e1genes mentales en nuestra mente. Dicho de otro modo, el pensamiento sist\u00e9mico estructura el pensamiento sobre cualquier entidad o fen\u00f3meno del que seamos conscientes y al que asignemos un significado. (3)\u00bb<\/em><\/p><\/blockquote>\n<p>Pero me temo que no aclara realmente lo que quiere decir. La cuesti\u00f3n no es si, como afirma Banathy, \u00ablos sistemas existen como im\u00e1genes mentales en nuestras mentes\u00bb, nadie lo discute seriamente. La cuesti\u00f3n es si la implicaci\u00f3n es que ese es el \u00fanico lugar donde existen los sistemas (es decir, que no existen en la realidad \/ naturaleza). Dado que muchas personas en ST y proclamar\u00e1n abiertamente que \u00ablos sistemas no son reales\u00bb, creo que tenemos nuestra respuesta de al menos c\u00f3mo esta cita ambigua se malinterpreta y se utiliza (no necesariamente por Banathy, sino por otros).<\/p>\n<p>La cuesti\u00f3n es que los sistemas existen en la mente y en la naturaleza. No son meras construcciones sociales solipsistas. Los sistemas de la mente y los de la naturaleza rara vez son la misma cosa, pero a menudo est\u00e1n estructuralmente acoplados y se reflejan mutuamente. De hecho, es precisamente porque ninguna parte de nosotros existe fuera de la naturaleza y tambi\u00e9n porque ninguna parte de nosotros evolucion\u00f3 fuera de la naturaleza, que hay una correspondencia significativa (a pesar de los prejuicios).<\/p>\n<p>Lo \u00faltimo que necesitan los pensadores de sistemas es m\u00e1s solipsismo y m\u00e1s ambig\u00fcedad. No dejemos que se impongan estos popularismos defectuosos pero pegadizos del pensamiento sist\u00e9mico\u2026<\/p>\n<p>Liga al <a href=\"https:\/\/blog.cabreraresearch.org\/systems-out-there\" target=\"_blank\" rel=\"noopener\">art\u00edculo original<\/a><\/p>\n<p><strong>Referencias<\/strong><\/p>\n<ol>\n<li>Cabrera, D. (2006)\u00a0<a href=\"https:\/\/drive.google.com\/file\/d\/1zKoEx1v3X__tPYcFvXTzx6366GPDnGnR\/view?usp=sharing\"><em>Systems Thinking<\/em><\/a>. Cornell University.<\/li>\n<li>Cabrera D., Cabrera L., Cabrera, E.\u00a0<a href=\"https:\/\/f.hubspotusercontent20.net\/hubfs\/7421276\/CRL%20Public%20Resources%20Folder\/LitReview_JOAST_20_6.pdf\">A Literature Review of the Universal Patterns and Atomic Elements of Complex Cognition.<\/a><em>Journal of Applied Systems Thinking<\/em>\u00a0(20) 6. (2020)<\/li>\n<li>Banathy BH. Designing Social Systems in a Changing World. 1st ed. Springer US; 1996. page 156; doi:10.1007\/978-1-4757-9981-1<\/li>\n<\/ol>\n<p>________________<\/p>\n<p>Esta es una de las 6 \u00abvacas sagradas\u00bb del pensamiento sist\u00e9mico. Consulta la tabla siguiente para ver todas las vacas sagradas y los conceptos que la reemplazan cient\u00edficamente v\u00e1lidos y luego haz clic en los enlaces para leer m\u00e1s sobre cada una de ellas.<\/p>\n<p>Tabla: 6 vacas sagradas del pensamiento sist\u00e9mico<\/p>\n<table width=\"584\">\n<thead>\n<tr>\n<td width=\"198\"><strong>VACA SAGRADA<\/strong><\/td>\n<td width=\"198\"><strong>\u00bfVERDADERO O FALSO?<\/strong><\/td>\n<td width=\"187\"><strong>Concepto que <\/strong><\/p>\n<p><strong>la reemplaza<\/strong><\/p>\n<p><strong>(y liga al blog)<\/strong><\/td>\n<\/tr>\n<\/thead>\n<tbody>\n<tr>\n<td width=\"198\">1.\u00a0\u00a0\u00a0\u00a0 El todo es m\u00e1s que la suma de las partes (tambi\u00e9n conocido como \u00abemergente\u00bb).<\/td>\n<td width=\"198\">Falso<\/td>\n<td width=\"187\"><a href=\"https:\/\/www.proyectum.com\/sistema\/blog\/la-emergencia-1-de-las-6-vacas-sagradas-del-pensamiento-sistemico\/\" target=\"_blank\" rel=\"noopener\">El todo es siempre precisamente igual a sus partes.<\/a><\/td>\n<\/tr>\n<tr>\n<td width=\"198\">2.\u00a0\u00a0\u00a0\u00a0 Todos los sistemas tienen una finalidad.<\/td>\n<td width=\"198\">Falso<\/td>\n<td width=\"187\"><a href=\"https:\/\/www.proyectum.com\/sistema\/blog\/el-proposito-de-un-sistema-es-lo-que-hace\/\" target=\"_blank\" rel=\"noopener\">El \u00abprop\u00f3sito\u00bb de un sistema es lo que hace.<\/a><\/td>\n<\/tr>\n<tr>\n<td width=\"198\">3.\u00a0\u00a0\u00a0\u00a0 El pensamiento sist\u00e9mico es ____ [insertar aqu\u00ed la din\u00e1mica de sistemas u otros modelos].<\/td>\n<td width=\"198\">Falso<\/td>\n<td width=\"187\">El pensamiento sist\u00e9mico es una pluralidad de cientos de m\u00e9todos y modelos que se articulan en torno a cuatro patrones de pensamiento (DSRP).<\/td>\n<\/tr>\n<tr>\n<td width=\"198\">4.\u00a0\u00a0\u00a0\u00a0 El pensamiento sist\u00e9mico es hol\u00edstico (o, alternativamente, el pensamiento sist\u00e9mico es anti-reduccionista)<\/td>\n<td width=\"198\">Falso<\/td>\n<td width=\"187\"><a href=\"https:\/\/www.proyectum.com\/sistema\/blog\/el-pensamiento-sistemico-no-es-lo-mismo-que-el-pensamiento-holistico\/\" target=\"_blank\" rel=\"noopener\">El pensamiento sist\u00e9mico es un pensamiento equilibrado (tanto hol\u00edstico como reduccionista, y\/ o ambos no una cosa o la otra).<\/a><\/td>\n<\/tr>\n<tr>\n<td width=\"198\">5.\u00a0\u00a0\u00a0\u00a0 Todo est\u00e1 conectado.<\/td>\n<td width=\"198\">Falso<\/td>\n<td width=\"187\">Todo est\u00e1 conectado, o no.<\/td>\n<\/tr>\n<tr>\n<td width=\"198\">6.\u00a0\u00a0\u00a0\u00a0 No hay ning\u00fan sistema que exista.<\/td>\n<td width=\"198\">Falso<\/td>\n<td width=\"187\">Hay un sistema ah\u00ed fuera, s\u00f3lo que puede ser diferente de tu modelo mental del \u00e9ste.<\/td>\n<\/tr>\n<\/tbody>\n<\/table>\n<p>____________________<\/p>\n<p><strong>Derek Cabrera<\/strong> (Doctorado, Cornell) es un cient\u00edfico de sistemas internacionalmente conocido y forma parte del cuerpo docente de la Universidad de Cornell, donde ense\u00f1a pensamiento sist\u00e9mico, liderazgo sist\u00e9mico y mapeo de sistemas, y es Director del Programa de Certificaci\u00f3n de Posgrado en Pensamiento, Modelado y Liderazgo de Sistemas (STML). Es cient\u00edfico senior en Cabrera Research Lab.<\/p>\n<p><strong>Laura Cabrera<\/strong> (B.S., M.P.A, &amp; PhD, Cornell) actualmente ense\u00f1a Pensamiento y Modelado de Sistemas y Liderazgo de Sistemas en la Universidad de Cornell en el Instituto de Asuntos Pol\u00edticos. Tambi\u00e9n es investigadora principal en el Cabrera Research Lab. Durante la \u00faltima d\u00e9cada, Cabrera ha aplicado su experiencia en m\u00e9todos de investigaci\u00f3n y en investigaci\u00f3n traslacional para aumentar la comprensi\u00f3n p\u00fablica, la aplicaci\u00f3n pr\u00e1ctica y la difusi\u00f3n de sofisticados modelos de ciencia de sistemas y de pensamiento sist\u00e9mico.<\/p>\n<p><strong>Jorge Vald\u00e9s Garciatorres<\/strong> (MDO, PMP), Por los ultimos 15 a\u00f1os, ha sido consultor en desarrollo organizacional e instructor en diversos temas aplicados a negocios como pensamiento sist\u00e9mico, direcci\u00f3n de proyectos, innovaci\u00f3n, filosf\u00eda \u00e1gil, desarrollo personal entre otros, ha participado como catedr\u00e1tico en la Univesidad de la Rioja. Traduce y escribe frecuentemente en diversos blogs.<\/p>\n<p><a href=\"#_ftnref1\" name=\"_ftn1\">[1]<\/a> RAE: Conjunto\u00a0amplio\u00a0y\u00a0variado\u00a0de\u00a0elementos\u00a0del\u00a0mismo\u00a0car\u00e1cter.<\/p>\n<p><a href=\"#_ftnref2\" name=\"_ftn2\">[2]<\/a> RAE: Forma\u00a0radical\u00a0de\u00a0subjetivismo\u00a0seg\u00fan\u00a0la\u00a0cual\u00a0solo\u00a0existe\u00a0aquello\u00a0de\u00a0lo\u00a0que\u00a0es\u00a0consciente\u00a0el propio\u00a0yo.<\/p>\n<p>&nbsp;<\/p>\n","protected":false},"excerpt":{"rendered":"<p>Por: Derek &amp; Laura Cabrera Traducido y adaptado por: Jorge Vald\u00e9s Garciatorres \u00abEl enga\u00f1o fundamental de la humanidad es suponer que yo estoy aqu\u00ed y t\u00fa est\u00e1s ah\u00ed fuera\u00bb. -Yasutani Roshi Los sistemas existen Se suele decir, citando a Banathy, que \u00abno hay sistemas ah\u00ed fuera\u00bb. Las variaciones de este punto de vista incluyen una [&hellip;]<\/p>\n","protected":false},"author":18,"featured_media":9906,"comment_status":"closed","ping_status":"closed","sticky":false,"template":"","format":"standard","meta":{"_acf_changed":false,"content-type":"","footnotes":""},"categories":[4324],"tags":[4381,4382],"class_list":["post-9904","post","type-post","status-publish","format-standard","has-post-thumbnail","hentry","category-pensamiento-sistemico","tag-no-hay-sistemas","tag-no-hay-sistemas-ahi-fuera"],"acf":[],"featured_image_src":{"landsacpe":["https:\/\/proyectum.com\/sistema\/wp-content\/uploads\/2022\/01\/No-hay-sistemas-1140x445.jpg",1140,445,true],"list":["https:\/\/proyectum.com\/sistema\/wp-content\/uploads\/2022\/01\/No-hay-sistemas-463x348.jpg",463,348,true],"medium":["https:\/\/proyectum.com\/sistema\/wp-content\/uploads\/2022\/01\/No-hay-sistemas-300x219.jpg",300,219,true],"full":["https:\/\/proyectum.com\/sistema\/wp-content\/uploads\/2022\/01\/No-hay-sistemas.jpg",1700,1243,false]},"yoast_head":"<!-- This site is optimized with the Yoast SEO plugin v27.4 - https:\/\/yoast.com\/product\/yoast-seo-wordpress\/ -->\n<title>&quot;No hay sistemas ah\u00ed fuera\u201d Falso - Proyectum<\/title>\n<meta name=\"description\" content=\"Por: Derek &amp; Laura Cabrera Traducido y adaptado por: Jorge Vald\u00e9s Garciatorres &quot;El enga\u00f1o fundamental de la humanidad es suponer que yo estoy aqu\u00ed y\" \/>\n<meta name=\"robots\" content=\"index, follow, max-snippet:-1, max-image-preview:large, max-video-preview:-1\" \/>\n<link rel=\"canonical\" href=\"https:\/\/proyectum.com\/sistema\/blog\/no-hay-sistemas-ahi-fuera-falso\/\" \/>\n<meta property=\"og:locale\" content=\"es_ES\" \/>\n<meta property=\"og:type\" content=\"article\" \/>\n<meta property=\"og:title\" content=\"&quot;No hay sistemas ah\u00ed fuera\u201d Falso - Proyectum\" \/>\n<meta property=\"og:description\" content=\"Por: Derek &amp; Laura Cabrera Traducido y adaptado por: Jorge Vald\u00e9s Garciatorres &quot;El enga\u00f1o fundamental de la humanidad es suponer que yo estoy aqu\u00ed y\" \/>\n<meta property=\"og:url\" content=\"https:\/\/proyectum.com\/sistema\/blog\/no-hay-sistemas-ahi-fuera-falso\/\" \/>\n<meta property=\"og:site_name\" content=\"Proyectum\" \/>\n<meta property=\"article:publisher\" content=\"https:\/\/www.facebook.com\/proyectum\/\" \/>\n<meta property=\"article:published_time\" content=\"2022-01-04T14:57:24+00:00\" \/>\n<meta property=\"og:image\" content=\"https:\/\/proyectum.com\/sistema\/wp-content\/uploads\/2022\/01\/No-hay-sistemas.jpg\" \/>\n\t<meta property=\"og:image:width\" content=\"1700\" \/>\n\t<meta property=\"og:image:height\" content=\"1243\" \/>\n\t<meta property=\"og:image:type\" content=\"image\/jpeg\" \/>\n<meta name=\"author\" content=\"Jorge Vald\u00e9s Garciatorres\" \/>\n<meta name=\"twitter:card\" content=\"summary_large_image\" \/>\n<meta name=\"twitter:label1\" content=\"Escrito por\" \/>\n\t<meta name=\"twitter:data1\" content=\"Jorge Vald\u00e9s Garciatorres\" \/>\n\t<meta name=\"twitter:label2\" content=\"Tiempo de lectura\" \/>\n\t<meta name=\"twitter:data2\" content=\"7 minutos\" \/>\n<script type=\"application\/ld+json\" class=\"yoast-schema-graph\">{\"@context\":\"https:\\\/\\\/schema.org\",\"@graph\":[{\"@type\":\"Article\",\"@id\":\"https:\\\/\\\/proyectum.com\\\/sistema\\\/blog\\\/no-hay-sistemas-ahi-fuera-falso\\\/#article\",\"isPartOf\":{\"@id\":\"https:\\\/\\\/proyectum.com\\\/sistema\\\/blog\\\/no-hay-sistemas-ahi-fuera-falso\\\/\"},\"author\":{\"name\":\"Jorge Vald\u00e9s Garciatorres\",\"@id\":\"https:\\\/\\\/proyectum.com\\\/sistema\\\/#\\\/schema\\\/person\\\/d31dc858cdc64bb094f97de74c958a16\"},\"headline\":\"\u00abNo hay sistemas ah\u00ed fuera\u201d Falso\",\"datePublished\":\"2022-01-04T14:57:24+00:00\",\"mainEntityOfPage\":{\"@id\":\"https:\\\/\\\/proyectum.com\\\/sistema\\\/blog\\\/no-hay-sistemas-ahi-fuera-falso\\\/\"},\"wordCount\":1468,\"publisher\":{\"@id\":\"https:\\\/\\\/proyectum.com\\\/sistema\\\/#organization\"},\"image\":{\"@id\":\"https:\\\/\\\/proyectum.com\\\/sistema\\\/blog\\\/no-hay-sistemas-ahi-fuera-falso\\\/#primaryimage\"},\"thumbnailUrl\":\"https:\\\/\\\/proyectum.com\\\/sistema\\\/wp-content\\\/uploads\\\/2022\\\/01\\\/No-hay-sistemas.jpg\",\"keywords\":[\"No hay sistemas\",\"No hay sistemas ah\u00ed fuera\"],\"articleSection\":[\"Pensamiento sist\u00e9mico\"],\"inLanguage\":\"es\"},{\"@type\":\"WebPage\",\"@id\":\"https:\\\/\\\/proyectum.com\\\/sistema\\\/blog\\\/no-hay-sistemas-ahi-fuera-falso\\\/\",\"url\":\"https:\\\/\\\/proyectum.com\\\/sistema\\\/blog\\\/no-hay-sistemas-ahi-fuera-falso\\\/\",\"name\":\"\\\"No hay sistemas ah\u00ed fuera\u201d Falso - Proyectum\",\"isPartOf\":{\"@id\":\"https:\\\/\\\/proyectum.com\\\/sistema\\\/#website\"},\"primaryImageOfPage\":{\"@id\":\"https:\\\/\\\/proyectum.com\\\/sistema\\\/blog\\\/no-hay-sistemas-ahi-fuera-falso\\\/#primaryimage\"},\"image\":{\"@id\":\"https:\\\/\\\/proyectum.com\\\/sistema\\\/blog\\\/no-hay-sistemas-ahi-fuera-falso\\\/#primaryimage\"},\"thumbnailUrl\":\"https:\\\/\\\/proyectum.com\\\/sistema\\\/wp-content\\\/uploads\\\/2022\\\/01\\\/No-hay-sistemas.jpg\",\"datePublished\":\"2022-01-04T14:57:24+00:00\",\"description\":\"Por: Derek &amp; Laura Cabrera Traducido y adaptado por: Jorge Vald\u00e9s Garciatorres \\\"El enga\u00f1o fundamental de la humanidad es suponer que yo estoy aqu\u00ed y\",\"breadcrumb\":{\"@id\":\"https:\\\/\\\/proyectum.com\\\/sistema\\\/blog\\\/no-hay-sistemas-ahi-fuera-falso\\\/#breadcrumb\"},\"inLanguage\":\"es\",\"potentialAction\":[{\"@type\":\"ReadAction\",\"target\":[\"https:\\\/\\\/proyectum.com\\\/sistema\\\/blog\\\/no-hay-sistemas-ahi-fuera-falso\\\/\"]}]},{\"@type\":\"ImageObject\",\"inLanguage\":\"es\",\"@id\":\"https:\\\/\\\/proyectum.com\\\/sistema\\\/blog\\\/no-hay-sistemas-ahi-fuera-falso\\\/#primaryimage\",\"url\":\"https:\\\/\\\/proyectum.com\\\/sistema\\\/wp-content\\\/uploads\\\/2022\\\/01\\\/No-hay-sistemas.jpg\",\"contentUrl\":\"https:\\\/\\\/proyectum.com\\\/sistema\\\/wp-content\\\/uploads\\\/2022\\\/01\\\/No-hay-sistemas.jpg\",\"width\":1700,\"height\":1243,\"caption\":\"No hay sistemas\"},{\"@type\":\"BreadcrumbList\",\"@id\":\"https:\\\/\\\/proyectum.com\\\/sistema\\\/blog\\\/no-hay-sistemas-ahi-fuera-falso\\\/#breadcrumb\",\"itemListElement\":[{\"@type\":\"ListItem\",\"position\":1,\"name\":\"Home\",\"item\":\"https:\\\/\\\/proyectum.com\\\/sistema\\\/\"},{\"@type\":\"ListItem\",\"position\":2,\"name\":\"&#8220;No hay sistemas ah\u00ed fuera\u201d Falso\"}]},{\"@type\":\"WebSite\",\"@id\":\"https:\\\/\\\/proyectum.com\\\/sistema\\\/#website\",\"url\":\"https:\\\/\\\/proyectum.com\\\/sistema\\\/\",\"name\":\"Proyectum\",\"description\":\"Direcci\u00f3n de Proyectos y M\u00e9todos \u00c1giles\",\"publisher\":{\"@id\":\"https:\\\/\\\/proyectum.com\\\/sistema\\\/#organization\"},\"potentialAction\":[{\"@type\":\"SearchAction\",\"target\":{\"@type\":\"EntryPoint\",\"urlTemplate\":\"https:\\\/\\\/proyectum.com\\\/sistema\\\/?s={search_term_string}\"},\"query-input\":{\"@type\":\"PropertyValueSpecification\",\"valueRequired\":true,\"valueName\":\"search_term_string\"}}],\"inLanguage\":\"es\"},{\"@type\":\"Organization\",\"@id\":\"https:\\\/\\\/proyectum.com\\\/sistema\\\/#organization\",\"name\":\"Proyectum\",\"url\":\"https:\\\/\\\/proyectum.com\\\/sistema\\\/\",\"logo\":{\"@type\":\"ImageObject\",\"inLanguage\":\"es\",\"@id\":\"https:\\\/\\\/proyectum.com\\\/sistema\\\/#\\\/schema\\\/logo\\\/image\\\/\",\"url\":\"https:\\\/\\\/www.proyectum.com\\\/sistema\\\/wp-content\\\/uploads\\\/2020\\\/04\\\/proyectum-logo-snippet.png\",\"contentUrl\":\"https:\\\/\\\/www.proyectum.com\\\/sistema\\\/wp-content\\\/uploads\\\/2020\\\/04\\\/proyectum-logo-snippet.png\",\"width\":600,\"height\":315,\"caption\":\"Proyectum\"},\"image\":{\"@id\":\"https:\\\/\\\/proyectum.com\\\/sistema\\\/#\\\/schema\\\/logo\\\/image\\\/\"},\"sameAs\":[\"https:\\\/\\\/www.facebook.com\\\/proyectum\\\/\",\"https:\\\/\\\/www.linkedin.com\\\/company\\\/sistemaproyectum\\\/\",\"https:\\\/\\\/www.youtube.com\\\/channel\\\/UCljouWimyhK_cNcC2jniUgw\"]},{\"@type\":\"Person\",\"@id\":\"https:\\\/\\\/proyectum.com\\\/sistema\\\/#\\\/schema\\\/person\\\/d31dc858cdc64bb094f97de74c958a16\",\"name\":\"Jorge Vald\u00e9s Garciatorres\",\"image\":{\"@type\":\"ImageObject\",\"inLanguage\":\"es\",\"@id\":\"https:\\\/\\\/secure.gravatar.com\\\/avatar\\\/d8c545fb11684f0c20963dba484f2d994a1b6fad92d26f108a8188f16c288d78?s=96&d=mm&r=g\",\"url\":\"https:\\\/\\\/secure.gravatar.com\\\/avatar\\\/d8c545fb11684f0c20963dba484f2d994a1b6fad92d26f108a8188f16c288d78?s=96&d=mm&r=g\",\"contentUrl\":\"https:\\\/\\\/secure.gravatar.com\\\/avatar\\\/d8c545fb11684f0c20963dba484f2d994a1b6fad92d26f108a8188f16c288d78?s=96&d=mm&r=g\",\"caption\":\"Jorge Vald\u00e9s Garciatorres\"},\"description\":\"Jorge es autor del libro \\\"El Camino hacia la PMO \u00c1gil\\\". Es Coautor de un modelo sist\u00e9mico para la evaluaci\u00f3n y mejora del Ecosistema Organizacional de Direcci\u00f3n de de Proyectos. Ha sido consultor, instructor y facilitador desde 2005 en temas relacionados con Estrategia, Direcci\u00f3n de Proyectos y Optimizaci\u00f3n de Procesos de Negocio. Igualmente es contador de historias y frecuentemente participa en diversos foros, compartiendo sus reflexiones. Jorge es miembro de importantes organizaciones como el PMI y el NTL Institute. Adem\u00e1s, cuenta con varias certificaciones como la de PMP, Systems Thinking, Agile Leadership, entre muchas otras.\",\"sameAs\":[\"https:\\\/\\\/www.linkedin.com\\\/in\\\/jorgevaldex\\\/\"],\"url\":\"https:\\\/\\\/proyectum.com\\\/sistema\\\/author\\\/jvaldex\\\/\"}]}<\/script>\n<!-- \/ Yoast SEO plugin. -->","yoast_head_json":{"title":"\"No hay sistemas ah\u00ed fuera\u201d Falso - Proyectum","description":"Por: Derek &amp; Laura Cabrera Traducido y adaptado por: Jorge Vald\u00e9s Garciatorres \"El enga\u00f1o fundamental de la humanidad es suponer que yo estoy aqu\u00ed y","robots":{"index":"index","follow":"follow","max-snippet":"max-snippet:-1","max-image-preview":"max-image-preview:large","max-video-preview":"max-video-preview:-1"},"canonical":"https:\/\/proyectum.com\/sistema\/blog\/no-hay-sistemas-ahi-fuera-falso\/","og_locale":"es_ES","og_type":"article","og_title":"\"No hay sistemas ah\u00ed fuera\u201d Falso - Proyectum","og_description":"Por: Derek &amp; Laura Cabrera Traducido y adaptado por: Jorge Vald\u00e9s Garciatorres \"El enga\u00f1o fundamental de la humanidad es suponer que yo estoy aqu\u00ed y","og_url":"https:\/\/proyectum.com\/sistema\/blog\/no-hay-sistemas-ahi-fuera-falso\/","og_site_name":"Proyectum","article_publisher":"https:\/\/www.facebook.com\/proyectum\/","article_published_time":"2022-01-04T14:57:24+00:00","og_image":[{"width":1700,"height":1243,"url":"https:\/\/proyectum.com\/sistema\/wp-content\/uploads\/2022\/01\/No-hay-sistemas.jpg","type":"image\/jpeg"}],"author":"Jorge Vald\u00e9s Garciatorres","twitter_card":"summary_large_image","twitter_misc":{"Escrito por":"Jorge Vald\u00e9s Garciatorres","Tiempo de lectura":"7 minutos"},"schema":{"@context":"https:\/\/schema.org","@graph":[{"@type":"Article","@id":"https:\/\/proyectum.com\/sistema\/blog\/no-hay-sistemas-ahi-fuera-falso\/#article","isPartOf":{"@id":"https:\/\/proyectum.com\/sistema\/blog\/no-hay-sistemas-ahi-fuera-falso\/"},"author":{"name":"Jorge Vald\u00e9s Garciatorres","@id":"https:\/\/proyectum.com\/sistema\/#\/schema\/person\/d31dc858cdc64bb094f97de74c958a16"},"headline":"\u00abNo hay sistemas ah\u00ed fuera\u201d Falso","datePublished":"2022-01-04T14:57:24+00:00","mainEntityOfPage":{"@id":"https:\/\/proyectum.com\/sistema\/blog\/no-hay-sistemas-ahi-fuera-falso\/"},"wordCount":1468,"publisher":{"@id":"https:\/\/proyectum.com\/sistema\/#organization"},"image":{"@id":"https:\/\/proyectum.com\/sistema\/blog\/no-hay-sistemas-ahi-fuera-falso\/#primaryimage"},"thumbnailUrl":"https:\/\/proyectum.com\/sistema\/wp-content\/uploads\/2022\/01\/No-hay-sistemas.jpg","keywords":["No hay sistemas","No hay sistemas ah\u00ed fuera"],"articleSection":["Pensamiento sist\u00e9mico"],"inLanguage":"es"},{"@type":"WebPage","@id":"https:\/\/proyectum.com\/sistema\/blog\/no-hay-sistemas-ahi-fuera-falso\/","url":"https:\/\/proyectum.com\/sistema\/blog\/no-hay-sistemas-ahi-fuera-falso\/","name":"\"No hay sistemas ah\u00ed fuera\u201d Falso - Proyectum","isPartOf":{"@id":"https:\/\/proyectum.com\/sistema\/#website"},"primaryImageOfPage":{"@id":"https:\/\/proyectum.com\/sistema\/blog\/no-hay-sistemas-ahi-fuera-falso\/#primaryimage"},"image":{"@id":"https:\/\/proyectum.com\/sistema\/blog\/no-hay-sistemas-ahi-fuera-falso\/#primaryimage"},"thumbnailUrl":"https:\/\/proyectum.com\/sistema\/wp-content\/uploads\/2022\/01\/No-hay-sistemas.jpg","datePublished":"2022-01-04T14:57:24+00:00","description":"Por: Derek &amp; Laura Cabrera Traducido y adaptado por: Jorge Vald\u00e9s Garciatorres \"El enga\u00f1o fundamental de la humanidad es suponer que yo estoy aqu\u00ed y","breadcrumb":{"@id":"https:\/\/proyectum.com\/sistema\/blog\/no-hay-sistemas-ahi-fuera-falso\/#breadcrumb"},"inLanguage":"es","potentialAction":[{"@type":"ReadAction","target":["https:\/\/proyectum.com\/sistema\/blog\/no-hay-sistemas-ahi-fuera-falso\/"]}]},{"@type":"ImageObject","inLanguage":"es","@id":"https:\/\/proyectum.com\/sistema\/blog\/no-hay-sistemas-ahi-fuera-falso\/#primaryimage","url":"https:\/\/proyectum.com\/sistema\/wp-content\/uploads\/2022\/01\/No-hay-sistemas.jpg","contentUrl":"https:\/\/proyectum.com\/sistema\/wp-content\/uploads\/2022\/01\/No-hay-sistemas.jpg","width":1700,"height":1243,"caption":"No hay sistemas"},{"@type":"BreadcrumbList","@id":"https:\/\/proyectum.com\/sistema\/blog\/no-hay-sistemas-ahi-fuera-falso\/#breadcrumb","itemListElement":[{"@type":"ListItem","position":1,"name":"Home","item":"https:\/\/proyectum.com\/sistema\/"},{"@type":"ListItem","position":2,"name":"&#8220;No hay sistemas ah\u00ed fuera\u201d Falso"}]},{"@type":"WebSite","@id":"https:\/\/proyectum.com\/sistema\/#website","url":"https:\/\/proyectum.com\/sistema\/","name":"Proyectum","description":"Direcci\u00f3n de Proyectos y M\u00e9todos \u00c1giles","publisher":{"@id":"https:\/\/proyectum.com\/sistema\/#organization"},"potentialAction":[{"@type":"SearchAction","target":{"@type":"EntryPoint","urlTemplate":"https:\/\/proyectum.com\/sistema\/?s={search_term_string}"},"query-input":{"@type":"PropertyValueSpecification","valueRequired":true,"valueName":"search_term_string"}}],"inLanguage":"es"},{"@type":"Organization","@id":"https:\/\/proyectum.com\/sistema\/#organization","name":"Proyectum","url":"https:\/\/proyectum.com\/sistema\/","logo":{"@type":"ImageObject","inLanguage":"es","@id":"https:\/\/proyectum.com\/sistema\/#\/schema\/logo\/image\/","url":"https:\/\/www.proyectum.com\/sistema\/wp-content\/uploads\/2020\/04\/proyectum-logo-snippet.png","contentUrl":"https:\/\/www.proyectum.com\/sistema\/wp-content\/uploads\/2020\/04\/proyectum-logo-snippet.png","width":600,"height":315,"caption":"Proyectum"},"image":{"@id":"https:\/\/proyectum.com\/sistema\/#\/schema\/logo\/image\/"},"sameAs":["https:\/\/www.facebook.com\/proyectum\/","https:\/\/www.linkedin.com\/company\/sistemaproyectum\/","https:\/\/www.youtube.com\/channel\/UCljouWimyhK_cNcC2jniUgw"]},{"@type":"Person","@id":"https:\/\/proyectum.com\/sistema\/#\/schema\/person\/d31dc858cdc64bb094f97de74c958a16","name":"Jorge Vald\u00e9s Garciatorres","image":{"@type":"ImageObject","inLanguage":"es","@id":"https:\/\/secure.gravatar.com\/avatar\/d8c545fb11684f0c20963dba484f2d994a1b6fad92d26f108a8188f16c288d78?s=96&d=mm&r=g","url":"https:\/\/secure.gravatar.com\/avatar\/d8c545fb11684f0c20963dba484f2d994a1b6fad92d26f108a8188f16c288d78?s=96&d=mm&r=g","contentUrl":"https:\/\/secure.gravatar.com\/avatar\/d8c545fb11684f0c20963dba484f2d994a1b6fad92d26f108a8188f16c288d78?s=96&d=mm&r=g","caption":"Jorge Vald\u00e9s Garciatorres"},"description":"Jorge es autor del libro \"El Camino hacia la PMO \u00c1gil\". Es Coautor de un modelo sist\u00e9mico para la evaluaci\u00f3n y mejora del Ecosistema Organizacional de Direcci\u00f3n de de Proyectos. Ha sido consultor, instructor y facilitador desde 2005 en temas relacionados con Estrategia, Direcci\u00f3n de Proyectos y Optimizaci\u00f3n de Procesos de Negocio. Igualmente es contador de historias y frecuentemente participa en diversos foros, compartiendo sus reflexiones. Jorge es miembro de importantes organizaciones como el PMI y el NTL Institute. Adem\u00e1s, cuenta con varias certificaciones como la de PMP, Systems Thinking, Agile Leadership, entre muchas otras.","sameAs":["https:\/\/www.linkedin.com\/in\/jorgevaldex\/"],"url":"https:\/\/proyectum.com\/sistema\/author\/jvaldex\/"}]}},"_links":{"self":[{"href":"https:\/\/proyectum.com\/sistema\/wp-json\/wp\/v2\/posts\/9904","targetHints":{"allow":["GET"]}}],"collection":[{"href":"https:\/\/proyectum.com\/sistema\/wp-json\/wp\/v2\/posts"}],"about":[{"href":"https:\/\/proyectum.com\/sistema\/wp-json\/wp\/v2\/types\/post"}],"author":[{"embeddable":true,"href":"https:\/\/proyectum.com\/sistema\/wp-json\/wp\/v2\/users\/18"}],"replies":[{"embeddable":true,"href":"https:\/\/proyectum.com\/sistema\/wp-json\/wp\/v2\/comments?post=9904"}],"version-history":[{"count":0,"href":"https:\/\/proyectum.com\/sistema\/wp-json\/wp\/v2\/posts\/9904\/revisions"}],"wp:featuredmedia":[{"embeddable":true,"href":"https:\/\/proyectum.com\/sistema\/wp-json\/wp\/v2\/media\/9906"}],"wp:attachment":[{"href":"https:\/\/proyectum.com\/sistema\/wp-json\/wp\/v2\/media?parent=9904"}],"wp:term":[{"taxonomy":"category","embeddable":true,"href":"https:\/\/proyectum.com\/sistema\/wp-json\/wp\/v2\/categories?post=9904"},{"taxonomy":"post_tag","embeddable":true,"href":"https:\/\/proyectum.com\/sistema\/wp-json\/wp\/v2\/tags?post=9904"}],"curies":[{"name":"wp","href":"https:\/\/api.w.org\/{rel}","templated":true}]}}